{"id":9891,"date":"2018-11-08T11:25:35","date_gmt":"2018-11-08T10:25:35","guid":{"rendered":"https:\/\/www.labunie.com.pl\/?p=9891"},"modified":"2018-11-08T12:52:43","modified_gmt":"2018-11-08T11:52:43","slug":"po-trzykroc-niepodlegla-2","status":"publish","type":"post","link":"https:\/\/www.labunie.com.pl\/?p=9891","title":{"rendered":"Po trzykro\u0107 Niepodleg\u0142a"},"content":{"rendered":"<p><strong>W\u00f3jt Gminy \u0141abunie zaprasza do udzia\u0142u w gminnych uroczysto\u015bciach po\u015bwi\u0119conych 100-leciu odzyskania przez Polsk\u0119 niepodleg\u0142o\u015bci.<\/strong><\/p>\n<p><!--more--><br \/>\n&nbsp;<br \/>\n&nbsp;<br \/>\n&nbsp;<br \/>\n&nbsp;<\/p>\n<p style=\"text-align: center;\"><span style=\"text-decoration: underline;\"><em><strong>Program:<\/strong><\/em><\/span><\/p>\n<p>&nbsp;<\/p>\n<p style=\"text-align: center;\"><span style=\"color: #ff0000; font-size: 14pt;\"><strong>10 listopada 2018 r.<\/strong><\/span><\/p>\n<p>&nbsp;<\/p>\n<ul>\n<li><strong>godz. 9.00<\/strong> <em>VI Rajd Pieszy KIERUNEK: WZG\u00d3RZE 256 Cze\u015bniki \u2013 Br\u00f3dek \u2013 Barchacz\u00f3w<\/em>.<br \/>\nUczestnicy rajdu z\u0142o\u017c\u0105 kwiaty i zapal\u0105 znicze w Miejscach Pami\u0119ci na trasie rajdu: Cze\u015bniki \u2013 pomnik, Br\u00f3dek \u2013 pomnik, Las \u0141abu\u0144ski \u2013 mogi\u0142a Nieznanego \u017bo\u0142nierza, Barchacz\u00f3w \u2013 pomnik, kopiec, kaplica. Na Wzg\u00f3rzu 256 zostan\u0105 odczytane nazwiska wszystkich znanych Organizatorom oficer\u00f3w walcz\u0105cych w boju pod Barchaczowem. Na mecie zaplanowano ognisko, konkurs piosenki patriotycznej i wiedzy o Niepodleg\u0142ej, zwiedzanie Izby Muzealnej. Uczestnictwo jest bezp\u0142atne. Zapisy do 6 listopada tel. 84 611 60 24 lub 500 237 427 &#8211; so\u0142tys El\u017cbieta Ku\u017ama.<\/li>\n<\/ul>\n<p>&nbsp;<\/p>\n<table style=\"width: 630 px; border-collapse: collapse;\" border=\"0\">\n<tbody>\n<tr>\n<td style=\"width: 56.5px;\"><a href=\"https:\/\/www.labunie.com.pl\/wp-content\/uploads\/2018\/10\/regulamin_rajdu_2018.pdf\"><img loading=\"lazy\" decoding=\"async\" class=\"aligncenter size-full wp-image-1477\" src=\"https:\/\/www.labunie.com.pl\/wp-content\/uploads\/2015\/07\/pdf.png\" alt=\"\" width=\"50\" height=\"50\" \/><\/a><\/td>\n<td style=\"width: 188.5px;\"><a href=\"https:\/\/www.labunie.com.pl\/wp-content\/uploads\/2018\/10\/regulamin_rajdu_2018.pdf\">Regulamin rajdu<\/a><\/td>\n<\/tr>\n<\/tbody>\n<\/table>\n<p>&nbsp;<\/p>\n<p style=\"text-align: center;\"><a href=\"https:\/\/www.labunie.com.pl\/wp-content\/uploads\/2015\/11\/pasek630s.png\" data-rel=\"lightbox-gallery-UC7UUs4s\" data-rl_title=\"\" data-rl_caption=\"\" title=\"\"><img loading=\"lazy\" decoding=\"async\" class=\"aligncenter size-full wp-image-2314\" src=\"https:\/\/www.labunie.com.pl\/wp-content\/uploads\/2015\/11\/pasek630s.png\" alt=\"\" width=\"630\" height=\"15\" srcset=\"https:\/\/www.labunie.com.pl\/wp-content\/uploads\/2015\/11\/pasek630s.png 630w, https:\/\/www.labunie.com.pl\/wp-content\/uploads\/2015\/11\/pasek630s-300x7.png 300w\" sizes=\"auto, (max-width: 630px) 100vw, 630px\" \/><\/a><\/p>\n<p style=\"text-align: center;\"><span style=\"color: #ff0000;\"><strong><span style=\"font-size: 14pt;\">11 listopada 2018 r.<\/span><\/strong><\/span><\/p>\n<p>&nbsp;<\/p>\n<ul>\n<li style=\"list-style-type: none;\">\n<ul>\n<li style=\"text-align: left;\"><strong>godz. 10.00<\/strong> Msza \u015aw. w Ko\u015bciele Parafialnym w \u0141abuniach, z\u0142o\u017cenie wie\u0144c\u00f3w przy tablicach w ko\u015bciele i przemarsz poczt\u00f3w sztandarowych na cmentarz parafialny w \u0141abuniach.<\/li>\n<\/ul>\n<\/li>\n<\/ul>\n<p>&nbsp;<\/p>\n<ul>\n<li style=\"list-style-type: none;\">\n<ul>\n<li style=\"text-align: left;\"><strong>godz. 12.00<\/strong> uroczyste od\u015bpiewanie Hymnu Polski w ramach akcji <em>\u201eNiepodleg\u0142a do Hymnu\u201d<\/em>, ods\u0142oni\u0119cie i po\u015bwi\u0119cenie tablicy upami\u0119tniaj\u0105cej Jubileusz 100-lecia Niepodleg\u0142o\u015bci Polski &#8211; cmentarz wojenny z I wojny \u015bw. w \u0141abu\u0144kach Pierwszych<\/li>\n<\/ul>\n<\/li>\n<\/ul>\n<p>&nbsp;<\/p>\n<ul>\n<li style=\"list-style-type: none;\">\n<ul>\n<li style=\"text-align: left;\"><strong>godz. 14.00<\/strong> <em>Bieg Niepodleg\u0142o\u015bci<\/em> ze wsp\u00f3lnego startu dla dzieci, m\u0142odzie\u017cy i doros\u0142ych na dystansie 1918 m. Start\/meta \u0141abu\u0144ki Pierwsze-Stara Wie\u015b \u2013 cerkwisko.<br \/>\nOrganizatorzy sugeruj\u0105 ubi\u00f3r w barwach narodowych. Udzia\u0142 w biegu jest bezp\u0142atny. Uczestnicy otrzymaj\u0105 pami\u0105tkowe medale. Zwyci\u0119zcy statuetki i drobne nagrody rzeczowe. Na mecie na uczestnik\u00f3w czeka\u0107 b\u0119dzie ciep\u0142y posi\u0142ek. Zapisy do 6 listopada tel. 84 611 60 24 lub Animatorzy sportu &#8220;Orlik&#8221;.<\/p>\n<table style=\"width: 630 px; border-collapse: collapse;\" border=\"0\">\n<tbody>\n<tr>\n<td style=\"width: 61px;\"><a href=\"https:\/\/www.labunie.com.pl\/wp-content\/uploads\/2018\/10\/regulamin_biegu_2018.pdf\"><img loading=\"lazy\" decoding=\"async\" class=\"aligncenter size-full wp-image-1477\" src=\"https:\/\/www.labunie.com.pl\/wp-content\/uploads\/2015\/07\/pdf.png\" alt=\"\" width=\"50\" height=\"50\" \/><\/a><\/td>\n<td style=\"width: 189px;\"><a href=\"https:\/\/www.labunie.com.pl\/wp-content\/uploads\/2018\/10\/regulamin_biegu_2018.pdf\">Regulamin biegu<\/a><\/td>\n<\/tr>\n<tr>\n<td style=\"width: 61px;\"><a href=\"https:\/\/www.labunie.com.pl\/wp-content\/uploads\/2018\/10\/zgoda_rodzicow_bieg_2018.pdf\"><img loading=\"lazy\" decoding=\"async\" class=\"aligncenter size-full wp-image-1477\" src=\"https:\/\/www.labunie.com.pl\/wp-content\/uploads\/2015\/07\/pdf.png\" alt=\"\" width=\"50\" height=\"50\" \/><\/a><\/td>\n<td style=\"width: 189px;\"><a href=\"https:\/\/www.labunie.com.pl\/wp-content\/uploads\/2018\/10\/zgoda_rodzicow_bieg_2018.pdf\">Zgoda rodzica<\/a><\/td>\n<\/tr>\n<tr>\n<td style=\"width: 61px;\"><a href=\"https:\/\/www.labunie.com.pl\/wp-content\/uploads\/2018\/10\/zgoda_uczestnika_bieg_2018.pdf\"><img loading=\"lazy\" decoding=\"async\" class=\"aligncenter size-full wp-image-1477\" src=\"https:\/\/www.labunie.com.pl\/wp-content\/uploads\/2015\/07\/pdf.png\" alt=\"\" width=\"50\" height=\"50\" \/><\/a><\/td>\n<td style=\"width: 189px;\"><a href=\"https:\/\/www.labunie.com.pl\/wp-content\/uploads\/2018\/10\/zgoda_uczestnika_bieg_2018.pdf\">Zgoda uczestnika<\/a><\/td>\n<\/tr>\n<\/tbody>\n<\/table>\n<\/li>\n<\/ul>\n<\/li>\n<\/ul>\n<p>&nbsp;<\/p>\n<ul>\n<li><strong>godz. 16.00<\/strong> <em>VII Gminny Przegl\u0105d Pie\u015bni \u017bo\u0142nierskiej<\/em>, \u015bwietlica wiejska w Barchaczowie.<br \/>\nJu\u017c po raz si\u00f3dmy Barchacz\u00f3w rozbrzmiewa\u0107 b\u0119dzie pie\u015bni\u0105 patriotyczn\u0105, legionow\u0105 i \u017co\u0142niersk\u0105. W Przegl\u0105dzie mog\u0105 wzi\u0105\u0107 udzia\u0142 soli\u015bci oraz zespo\u0142y muzyczne dzia\u0142aj\u0105ce przy szko\u0142ach podstawowych, gimnazjach, szko\u0142ach ponadgimnazjalnych oraz osoby zainteresowane, zespo\u0142y \u015bpiewacze K\u00f3\u0142 Gospody\u0144 Wiejskich. Wszyscy wykonawcy przygotowuj\u0105 dwa utwory. Zg\u0142oszenia zespo\u0142\u00f3w, solist\u00f3w do 6 listopada pod numerem tel. 500 237 427 &#8211; so\u0142tys El\u017cbieta Ku\u017ama. Wszyscy uczestnicy otrzymuj\u0105 statuetk\u0119 z podzi\u0119kowaniem W\u00f3jta Gminy \u0141abunie. Organizatorzy zapraszaj\u0105 do wsp\u00f3lnego \u015bpiewania popularnej pie\u015bni\/piosenki (co roku innej), na wystaw\u0119 plakat\u00f3w o tematyce niepodleg\u0142o\u015bciowej uczni\u00f3w ze Szko\u0142y Podstawowej w \u0141abu\u0144kach Pierwszych, a po przegl\u0105dzie na s\u0142odki pocz\u0119stunek, kaw\u0119, herbat\u0119 i snucie wspomnie\u0144. Przegl\u0105d jest okazj\u0105 do spotka\u0144 mi\u0119dzypokoleniowych i zwiedzania pobliskiej Izby Muzealnej w Barchaczowie.<\/li>\n<\/ul>\n<p>&nbsp;<\/p>\n<p style=\"text-align: center;\"><em><strong>Polecamy chwil\u0119 zadumy nad histori\u0105 Ziemi \u0141abu\u0144skiej!<\/strong><\/em><\/p>\n<p><span style=\"font-size: 10pt;\"><span style=\"text-decoration: underline;\">Patronat uroczysto\u015bci:<\/span> W\u00f3jt Gminy \u0141abunie<\/span><br \/>\n<span style=\"font-size: 10pt;\"><span style=\"text-decoration: underline;\">Patronat medialny:<\/span> Katolickie Radio Zamo\u015b\u0107, Nowy Kurier Zamojski<\/span><br \/>\n<span style=\"font-size: 10pt;\"><span style=\"text-decoration: underline;\">Organizatorzy:<\/span> Referat Promocji i Rozwoju Gminy, Proboszcz Parafii \u0141abunie, Biblioteka Publiczna Gminy \u0141abunie, KGW Barchacz\u00f3w, KGW \u0141abu\u0144ki Pierwsze, OSP Barchacz\u00f3w, OSP \u0141abu\u0144ki, Rada So\u0142ecka w Barchaczowie i \u0141abu\u0144kach Pierwszych.<\/span><\/p>\n","protected":false},"excerpt":{"rendered":"<p>W\u00f3jt Gminy \u0141abunie zaprasza do udzia\u0142u w gminnych uroczysto\u015bciach po\u015bwi\u0119conych 100-leciu odzyskania przez Polsk\u0119 niepodleg\u0142o\u015bci.<\/p>\n","protected":false},"author":7,"featured_media":4446,"comment_status":"closed","ping_status":"closed","sticky":false,"template":"","format":"standard","meta":{"footnotes":""},"categories":[1],"tags":[],"class_list":["post-9891","post","type-post","status-publish","format-standard","has-post-thumbnail","hentry","category-wpisy","clearfix"],"_links":{"self":[{"href":"https:\/\/www.labunie.com.pl\/index.php?rest_route=\/wp\/v2\/posts\/9891","targetHints":{"allow":["GET"]}}],"collection":[{"href":"https:\/\/www.labunie.com.pl\/index.php?rest_route=\/wp\/v2\/posts"}],"about":[{"href":"https:\/\/www.labunie.com.pl\/index.php?rest_route=\/wp\/v2\/types\/post"}],"author":[{"embeddable":true,"href":"https:\/\/www.labunie.com.pl\/index.php?rest_route=\/wp\/v2\/users\/7"}],"replies":[{"embeddable":true,"href":"https:\/\/www.labunie.com.pl\/index.php?rest_route=%2Fwp%2Fv2%2Fcomments&post=9891"}],"version-history":[{"count":5,"href":"https:\/\/www.labunie.com.pl\/index.php?rest_route=\/wp\/v2\/posts\/9891\/revisions"}],"predecessor-version":[{"id":10000,"href":"https:\/\/www.labunie.com.pl\/index.php?rest_route=\/wp\/v2\/posts\/9891\/revisions\/10000"}],"wp:featuredmedia":[{"embeddable":true,"href":"https:\/\/www.labunie.com.pl\/index.php?rest_route=\/wp\/v2\/media\/4446"}],"wp:attachment":[{"href":"https:\/\/www.labunie.com.pl\/index.php?rest_route=%2Fwp%2Fv2%2Fmedia&parent=9891"}],"wp:term":[{"taxonomy":"category","embeddable":true,"href":"https:\/\/www.labunie.com.pl\/index.php?rest_route=%2Fwp%2Fv2%2Fcategories&post=9891"},{"taxonomy":"post_tag","embeddable":true,"href":"https:\/\/www.labunie.com.pl\/index.php?rest_route=%2Fwp%2Fv2%2Ftags&post=9891"}],"curies":[{"name":"wp","href":"https:\/\/api.w.org\/{rel}","templated":true}]}}