{"id":9877,"date":"2018-10-26T10:06:21","date_gmt":"2018-10-26T08:06:21","guid":{"rendered":"https:\/\/www.labunie.com.pl\/?p=9877"},"modified":"2018-10-26T10:06:21","modified_gmt":"2018-10-26T08:06:21","slug":"biznes-lubelskie-2018","status":"publish","type":"post","link":"https:\/\/www.labunie.com.pl\/?p=9877","title":{"rendered":"Biznes Lubelskie 2018"},"content":{"rendered":"<p><strong>Urz\u0105d Marsza\u0142kowski Wojew\u00f3dztwa Lubelskiego informuje o spotkaniu w ramach drugiego cyklu &#8220;Biznes Lubelskie 2018&#8221;. To bezp\u0142atna konferencja z 3 inspiruj\u0105cymi wyk\u0142adami praktyk\u00f3w &#8211; szef\u00f3w firm oraz do\u015bwiadczonych dziennikarzy TV, kt\u00f3rzy b\u0119d\u0105 doradza\u0107 jak osi\u0105ga\u0107 lepsze wyniki w biznesie.<\/strong><\/p>\n<p><!--more--><br \/>\n&nbsp;<br \/>\n&nbsp;<br \/>\nWydarzenie to odb\u0119dzie si\u0119 29 pa\u017adziernika 2018 r. (poniedzia\u0142ek) w Hotelu Artis (Sitaniec 1) w Zamo\u015bciu (rejestracja &#8211; godz. 16:00). Najbli\u017csze spotkanie zorganizowane b\u0119dzie dla dzia\u0142aj\u0105cych w powiecie zamojskim przedsi\u0119biorc\u00f3w, pracodawc\u00f3w i pracownik\u00f3w mikroprzedsi\u0119biorstw, jednostek samorz\u0105du terytorialnego i instytucji otoczenia biznesu.<br \/>\n&nbsp;<br \/>\nPodczas wydarzenia pracownicy UMWL przedstawi\u0105 mo\u017cliwo\u015bci atrakcyjnego wsparcia dzia\u0142alno\u015bci firm, m.in. w zakresie promocji, udzia\u0142u w targach i misjach zagranicznych. Z kolei lokalny przedsi\u0119biorca, Zbigniew Cho\u0142yk \u2013 Prezes Zarz\u0105du LubApple Sp. z o.o. opowie jak odnie\u015b\u0107 sukces w biznesie na Lubelszczy\u017anie. O tym, jak najlepiej zaprezentowa\u0107 swoj\u0105 firm\u0119 i siebie podczas publicznych wyst\u0105pie\u0144, rozm\u00f3w biznesowych i kontakt\u00f3w z mediami poprowadzi Piotr Ku\u015bmierzak \u2013 reporter Polsat News oraz dziennikarz Polsat. Zako\u0144czeniem spotkania jest wsp\u00f3lna kolacja uczestnik\u00f3w z prelegentami, podczas kt\u00f3rej b\u0119dzie mo\u017cna osobi\u015bcie nawi\u0105za\u0107 nowe znajomo\u015bci i pozna\u0107 innych przedstawicieli firm i samorz\u0105d\u00f3w.<br \/>\n&nbsp;<br \/>\nJednocze\u015bnie uprzejmie informujemy, \u017ce dla ka\u017cdego zarejestrowanego uczestnika Organizatorzy przewiduj\u0105 upominek.<br \/>\n&nbsp;<br \/>\nSpotkania &#8220;Biznes Lubelskie 2018&#8221; to konferencje o charakterze szkoleniowo-informacyjnym organizowane we wszystkich powiatach wojew\u00f3dztwa lubelskiego oraz w powiatach grodzkich. W inauguracyjnym cyklu programu, kt\u00f3ry zako\u0144czy\u0142 si\u0119 pe\u0142nym sukcesem w pierwszym p\u00f3\u0142roczu 2018 r., wzi\u0119\u0142o udzia\u0142 1552 przedstawicieli z 1012 firm i instytucji. W\u015br\u00f3d prelegent\u00f3w pierwszego cyklu znale\u017ali si\u0119, m.in. wybitni polscy sportowcy, kt\u00f3rzy opowiadali o motywacji w biznesie.<br \/>\n&nbsp;<br \/>\nGor\u0105co zach\u0119camy do uczestnictwa w spotkaniu. Ilo\u015b\u0107 miejsc jest ograniczona. Udzia\u0142 w spotkaniu jest bezp\u0142atny.<br \/>\n&nbsp;<br \/>\nObowi\u0105zkowa rejestracja na spotkanie odbywa si\u0119 za po\u015brednictwem formularza, kt\u00f3ry znajduje si\u0119 na stronie <a href=\"http:\/\/www.invest.lubelskie.pl\/pl\/biznes-lubelskie-dla-mikroprzedsiebiorcow\">www.invest.lubelskie.pl<\/a><br \/>\n&nbsp;<\/p>\n<p style=\"text-align: right;\"><em>Organizatorzy konferencji &#8220;Biznes Lubelskie&#8221;:<\/em><br \/>\n<em>Cumulus PR Sp. z o.o., Lublin<\/em><br \/>\n<em>Urz\u0105d Marsza\u0142kowski Wojew\u00f3dztwa Lubelskiego<\/em><\/p>\n<p>&nbsp;<br \/>\n&nbsp;<br \/>\nWi\u0119cej informacji: Anna Nieoczym, Cumulus PR, tel. 81 53 445 44, 81 53 444 33<br \/>\n&nbsp;<br \/>\n<a href=\"https:\/\/www.labunie.com.pl\/wp-content\/uploads\/2018\/10\/image001.jpg\" data-rel=\"lightbox-gallery-VAbjP9Tg\" data-rl_title=\"\" data-rl_caption=\"\" title=\"\"><img loading=\"lazy\" decoding=\"async\" class=\"aligncenter  wp-image-9878\" src=\"https:\/\/www.labunie.com.pl\/wp-content\/uploads\/2018\/10\/image001-724x1024.jpg\" alt=\"\" width=\"630\" height=\"891\" srcset=\"https:\/\/www.labunie.com.pl\/wp-content\/uploads\/2018\/10\/image001-724x1024.jpg 724w, https:\/\/www.labunie.com.pl\/wp-content\/uploads\/2018\/10\/image001-212x300.jpg 212w, https:\/\/www.labunie.com.pl\/wp-content\/uploads\/2018\/10\/image001.jpg 756w\" sizes=\"auto, (max-width: 630px) 100vw, 630px\" \/><\/a><\/p>\n","protected":false},"excerpt":{"rendered":"<p>Urz\u0105d Marsza\u0142kowski Wojew\u00f3dztwa Lubelskiego informuje o spotkaniu w ramach drugiego cyklu &#8220;Biznes Lubelskie 2018&#8221;. To bezp\u0142atna konferencja z 3 inspiruj\u0105cymi wyk\u0142adami praktyk\u00f3w &#8211; szef\u00f3w firm oraz do\u015bwiadczonych dziennikarzy TV, kt\u00f3rzy b\u0119d\u0105 doradza\u0107 jak osi\u0105ga\u0107 lepsze wyniki w biznesie.<\/p>\n","protected":false},"author":7,"featured_media":9879,"comment_status":"closed","ping_status":"closed","sticky":false,"template":"","format":"standard","meta":{"footnotes":""},"categories":[1],"tags":[],"class_list":["post-9877","post","type-post","status-publish","format-standard","has-post-thumbnail","hentry","category-wpisy","clearfix"],"_links":{"self":[{"href":"https:\/\/www.labunie.com.pl\/index.php?rest_route=\/wp\/v2\/posts\/9877","targetHints":{"allow":["GET"]}}],"collection":[{"href":"https:\/\/www.labunie.com.pl\/index.php?rest_route=\/wp\/v2\/posts"}],"about":[{"href":"https:\/\/www.labunie.com.pl\/index.php?rest_route=\/wp\/v2\/types\/post"}],"author":[{"embeddable":true,"href":"https:\/\/www.labunie.com.pl\/index.php?rest_route=\/wp\/v2\/users\/7"}],"replies":[{"embeddable":true,"href":"https:\/\/www.labunie.com.pl\/index.php?rest_route=%2Fwp%2Fv2%2Fcomments&post=9877"}],"version-history":[{"count":2,"href":"https:\/\/www.labunie.com.pl\/index.php?rest_route=\/wp\/v2\/posts\/9877\/revisions"}],"predecessor-version":[{"id":9881,"href":"https:\/\/www.labunie.com.pl\/index.php?rest_route=\/wp\/v2\/posts\/9877\/revisions\/9881"}],"wp:featuredmedia":[{"embeddable":true,"href":"https:\/\/www.labunie.com.pl\/index.php?rest_route=\/wp\/v2\/media\/9879"}],"wp:attachment":[{"href":"https:\/\/www.labunie.com.pl\/index.php?rest_route=%2Fwp%2Fv2%2Fmedia&parent=9877"}],"wp:term":[{"taxonomy":"category","embeddable":true,"href":"https:\/\/www.labunie.com.pl\/index.php?rest_route=%2Fwp%2Fv2%2Fcategories&post=9877"},{"taxonomy":"post_tag","embeddable":true,"href":"https:\/\/www.labunie.com.pl\/index.php?rest_route=%2Fwp%2Fv2%2Ftags&post=9877"}],"curies":[{"name":"wp","href":"https:\/\/api.w.org\/{rel}","templated":true}]}}