{"id":9826,"date":"2018-10-18T14:46:44","date_gmt":"2018-10-18T12:46:44","guid":{"rendered":"https:\/\/www.labunie.com.pl\/?p=9826"},"modified":"2018-10-18T14:46:44","modified_gmt":"2018-10-18T12:46:44","slug":"harmonogram-dyzurow-gminnej-komisji-wyborczej-w-labuniach","status":"publish","type":"post","link":"https:\/\/www.labunie.com.pl\/?p=9826","title":{"rendered":"Harmonogram dy\u017cur\u00f3w Gminnej Komisji Wyborczej w \u0141abuniach"},"content":{"rendered":"<p><strong>W dniu 20 pa\u017adziernika &#8211; od godz. 8:00 do godz. 14:00.<\/strong><br \/>\n&nbsp;<br \/>\n<strong>W dniu 21 pa\u017adziernika &#8211; od godz. 7:00 do czasu uzyskania potwierdzenia od Komisarza Wyborczego w Zamo\u015bciu I, \u017ce przekazane protoko\u0142y z wynik\u00f3w g\u0142osowania i wynik\u00f3w wybor\u00f3w do rady gminy i w\u00f3jta gminy sporz\u0105dzono prawid\u0142owo.<\/strong><\/p>\n<p><!--more--><br \/>\n&nbsp;<br \/>\nKomisja dy\u017cury b\u0119dzie pe\u0142ni\u0107 w swojej siedzibie &#8211; Urz\u0105d Gminy \u0141abunie, ul. Zamojska 50, pok. nr 4.<br \/>\n&nbsp;<br \/>\n<span style=\"text-decoration: underline;\">Tel.:<\/span><br \/>\nPrzewodnicz\u0105cy GKW &#8211; Krzysztof Godzisz &#8211; 794 080 604<br \/>\nZ-ca Przewodnicz\u0105cego GKW &#8211; Monika Dziemba &#8211; 511 245 645<\/p>\n<p style=\"text-align: right;\"><em>Przewodnicz\u0105cy<\/em><br \/>\n<em>Gminnej Komisji Wyborczej<\/em><br \/>\n<em>(\u2013) Krzysztof Godzisz<\/em><\/p>\n<p>&nbsp;<\/p>\n<table style=\"width: 630 px; border-collapse: collapse;\" border=\"0\">\n<tbody>\n<tr>\n<td style=\"width: 7.64543%;\"><a href=\"https:\/\/www.labunie.com.pl\/wp-content\/uploads\/2018\/10\/Harmonogram-dy\u017cur\u00f3w-Gminnej-Komisji-Wyborczej-w-\u0141abuniach.pdf\"><img loading=\"lazy\" decoding=\"async\" class=\"size-full wp-image-1477 alignleft\" src=\"https:\/\/www.labunie.com.pl\/wp-content\/uploads\/2015\/07\/pdf.png\" alt=\"\" width=\"50\" height=\"50\" \/><\/a><\/td>\n<td style=\"width: 92.3546%;\"><a href=\"https:\/\/www.labunie.com.pl\/wp-content\/uploads\/2018\/10\/Harmonogram-dy\u017cur\u00f3w-Gminnej-Komisji-Wyborczej-w-\u0141abuniach.pdf\">Harmonogram dy\u017cur\u00f3w Gminnej Komisji Wyborczej w \u0141abuniach<\/a><\/td>\n<\/tr>\n<\/tbody>\n<\/table>\n","protected":false},"excerpt":{"rendered":"<p>W dniu 20 pa\u017adziernika &#8211; od godz. 8:00 do godz. 14:00. &nbsp; W dniu 21 pa\u017adziernika &#8211; od godz. 7:00 do czasu uzyskania potwierdzenia od Komisarza Wyborczego w Zamo\u015bciu I, \u017ce przekazane protoko\u0142y z wynik\u00f3w g\u0142osowania i wynik\u00f3w wybor\u00f3w do rady gminy i w\u00f3jta gminy sporz\u0105dzono prawid\u0142owo.<\/p>\n","protected":false},"author":7,"featured_media":1161,"comment_status":"closed","ping_status":"closed","sticky":false,"template":"","format":"standard","meta":{"footnotes":""},"categories":[1],"tags":[],"class_list":["post-9826","post","type-post","status-publish","format-standard","has-post-thumbnail","hentry","category-wpisy","clearfix"],"_links":{"self":[{"href":"https:\/\/www.labunie.com.pl\/index.php?rest_route=\/wp\/v2\/posts\/9826","targetHints":{"allow":["GET"]}}],"collection":[{"href":"https:\/\/www.labunie.com.pl\/index.php?rest_route=\/wp\/v2\/posts"}],"about":[{"href":"https:\/\/www.labunie.com.pl\/index.php?rest_route=\/wp\/v2\/types\/post"}],"author":[{"embeddable":true,"href":"https:\/\/www.labunie.com.pl\/index.php?rest_route=\/wp\/v2\/users\/7"}],"replies":[{"embeddable":true,"href":"https:\/\/www.labunie.com.pl\/index.php?rest_route=%2Fwp%2Fv2%2Fcomments&post=9826"}],"version-history":[{"count":3,"href":"https:\/\/www.labunie.com.pl\/index.php?rest_route=\/wp\/v2\/posts\/9826\/revisions"}],"predecessor-version":[{"id":9830,"href":"https:\/\/www.labunie.com.pl\/index.php?rest_route=\/wp\/v2\/posts\/9826\/revisions\/9830"}],"wp:featuredmedia":[{"embeddable":true,"href":"https:\/\/www.labunie.com.pl\/index.php?rest_route=\/wp\/v2\/media\/1161"}],"wp:attachment":[{"href":"https:\/\/www.labunie.com.pl\/index.php?rest_route=%2Fwp%2Fv2%2Fmedia&parent=9826"}],"wp:term":[{"taxonomy":"category","embeddable":true,"href":"https:\/\/www.labunie.com.pl\/index.php?rest_route=%2Fwp%2Fv2%2Fcategories&post=9826"},{"taxonomy":"post_tag","embeddable":true,"href":"https:\/\/www.labunie.com.pl\/index.php?rest_route=%2Fwp%2Fv2%2Ftags&post=9826"}],"curies":[{"name":"wp","href":"https:\/\/api.w.org\/{rel}","templated":true}]}}