{"id":9733,"date":"2018-10-10T10:01:31","date_gmt":"2018-10-10T08:01:31","guid":{"rendered":"https:\/\/www.labunie.com.pl\/?p=9733"},"modified":"2018-10-10T10:01:31","modified_gmt":"2018-10-10T08:01:31","slug":"informacja-44","status":"publish","type":"post","link":"https:\/\/www.labunie.com.pl\/?p=9733","title":{"rendered":"Informacja"},"content":{"rendered":"<p><strong>W dniu 9 pa\u017adziernika Obwodowe Komisje Wyborcze powo\u0142ane do przeprowadzenia wybor\u00f3w do rad gmin, rad powiat\u00f3w, sejmik\u00f3w wojew\u00f3dztw i rad dzielnic m.st. Warszawy oraz wybor\u00f3w w\u00f3jt\u00f3w, burmistrz\u00f3w i prezydent\u00f3w miast zarz\u0105dzonych na dzie\u0144 21 pa\u017adziernika 2018 r. ukonstytuowa\u0142y si\u0119 w nast\u0119puj\u0105cych sk\u0142adach osobowych:<\/strong><\/p>\n<p><!--more--><br \/>\n&nbsp;<br \/>\n&nbsp;<\/p>\n<p style=\"text-align: center;\"><strong>Obwodowa Komisja Wyborcza ds. przeprowadzenia g\u0142osowania<br \/>\nnr 1 w Barchaczowie<\/strong><\/p>\n<p>Antoszak Malwina &#8211; Przewodnicz\u0105cy<br \/>\nSoko\u0142owska Joanna &#8211; Z-ca Przewodnicz\u0105cego<br \/>\nBratko Mariola &#8211; Cz\u0142onek<br \/>\nKosak Barbara Lucyna &#8211; Cz\u0142onek<br \/>\nKrupa El\u017cbieta Maria &#8211; Cz\u0142onek<br \/>\nPacaj Angelika Paulina &#8211; Cz\u0142onek<br \/>\nW\u0119c\u0142ak Karolina &#8211; Cz\u0142onek<br \/>\nW\u00f3jcik Hubert &#8211; Cz\u0142onek<br \/>\nWudniak Olga &#8211; Cz\u0142onek<br \/>\n&nbsp;<br \/>\n&nbsp;<\/p>\n<p style=\"text-align: center;\"><strong>Obwodowa Komisja Wyborcza ds. ustalenia wynik\u00f3w g\u0142osowania<br \/>\nnr 1 w Barchaczowie<\/strong><\/p>\n<p>Granda El\u017cbieta Ma\u0142gorzata &#8211; Przewodnicz\u0105cy<br \/>\nMikulska Ma\u0142gorzata &#8211; Z-ca Przewodnicz\u0105cego<br \/>\nAlbingier Kamil &#8211; Cz\u0142onek<br \/>\nHalej Mariusz &#8211; Cz\u0142onek<br \/>\nPacaj Aneta Teresa &#8211; Cz\u0142onek<br \/>\nPiela Aleksandra &#8211; Cz\u0142onek<br \/>\nSoba\u0144 Justyna &#8211; Cz\u0142onek<br \/>\nWilczy\u0144ska Agnieszka &#8211; Cz\u0142onek<br \/>\n\u017buk Justyna &#8211; Cz\u0142onek<br \/>\n&nbsp;<br \/>\n&nbsp;<\/p>\n<p style=\"text-align: center;\"><strong>Obwodowa Komisja Wyborcza ds. przeprowadzenia g\u0142osowania<br \/>\nnr 2 w \u0141abu\u0144kach Pierwszych<br \/>\n<\/strong><\/p>\n<p>Helman Andrzej Wojciech &#8211; Przewodnicz\u0105cy<br \/>\nKosak Magdalena &#8211; Z-ca Przewodnicz\u0105cego<br \/>\nFedak Sylwia &#8211; Cz\u0142onek<br \/>\nHelman Ewelina &#8211; Cz\u0142onek<br \/>\nKostrubiec Ma\u0142gorzata &#8211; Cz\u0142onek<br \/>\nKusiak Marcin &#8211; Cz\u0142onek<br \/>\nMajewska Mariola &#8211; Cz\u0142onek<br \/>\nMr\u00f3z Aldona Sylwia &#8211; Cz\u0142onek<br \/>\n\u017byczkiewicz Agnieszka Teresa &#8211; Cz\u0142onek<br \/>\n&nbsp;<br \/>\n&nbsp;<\/p>\n<p style=\"text-align: center;\"><strong>Obwodowa Komisja Wyborcza ds. ustalenia wynik\u00f3w g\u0142osowania<br \/>\nnr 2 w \u0141abu\u0144kach Pierwszych<\/strong><\/p>\n<p>Kycko Eliza Anna &#8211; Przewodnicz\u0105cy<br \/>\nAntoniewicz Albina Jadwiga &#8211; Z-ca Przewodnicz\u0105cego<br \/>\nAntoniewicz \u0141ukasz &#8211; Cz\u0142onek<br \/>\nB\u0119benek Joanna &#8211; Cz\u0142onek<br \/>\nKlimko Beata Stanis\u0142awa &#8211; Cz\u0142onek<br \/>\nKulpa Dorota &#8211; Cz\u0142onek<br \/>\nSawka Anna &#8211; Cz\u0142onek<br \/>\nTomasiak Monika &#8211; Cz\u0142onek<br \/>\nWa\u0142aszyk Helena &#8211; Cz\u0142onek<br \/>\n&nbsp;<br \/>\n&nbsp;<\/p>\n<p style=\"text-align: center;\"><strong>Obwodowa Komisja Wyborcza ds. przeprowadzenia g\u0142osowania<br \/>\nnr 3 w \u0141abuniach<br \/>\n<\/strong><\/p>\n<p>So\u0142oducha Dorota Bo\u017cena &#8211; Przewodnicz\u0105cy<br \/>\nPaszt Karol Micha\u0142 &#8211; Z-ca Przewodnicz\u0105cego<br \/>\nBulicz Monika &#8211; Cz\u0142onek<br \/>\nGajewska Danuta &#8211; Cz\u0142onek<br \/>\nGranda Urszula Agnieszka &#8211; Cz\u0142onek<br \/>\nHelman Aleksandra Maria &#8211; Cz\u0142onek<br \/>\nKap\u0142on Leszek &#8211; Cz\u0142onek<br \/>\nPokryszka Ewa &#8211; Cz\u0142onek<br \/>\nZimek Mateusz &#8211; Cz\u0142onek<br \/>\n&nbsp;<br \/>\n&nbsp;<\/p>\n<p style=\"text-align: center;\"><strong>Obwodowa Komisja Wyborcza ds. ustalenia wynik\u00f3w g\u0142osowania<br \/>\nnr 3 w \u0141abuniach<br \/>\n<\/strong><\/p>\n<p>Furma\u0144czuk Agnieszka Ma\u0142gorzata &#8211; Przewodnicz\u0105cy<br \/>\nSkraban Krzysztof &#8211; Z-ca Przewodnicz\u0105cego<br \/>\nJ\u0119druszko Robert &#8211; Cz\u0142onek<br \/>\nKowalczuk Halina &#8211; Cz\u0142onek<br \/>\nKrzaczkowska Beata Jolanta &#8211; Cz\u0142onek<br \/>\nLuba\u015b Marek Wojciech &#8211; Cz\u0142onek<br \/>\nPilipczuk Wies\u0142awa &#8211; Cz\u0142onek<br \/>\nPitak Danuta Ma\u0142gorzata &#8211; Cz\u0142onek<br \/>\nPrzyczyna Angelika &#8211; Cz\u0142onek<br \/>\n&nbsp;<br \/>\n&nbsp;<\/p>\n<p style=\"text-align: center;\"><strong>Obwodowa Komisja Wyborcza ds. przeprowadzenia g\u0142osowania<br \/>\nnr 4 w W\u00f3lce \u0141abu\u0144skiej<br \/>\n<\/strong><\/p>\n<p>Witkowski Piotr Mariusz &#8211; Przewodnicz\u0105cy<br \/>\nWolska Jadwiga &#8211; Z-ca Przewodnicz\u0105cego<br \/>\nDudkowski Damian &#8211; Cz\u0142onek<br \/>\nKurz\u0119pa Monika &#8211; Cz\u0142onek<br \/>\nPodskarbi Patryk Stanis\u0142aw &#8211; Cz\u0142onek<br \/>\nSasyn Zofia Gra\u017cyna &#8211; Cz\u0142onek<br \/>\nSemczuk Teresa &#8211; Cz\u0142onek<br \/>\nSkraban Edyta Monika &#8211; Cz\u0142onek<br \/>\nSzczerbik Kinga &#8211; Cz\u0142onek<br \/>\n&nbsp;<br \/>\n&nbsp;<\/p>\n<p style=\"text-align: center;\"><strong>Obwodowa Komisja Wyborcza ds. ustalenia wynik\u00f3w g\u0142osowania<br \/>\nnr 4 w W\u00f3lce \u0141abu\u0144skiej<br \/>\n<\/strong><\/p>\n<p>Hubala Krystyna &#8211; Przewodnicz\u0105cy<br \/>\nSkiba Anna Maria &#8211; Z-ca Przewodnicz\u0105cego<br \/>\nDubik Gra\u017cyna &#8211; Cz\u0142onek<br \/>\nKo\u0142odziejczyk Bo\u017cena Gra\u017cyna &#8211; Cz\u0142onek<br \/>\nMerklinger Anna &#8211; Cz\u0142onek<br \/>\nNowosad Urszula Teresa &#8211; Cz\u0142onek<br \/>\nPokrywka Teresa &#8211; Cz\u0142onek<br \/>\nWilczy\u0144ska Magdalena Ewelina &#8211; Cz\u0142onek<br \/>\nWo\u017aniak Monika Katarzyna &#8211; Cz\u0142onek<br \/>\n&nbsp;<br \/>\n&nbsp;<\/p>\n<p style=\"text-align: center;\"><strong>Obwodowa Komisja Wyborcza ds. przeprowadzenia g\u0142osowania<br \/>\nnr 5 w Ruszowie<br \/>\n<\/strong><\/p>\n<p>Maziarczuk Aleksandra Katarzyna &#8211; Przewodnicz\u0105cy<br \/>\nBatyra \u0141ukasz Konrad &#8211; Z-ca Przewodnicz\u0105cego<br \/>\nBodys Ma\u0142gorzata &#8211; Cz\u0142onek<br \/>\nBurdzy Anna Dorota &#8211; Cz\u0142onek<br \/>\nMaziarczuk Maria Ewa &#8211; Cz\u0142onek<br \/>\nSowa Mariola Beata &#8211; Cz\u0142onek<br \/>\nSynowiec Dorota Ewa &#8211; Cz\u0142onek<br \/>\nWla\u017a Natalia &#8211; Cz\u0142onek<br \/>\nZast\u0105pi\u0142o Katarzyna &#8211; Cz\u0142onek<br \/>\n&nbsp;<br \/>\n&nbsp;<\/p>\n<p style=\"text-align: center;\"><strong>Obwodowa Komisja Wyborcza ds. ustalenia wynik\u00f3w g\u0142osowania<br \/>\nnr 5 w Ruszowie<br \/>\n<\/strong><\/p>\n<p>Wolska Aneta &#8211; Przewodnicz\u0105cy<br \/>\nKiszka Stanis\u0142aw &#8211; Z-ca Przewodnicz\u0105cego<br \/>\nBryk Mateusz &#8211; Cz\u0142onek<br \/>\nCiuraszkiewicz Anna &#8211; Cz\u0142onek<br \/>\nGrenda Adrian &#8211; Cz\u0142onek<br \/>\nHelman Aleksandra Paulina &#8211; Cz\u0142onek<br \/>\nLachawiec Halina &#8211; Cz\u0142onek<br \/>\n\u0141ach Beata &#8211; Cz\u0142onek<br \/>\nMagdziak Mariola &#8211; Cz\u0142onek<br \/>\n&nbsp;<br \/>\n&nbsp;<\/p>\n<p style=\"text-align: center;\"><strong>Obwodowa Komisja Wyborcza ds. przeprowadzenia g\u0142osowania<br \/>\nnr 6 w Majdanie Ruszowskim<br \/>\n<\/strong><\/p>\n<p>Ga\u0142ek Anna &#8211; Przewodnicz\u0105cy<br \/>\nPrzyczyna Roman Stanis\u0142aw &#8211; Z-ca Przewodnicz\u0105cego<br \/>\nBryk Antoni &#8211; Cz\u0142onek<br \/>\nBuczak Aneta R\u00f3\u017ca &#8211; Cz\u0142onek<br \/>\nHelman Beata Agnieszka &#8211; Cz\u0142onek<br \/>\nHordyj Piotr &#8211; Cz\u0142onek<br \/>\nPodoba Izabela Zofia &#8211; Cz\u0142onek<br \/>\nS\u0142upski Stanis\u0142aw &#8211; Cz\u0142onek<br \/>\nTypiak Angelika &#8211; Cz\u0142onek<br \/>\n&nbsp;<br \/>\n&nbsp;<\/p>\n<p style=\"text-align: center;\"><strong>Obwodowa Komisja Wyborcza ds. ustalenia wynik\u00f3w g\u0142osowania<br \/>\nnr 6 w Majdanie Ruszowskim<br \/>\n<\/strong><\/p>\n<p>Byczek Katarzyna Agata &#8211; Przewodnicz\u0105cy<br \/>\nB\u0142o\u0144ska-Potocka Aleksandra Katarzyna &#8211; Z-ca Przewodnicz\u0105cego<br \/>\nCorbin Kamila &#8211; Cz\u0142onek<br \/>\nJastrz\u0119bska Barbara Monika &#8211; Cz\u0142onek<br \/>\nKarchut Renata Monika &#8211; Cz\u0142onek<br \/>\nKr\u00f3l Agnieszka &#8211; Cz\u0142onek<br \/>\nMa\u0142yska Magdalena &#8211; Cz\u0142onek<br \/>\nSemczuk Bo\u017cena &#8211; Cz\u0142onek<br \/>\n\u017byczkiewicz Agata &#8211; Cz\u0142onek<br \/>\n&nbsp;<br \/>\n&nbsp;<\/p>\n<p style=\"text-align: center;\"><strong>Obwodowa Komisja Wyborcza ds. przeprowadzenia g\u0142osowania<br \/>\nnr 7 w Wierzbiu<br \/>\n<\/strong><\/p>\n<p>Tokarska Kamila &#8211; Przewodnicz\u0105cy<br \/>\nKnia\u017a Zofia &#8211; Z-ca Przewodnicz\u0105cego<br \/>\nGrela Kinga &#8211; Cz\u0142onek<br \/>\nGrula Daria &#8211; Cz\u0142onek<br \/>\nKurz\u0119pa Joanna &#8211; Cz\u0142onek<br \/>\nLitwi\u0144czuk Marcin &#8211; Cz\u0142onek<br \/>\nMatejanko Katarzyna Magdalena &#8211; Cz\u0142onek<br \/>\nNowosad Karol &#8211; Cz\u0142onek<br \/>\nOpali\u0144ska Joanna Edyta &#8211; Cz\u0142onek<br \/>\n&nbsp;<br \/>\n&nbsp;<\/p>\n<p style=\"text-align: center;\"><strong>Obwodowa Komisja Wyborcza ds. ustalenia wynik\u00f3w g\u0142osowania<br \/>\nnr 7 w Wierzbiu<\/strong><\/p>\n<p>Sowa Krystyna &#8211; Przewodnicz\u0105cy<br \/>\nKnia\u017a Danuta &#8211; Z-ca Przewodnicz\u0105cego<br \/>\nBondar Marlena Monika &#8211; Cz\u0142onek<br \/>\nBurdzy Adam &#8211; Cz\u0142onek<br \/>\nByczek Boles\u0142aw Marek &#8211; Cz\u0142onek<br \/>\nKu\u015bmierz Paulina &#8211; Cz\u0142onek<br \/>\nPi\u0142at Wojciech Tomasz &#8211; Cz\u0142onek<br \/>\nPy\u015b Stanis\u0142aw &#8211; Cz\u0142onek<br \/>\nSowa Jaros\u0142aw &#8211; Cz\u0142onek<\/p>\n","protected":false},"excerpt":{"rendered":"<p>W dniu 9 pa\u017adziernika Obwodowe Komisje Wyborcze powo\u0142ane do przeprowadzenia wybor\u00f3w do rad gmin, rad powiat\u00f3w, sejmik\u00f3w wojew\u00f3dztw i rad dzielnic m.st. Warszawy oraz wybor\u00f3w w\u00f3jt\u00f3w, burmistrz\u00f3w i prezydent\u00f3w miast zarz\u0105dzonych na dzie\u0144 21 pa\u017adziernika 2018 r. ukonstytuowa\u0142y si\u0119 w nast\u0119puj\u0105cych sk\u0142adach osobowych:<\/p>\n","protected":false},"author":7,"featured_media":1161,"comment_status":"closed","ping_status":"closed","sticky":false,"template":"","format":"standard","meta":{"footnotes":""},"categories":[1],"tags":[],"class_list":["post-9733","post","type-post","status-publish","format-standard","has-post-thumbnail","hentry","category-wpisy","clearfix"],"_links":{"self":[{"href":"https:\/\/www.labunie.com.pl\/index.php?rest_route=\/wp\/v2\/posts\/9733","targetHints":{"allow":["GET"]}}],"collection":[{"href":"https:\/\/www.labunie.com.pl\/index.php?rest_route=\/wp\/v2\/posts"}],"about":[{"href":"https:\/\/www.labunie.com.pl\/index.php?rest_route=\/wp\/v2\/types\/post"}],"author":[{"embeddable":true,"href":"https:\/\/www.labunie.com.pl\/index.php?rest_route=\/wp\/v2\/users\/7"}],"replies":[{"embeddable":true,"href":"https:\/\/www.labunie.com.pl\/index.php?rest_route=%2Fwp%2Fv2%2Fcomments&post=9733"}],"version-history":[{"count":5,"href":"https:\/\/www.labunie.com.pl\/index.php?rest_route=\/wp\/v2\/posts\/9733\/revisions"}],"predecessor-version":[{"id":9741,"href":"https:\/\/www.labunie.com.pl\/index.php?rest_route=\/wp\/v2\/posts\/9733\/revisions\/9741"}],"wp:featuredmedia":[{"embeddable":true,"href":"https:\/\/www.labunie.com.pl\/index.php?rest_route=\/wp\/v2\/media\/1161"}],"wp:attachment":[{"href":"https:\/\/www.labunie.com.pl\/index.php?rest_route=%2Fwp%2Fv2%2Fmedia&parent=9733"}],"wp:term":[{"taxonomy":"category","embeddable":true,"href":"https:\/\/www.labunie.com.pl\/index.php?rest_route=%2Fwp%2Fv2%2Fcategories&post=9733"},{"taxonomy":"post_tag","embeddable":true,"href":"https:\/\/www.labunie.com.pl\/index.php?rest_route=%2Fwp%2Fv2%2Ftags&post=9733"}],"curies":[{"name":"wp","href":"https:\/\/api.w.org\/{rel}","templated":true}]}}