{"id":9600,"date":"2018-09-21T09:33:30","date_gmt":"2018-09-21T07:33:30","guid":{"rendered":"https:\/\/www.labunie.com.pl\/?p=9600"},"modified":"2018-09-24T11:40:02","modified_gmt":"2018-09-24T09:40:02","slug":"ogolnopolski-dzien-przedszkolaka","status":"publish","type":"post","link":"https:\/\/www.labunie.com.pl\/?p=9600","title":{"rendered":"Og\u00f3lnopolski Dzie\u0144 Przedszkolaka"},"content":{"rendered":"<p><strong>20 wrze\u015bnia &#8211; jak co roku &#8211; z okazji Dnia Przedszkolaka W\u00f3jt Gminy \u0141abunie wraz z dyrektorami szk\u00f3\u0142 Dorot\u0105 Turczyn i Bernardem Panasiukiem cz\u0119stowali dzieci cukierkami i wr\u0119czali odblaski w ramach gminnej akcji \u201eB\u0105d\u017a widoczny\u201d. <\/strong><\/p>\n<p><!--more--><br \/>\n&nbsp;<br \/>\n&nbsp;<br \/>\n[lg_folder folder=&#8221;20180920\/&#8221; count=&#8221;17&#8243; paging=&#8221;false&#8221;]<br \/>\n20 wrze\u015bnia &#8211; to dzie\u0144 wa\u017cny dla wszystkich przedszkolak\u00f3w w ca\u0142ej Polsce bowiem Sejm przyj\u0105\u0142 uchwa\u0142\u0119 ustanawiaj\u0105c\u0105 ten dzie\u0144 Og\u00f3lnopolskim Dniem Przedszkolaka. \u015awi\u0119to to zosta\u0142o ustanowione, by podkre\u015bli\u0107 wag\u0119 edukacji przedszkolnej w rozwoju i edukacji dzieci i ma przyczyni\u0107 si\u0119 do popularyzacji wychowania przedszkolnego.<\/p>\n","protected":false},"excerpt":{"rendered":"<p>20 wrze\u015bnia &#8211; jak co roku &#8211; z okazji Dnia Przedszkolaka W\u00f3jt Gminy \u0141abunie wraz z dyrektorami szk\u00f3\u0142 Dorot\u0105 Turczyn i Bernardem Panasiukiem cz\u0119stowali dzieci cukierkami i wr\u0119czali odblaski w ramach gminnej akcji \u201eB\u0105d\u017a widoczny\u201d.<\/p>\n","protected":false},"author":7,"featured_media":9601,"comment_status":"closed","ping_status":"closed","sticky":false,"template":"","format":"standard","meta":{"footnotes":""},"categories":[1],"tags":[],"class_list":["post-9600","post","type-post","status-publish","format-standard","has-post-thumbnail","hentry","category-wpisy","clearfix"],"_links":{"self":[{"href":"https:\/\/www.labunie.com.pl\/index.php?rest_route=\/wp\/v2\/posts\/9600","targetHints":{"allow":["GET"]}}],"collection":[{"href":"https:\/\/www.labunie.com.pl\/index.php?rest_route=\/wp\/v2\/posts"}],"about":[{"href":"https:\/\/www.labunie.com.pl\/index.php?rest_route=\/wp\/v2\/types\/post"}],"author":[{"embeddable":true,"href":"https:\/\/www.labunie.com.pl\/index.php?rest_route=\/wp\/v2\/users\/7"}],"replies":[{"embeddable":true,"href":"https:\/\/www.labunie.com.pl\/index.php?rest_route=%2Fwp%2Fv2%2Fcomments&post=9600"}],"version-history":[{"count":3,"href":"https:\/\/www.labunie.com.pl\/index.php?rest_route=\/wp\/v2\/posts\/9600\/revisions"}],"predecessor-version":[{"id":9604,"href":"https:\/\/www.labunie.com.pl\/index.php?rest_route=\/wp\/v2\/posts\/9600\/revisions\/9604"}],"wp:featuredmedia":[{"embeddable":true,"href":"https:\/\/www.labunie.com.pl\/index.php?rest_route=\/wp\/v2\/media\/9601"}],"wp:attachment":[{"href":"https:\/\/www.labunie.com.pl\/index.php?rest_route=%2Fwp%2Fv2%2Fmedia&parent=9600"}],"wp:term":[{"taxonomy":"category","embeddable":true,"href":"https:\/\/www.labunie.com.pl\/index.php?rest_route=%2Fwp%2Fv2%2Fcategories&post=9600"},{"taxonomy":"post_tag","embeddable":true,"href":"https:\/\/www.labunie.com.pl\/index.php?rest_route=%2Fwp%2Fv2%2Ftags&post=9600"}],"curies":[{"name":"wp","href":"https:\/\/api.w.org\/{rel}","templated":true}]}}