{"id":9591,"date":"2018-09-21T09:12:53","date_gmt":"2018-09-21T07:12:53","guid":{"rendered":"https:\/\/www.labunie.com.pl\/?p=9591"},"modified":"2018-09-24T09:20:10","modified_gmt":"2018-09-24T07:20:10","slug":"zaproszenie-60","status":"publish","type":"post","link":"https:\/\/www.labunie.com.pl\/?p=9591","title":{"rendered":"Zaproszenie"},"content":{"rendered":"<p><strong>W imieniu organizator\u00f3w serdecznie zapraszamy organizacje pozarz\u0105dowe z woj. lubelskiego do udzia\u0142u w dn. 4-5 pa\u017adziernika 2018 r. w \u201eLubelskim Forum Inicjatyw Pozarz\u0105dowych 2018\u201d w Centrum Spotkania Kultur w Lublinie, Pl. Teatralny 1. Integraln\u0105 cz\u0119\u015bci\u0105 LFIP 2018 b\u0119dzie \u201eKonwent &#8211; Regionalna Sie\u0107 Wsp\u00f3\u0142pracy Organizacji Pozarz\u0105dowych z Samorz\u0105dem Terytorialnym\u201d organizowany przez Regionalny O\u015brodek Polityki Spo\u0142ecznej w Lublinie.<\/strong><\/p>\n<p><!--more--><br \/>\n&nbsp;<br \/>\nOrganizatorami dwudniowego \u015bwi\u0119ta lubelskich organizacji pozarz\u0105dowych s\u0105: Rada Dzia\u0142alno\u015bci Po\u017cytku Publicznego Wojew\u00f3dztwa Lubelskiego, Zwi\u0105zek Stowarzysze\u0144 Forum Lubelskich Organizacji Pozarz\u0105dowych, Regionalny O\u015brodek Polityki spo\u0142ecznej w Lublinie i Centrum Spotkania Kultur w Lublinie.<br \/>\n&nbsp;<br \/>\nZg\u0142oszenia b\u0119d\u0105 przyjmowane do dn. 27 wrze\u015bnia 2018 r. za po\u015brednictwem formularza elektronicznego: <a href=\"https:\/\/docs.google.com\/forms\/d\/e\/1FAIpQLSdYIEvlNmb2Vor0o6DbY2mfejgrjV_hWRwRYX7yu8tQjbWi7A\/viewform\">FORMULARZ ZG\u0141OSZENIOWY<\/a><br \/>\n&nbsp;<br \/>\nWi\u0119cej informacji:<br \/>\n&nbsp;<br \/>\n<a href=\"http:\/\/www.flop.lublin.pl\/\">http:\/\/www.flop.lublin.pl\/<\/a><br \/>\n<a href=\"https:\/\/www.facebook.com\/events\/283688698903344\/\">https:\/\/www.facebook.com\/events\/283688698903344\/<\/a><br \/>\n&nbsp;<br \/>\n<img loading=\"lazy\" decoding=\"async\" class=\"aligncenter \" src=\"https:\/\/scontent-waw1-1.xx.fbcdn.net\/v\/t1.0-9\/41779190_1586096611496944_4934390018299920384_n.jpg?_nc_cat=101&amp;oh=dcd137e5ac2dc22c108dfceebb07b928&amp;oe=5C600CD7\" width=\"630\" height=\"594\" \/><\/p>\n","protected":false},"excerpt":{"rendered":"<p>W imieniu organizator\u00f3w serdecznie zapraszamy organizacje pozarz\u0105dowe z woj. lubelskiego do udzia\u0142u w dn. 4-5 pa\u017adziernika 2018 r. w \u201eLubelskim Forum Inicjatyw Pozarz\u0105dowych 2018\u201d w Centrum Spotkania Kultur w Lublinie, Pl. Teatralny 1. Integraln\u0105 cz\u0119\u015bci\u0105 LFIP 2018 b\u0119dzie \u201eKonwent &#8211; Regionalna Sie\u0107 Wsp\u00f3\u0142pracy Organizacji Pozarz\u0105dowych z Samorz\u0105dem Terytorialnym\u201d organizowany przez Regionalny O\u015brodek Polityki Spo\u0142ecznej w [&hellip;]<\/p>\n","protected":false},"author":7,"featured_media":9594,"comment_status":"closed","ping_status":"closed","sticky":false,"template":"","format":"standard","meta":{"footnotes":""},"categories":[1],"tags":[],"class_list":["post-9591","post","type-post","status-publish","format-standard","has-post-thumbnail","hentry","category-wpisy","clearfix"],"_links":{"self":[{"href":"https:\/\/www.labunie.com.pl\/index.php?rest_route=\/wp\/v2\/posts\/9591","targetHints":{"allow":["GET"]}}],"collection":[{"href":"https:\/\/www.labunie.com.pl\/index.php?rest_route=\/wp\/v2\/posts"}],"about":[{"href":"https:\/\/www.labunie.com.pl\/index.php?rest_route=\/wp\/v2\/types\/post"}],"author":[{"embeddable":true,"href":"https:\/\/www.labunie.com.pl\/index.php?rest_route=\/wp\/v2\/users\/7"}],"replies":[{"embeddable":true,"href":"https:\/\/www.labunie.com.pl\/index.php?rest_route=%2Fwp%2Fv2%2Fcomments&post=9591"}],"version-history":[{"count":2,"href":"https:\/\/www.labunie.com.pl\/index.php?rest_route=\/wp\/v2\/posts\/9591\/revisions"}],"predecessor-version":[{"id":9593,"href":"https:\/\/www.labunie.com.pl\/index.php?rest_route=\/wp\/v2\/posts\/9591\/revisions\/9593"}],"wp:featuredmedia":[{"embeddable":true,"href":"https:\/\/www.labunie.com.pl\/index.php?rest_route=\/wp\/v2\/media\/9594"}],"wp:attachment":[{"href":"https:\/\/www.labunie.com.pl\/index.php?rest_route=%2Fwp%2Fv2%2Fmedia&parent=9591"}],"wp:term":[{"taxonomy":"category","embeddable":true,"href":"https:\/\/www.labunie.com.pl\/index.php?rest_route=%2Fwp%2Fv2%2Fcategories&post=9591"},{"taxonomy":"post_tag","embeddable":true,"href":"https:\/\/www.labunie.com.pl\/index.php?rest_route=%2Fwp%2Fv2%2Ftags&post=9591"}],"curies":[{"name":"wp","href":"https:\/\/api.w.org\/{rel}","templated":true}]}}