{"id":9565,"date":"2018-09-19T08:14:49","date_gmt":"2018-09-19T06:14:49","guid":{"rendered":"https:\/\/www.labunie.com.pl\/?p=9565"},"modified":"2018-09-19T08:14:49","modified_gmt":"2018-09-19T06:14:49","slug":"pomoc-kleskowa-dla-rolnikow-trwa-nabor-wnioskow","status":"publish","type":"post","link":"https:\/\/www.labunie.com.pl\/?p=9565","title":{"rendered":"Pomoc kl\u0119skowa dla rolnik\u00f3w. Trwa nab\u00f3r wniosk\u00f3w."},"content":{"rendered":"<p><strong>Agencja Restrukturyzacji i Modernizacji Rolnictwa oferuje pomoc rolnikom, kt\u00f3rych gospodarstwa ucierpia\u0142y wskutek tegorocznej suszy lub powodzi.<\/strong><\/p>\n<p><strong>W pierwszej kolejno\u015bci o wsparcie finansowe mog\u0105 ubiega\u0107 si\u0119 rolnicy, w kt\u00f3rych gospodarstwach susza lub pow\u00f3d\u017a spowodowa\u0142y straty w uprawach w wysoko\u015bci co najmniej 70 proc. Wnioski mog\u0105 sk\u0142ada\u0107 w biurach powiatowych ARiMR od 14 do 28 wrze\u015bnia 2018 r. <\/strong><\/p>\n<p><!--more--><br \/>\n&nbsp;<br \/>\nStawka pomocy wynosi 1 tys. z\u0142 do 1 ha, je\u015bli rolnik mia\u0142 ubezpieczon\u0105 przynajmniej po\u0142ow\u0119 powierzchni upraw (z wy\u0142\u0105czeniem \u0142\u0105k i pastwisk). Gospodarz, kt\u00f3ry nie mia\u0142 takiej polisy, otrzyma 50 proc. tej kwoty. Do wniosku o pomoc trzeba do\u0142\u0105czy\u0107 m.in. kopi\u0119 protoko\u0142u oszacowania szk\u00f3d, zawieraj\u0105cego informacje o powierzchni upraw, w kt\u00f3rych te szkody powsta\u0142y.<br \/>\n&nbsp;<br \/>\nWniosek nale\u017cy z\u0142o\u017cy\u0107 do kierownika biura powiatowego Agencji Restrukturyzacji i Modernizacji Rolnictwa w\u0142a\u015bciwego ze wzgl\u0119du na miejsce zamieszkania albo siedzib\u0119 producenta rolnego.<br \/>\n&nbsp;<br \/>\n<strong><a href=\"http:\/\/www.arimr.gov.pl\/pomoc-krajowa\/wnioski-o-przyznanie-pomocy-suszowej-rolnikom-i-rybakom-w-2018-r\/pomoc-kleskowa-dla-rolnikow.html\">Wniosek o przyznanie pomocy &#8211; otw\u00f3rz<\/a><\/strong><br \/>\n&nbsp;<br \/>\nPomoc jest skierowana do producenta rolnego:<\/p>\n<ul>\n<li>kt\u00f3remu zosta\u0142 nadany numer identyfikacyjny w trybie przepis\u00f3w o krajowym systemie ewidencji producent\u00f3w, ewidencji gospodarstw rolnych oraz ewidencji wniosk\u00f3w o przyznanie p\u0142atno\u015bci,<\/li>\n<li>w kt\u00f3rego gospodarstwie rolnym szkody w uprawach rolnych spowodowane wyst\u0105pieniem w 2018 r. suszy lub powodzi, powsta\u0142e na powierzchni uprawy, obj\u0119\u0142y <strong>co najmniej 30 % danej uprawy<\/strong> (przy czym w ramach naboru wniosk\u00f3w sk\u0142adanych w terminie 14-28 wrze\u015bnia 2018 r. pomoc\u0105 b\u0119d\u0105 obj\u0119te szkody poniesione na powierzchni uprawy w\u00a0 wysoko\u015bci <strong>co najmniej 70 % danej uprawy<\/strong>);<\/li>\n<li>b\u0119d\u0105cego mikroprzedsi\u0119biorstwem, ma\u0142ym albo \u015brednim przedsi\u0119biorstwem w rozumieniu za\u0142\u0105cznika nr 1 do rozporz\u0105dzenia nr 702\/2014.<\/li>\n<\/ul>\n<p>&nbsp;<br \/>\nPomoc b\u0119dzie udzielana:<\/p>\n<ul>\n<li>poza formu\u0142\u0105 pomocy de minimis (pomoc publiczna), na warunkach okre\u015blonych w rozporz\u0105dzeniu Komisji (UE) nr 702\/2014 \u2013 w przypadku gdy szkody spowodowane tegoroczn\u0105 susz\u0105 lub powodzi\u0105, oszacowane przez komisj\u0119 powo\u0142an\u0105 przez wojewod\u0119 w\u0142a\u015bciwego ze wzgl\u0119du na miejsce wyst\u0105pienia szk\u00f3d b\u0119d\u0105\u00a0 wynosi\u0107 powy\u017cej\u00a0 30% \u015bredniej rocznej produkcji rolnej w gospodarstwie rolnym lub\u00a0 \u015bredniej rocznej produkcji ro\u015blinnej w gospodarstwie rolnym, albo<\/li>\n<li>w ramach formu\u0142y pomocy de minimis, zgodnie z przepisami rozporz\u0105dzenia Komisji (UE) nr 1408\/2013 \u2013 w przypadku gdy powy\u017csze szkody\u00a0 b\u0119d\u0105 wynosi\u0107 nie wi\u0119cej ni\u017c 30% \u015bredniej rocznej produkcji rolnej lub \u015bredniej rocznej produkcji ro\u015blinnej.<\/li>\n<\/ul>\n<p>&nbsp;<br \/>\nWysoko\u015b\u0107 pomocy ustala si\u0119 jako iloczyn deklarowanej przez producenta rolnego we wniosku powierzchni uprawy, w kt\u00f3rej powsta\u0142y szkody oraz stawki pomocy. Przy czym, w przypadku pomocy udzielanej:<\/p>\n<ul>\n<li>poza formu\u0142\u0105 pomocy de minimis (pomoc publiczna) wysoko\u015b\u0107 pomocy nie mo\u017ce przekroczy\u0107 warto\u015bci stanowi\u0105cej r\u00f3\u017cnic\u0119 pomi\u0119dzy 80% b\u0105d\u017a 90% (w zale\u017cno\u015bci od po\u0142o\u017cenia gospodarstwa rolnego) kwoty obni\u017cenia dochodu powi\u0119kszonej o koszty poniesione i pomniejszonej o koszty nieponiesione, a wysoko\u015bci\u0105 pomocy otrzymanej na podstawie odr\u0119bnych przepis\u00f3w i otrzymanych odszkodowa\u0144,<\/li>\n<li>w ramach formu\u0142y pomocy de minimis przyznawana pomoc nie mo\u017ce przekroczy\u0107 r\u00f3wnowarto\u015bci w euro dost\u0119pnego limitu de minimis (z uwzgl\u0119dnieniem limitu w zakresie pomocy w rolnictwie, rybo\u0142\u00f3wstwie i og\u00f3lnego limitu pomocy de minimis).<\/li>\n<\/ul>\n<p>&nbsp;<br \/>\nKwota pomocy b\u0119dzie podlega\u0142a pomniejszeniu o 50% dla producent\u00f3w rolnych, kt\u00f3rzy w dniu wyst\u0105pienia szk\u00f3d w uprawach rolnych nie mieli ubezpieczonych co najmniej 50% powierzchni upraw w gospodarstwie rolnym, z wy\u0142\u0105czeniem \u0142\u0105k i pastwisk.<br \/>\n&nbsp;<br \/>\nDo wniosku nale\u017cy do\u0142\u0105czy\u0107, w przypadku:<\/p>\n<ol>\n<li>pomocy de minimis, udzielanej zgodnie z rozporz\u0105dzeniem Komisji (UE) nr 1408\/2013:\n<ul>\n<li>kopi\u0119 protoko\u0142u oszacowania szk\u00f3d, zawieraj\u0105cego informacje o powierzchni upraw, w kt\u00f3rych powsta\u0142y szkody,<\/li>\n<li>za\u015bwiadczenia dotycz\u0105ce otrzymanej pomocy de minimis (r\u00f3wnowa\u017cne ze z\u0142o\u017ceniem za\u015bwiadczenia jest wype\u0142nienie o\u015bwiadczenia dotycz\u0105cego otrzymanej pomocy de minimis).<\/li>\n<\/ul>\n<\/li>\n<li>pomocy udzielanej zgodnie z rozporz\u0105dzeniem Komisji (UE) nr 702\/2014 &#8211; pomoc publiczna:\n<ul>\n<li>kopi\u0119 protoko\u0142u oszacowania szk\u00f3d, zawieraj\u0105cego informacje o powierzchni upraw, w kt\u00f3rych powsta\u0142y szkody, z adnotacj\u0105 wojewody potwierdzaj\u0105c\u0105 wyst\u0105pienie szk\u00f3d.<\/li>\n<\/ul>\n<\/li>\n<\/ol>\n<p>(wz\u00f3r protoko\u0142u oszacowania szk\u00f3d oraz wytyczne do jego sporz\u0105dzenia zosta\u0142y opublikowane na stronie MRiRW <a href=\"https:\/\/www.gov.pl\/rolnictwo\/niekorzystne-zjawiska-atmosferyczne\">www.gov.pl\/rolnictwo\/niekorzystne-zjawiska-atmosferyczne<\/a> .<br \/>\n&nbsp;<br \/>\n<strong>Z kolei rolnicy, w kt\u00f3rych gospodarstwach szkody w uprawach wynios\u0142y co najmniej 30 proc. i mniej ni\u017c 70 proc.<\/strong>, wnioski o pomoc mog\u0105 sk\u0142ada\u0107 od 26 wrze\u015bnia do 17 pa\u017adziernika 2018 r.\u00a0 W tym przypadku bazowa stawka pomocy wynosi 500 z\u0142 na 1 ha powierzchni uprawy i r\u00f3wnie\u017c jest pomniejszana o po\u0142ow\u0119, gdy rolnik nie ma polisy.<br \/>\n&nbsp;<br \/>\nPodstawa prawna: \u00a7 13 rozporz\u0105dzenia Rady Ministr\u00f3w z dnia 27 stycznia 2015 r. w sprawie szczeg\u00f3\u0142owego zakresu i sposob\u00f3w realizacji niekt\u00f3rych zada\u0144 Agencji Restrukturyzacji i Modernizacji Rolnictwa (Dz. U. poz. 187, z p\u00f3\u017an. zm.) &#8211; zmiana opublikowana w Dz. U. poz. 1483.<\/p>\n","protected":false},"excerpt":{"rendered":"<p>Agencja Restrukturyzacji i Modernizacji Rolnictwa oferuje pomoc rolnikom, kt\u00f3rych gospodarstwa ucierpia\u0142y wskutek tegorocznej suszy lub powodzi. W pierwszej kolejno\u015bci o wsparcie finansowe mog\u0105 ubiega\u0107 si\u0119 rolnicy, w kt\u00f3rych gospodarstwach susza lub pow\u00f3d\u017a spowodowa\u0142y straty w uprawach w wysoko\u015bci co najmniej 70 proc. Wnioski mog\u0105 sk\u0142ada\u0107 w biurach powiatowych ARiMR od 14 do 28 wrze\u015bnia 2018 [&hellip;]<\/p>\n","protected":false},"author":7,"featured_media":947,"comment_status":"closed","ping_status":"closed","sticky":false,"template":"","format":"standard","meta":{"footnotes":""},"categories":[1],"tags":[],"class_list":["post-9565","post","type-post","status-publish","format-standard","has-post-thumbnail","hentry","category-wpisy","clearfix"],"_links":{"self":[{"href":"https:\/\/www.labunie.com.pl\/index.php?rest_route=\/wp\/v2\/posts\/9565","targetHints":{"allow":["GET"]}}],"collection":[{"href":"https:\/\/www.labunie.com.pl\/index.php?rest_route=\/wp\/v2\/posts"}],"about":[{"href":"https:\/\/www.labunie.com.pl\/index.php?rest_route=\/wp\/v2\/types\/post"}],"author":[{"embeddable":true,"href":"https:\/\/www.labunie.com.pl\/index.php?rest_route=\/wp\/v2\/users\/7"}],"replies":[{"embeddable":true,"href":"https:\/\/www.labunie.com.pl\/index.php?rest_route=%2Fwp%2Fv2%2Fcomments&post=9565"}],"version-history":[{"count":3,"href":"https:\/\/www.labunie.com.pl\/index.php?rest_route=\/wp\/v2\/posts\/9565\/revisions"}],"predecessor-version":[{"id":9568,"href":"https:\/\/www.labunie.com.pl\/index.php?rest_route=\/wp\/v2\/posts\/9565\/revisions\/9568"}],"wp:featuredmedia":[{"embeddable":true,"href":"https:\/\/www.labunie.com.pl\/index.php?rest_route=\/wp\/v2\/media\/947"}],"wp:attachment":[{"href":"https:\/\/www.labunie.com.pl\/index.php?rest_route=%2Fwp%2Fv2%2Fmedia&parent=9565"}],"wp:term":[{"taxonomy":"category","embeddable":true,"href":"https:\/\/www.labunie.com.pl\/index.php?rest_route=%2Fwp%2Fv2%2Fcategories&post=9565"},{"taxonomy":"post_tag","embeddable":true,"href":"https:\/\/www.labunie.com.pl\/index.php?rest_route=%2Fwp%2Fv2%2Ftags&post=9565"}],"curies":[{"name":"wp","href":"https:\/\/api.w.org\/{rel}","templated":true}]}}