{"id":9506,"date":"2018-09-13T18:52:54","date_gmt":"2018-09-13T16:52:54","guid":{"rendered":"https:\/\/www.labunie.com.pl\/?p=9506"},"modified":"2018-09-17T09:11:13","modified_gmt":"2018-09-17T07:11:13","slug":"jubileusz-100-lecia-osp-labunki","status":"publish","type":"post","link":"https:\/\/www.labunie.com.pl\/?p=9506","title":{"rendered":"Jubileusz 100-lecia OSP \u0141abu\u0144ki"},"content":{"rendered":"<p><strong>9 wrze\u015bnia Ochotnicza Stra\u017c Po\u017carna w \u0141abu\u0144kach obchodzi\u0142a jubileusz 100-lecia funkcjonowania. Zebranych powita\u0142 Naczelnik OSP \u0141abu\u0144ki dh Mariusz Branecki. Obchody poprzedzi\u0142a polowa msza \u015bw. w intencji stra\u017cak\u00f3w i ich rodzin, kt\u00f3r\u0105 koncelebrowali ks. kan. Andrzej Chmaj kapelan zamojskich stra\u017cak\u00f3w oraz ks. Piotr Rawlik \u2013 proboszcz \u0142abu\u0144skiej parafii, kt\u00f3ry wyg\u0142osi\u0142 do stra\u017cak\u00f3w kazanie.<\/strong><\/p>\n<p><!--more--><br \/>\n&nbsp;<br \/>\nUroczysto\u015b\u0107 u\u015bwietni\u0142a Gminna Orkiestra D\u0119ta pod batut\u0105 kapelmistrza<strong> Zbigniewa Pieczykolana<\/strong>.<br \/>\n&nbsp;<br \/>\nPrzybyli zaproszeni go\u015bcie w osobach: Cz\u0142onek Zarz\u0105du Wojew\u00f3dztwa Lubelskiego <strong>Arkadiusz Bratkowski<\/strong>, Starosta Powiatu Zamojskiego <strong>Henryk Matej<\/strong>, Prezes Zarz\u0105du Odzia\u0142u Powiatowego ZOSP RP w Zamo\u015bciu dh <strong>Kazimierz Mielnicki<\/strong>, Prezes Honorowy Zarz\u0105du Odzia\u0142u Gminnego ZOSP RP w \u0141abuniach &#8211; W\u00f3jt Gminy \u0141abunie <strong>Antoni Wojciech Turczyn<\/strong>, Komendant Powiatowy PSP w Zamo\u015bciu st. bryg. <strong>Jacek Sobczy\u0144ski<\/strong>, p\u0142k. po\u017c. w stanie spoczynku <strong>Mieczys\u0142aw Skiba<\/strong>, przewodnicz\u0105cy Rady Gminy \u0141abunie <strong>Adam Knia\u017a<\/strong>, radni, Zarz\u0105d Gminny ZOSP RP, Komendanci Gminni z poszczeg\u00f3lnych gmin, poczty sztandarowe, druhowie, mieszka\u0144cy oraz sympatycy stra\u017cy.<br \/>\n&nbsp;<br \/>\nPo Mszy \u015bw. dow\u00f3dca uroczysto\u015bci &#8211; Komendant Gminny dh <strong>Mr\u00f3z Pawe\u0142<\/strong> z\u0142o\u017cy\u0142 meldunek dh. <strong> Kazimierzowi Mielnickiemu<\/strong> &#8211; Prezesowi Zarz\u0105du Oddzia\u0142u Powiatowego ZOSP RP w Zamo\u015bciu, po czym poczet flagowy dokona\u0142 podniesienia flagi pa\u0144stwowej na maszt. W jej trakcie gminna orkiestra d\u0119ta pod batut\u0105 Zbigniewa Pieczykolana odegra\u0142a Mazurka D\u0105browskiego, a licznie przybyli go\u015bcie i mieszka\u0144cy od\u015bpiewali wsp\u00f3lnie Hymn Pa\u0144stwowy. Otwarcia oficjalnej cz\u0119\u015bci uroczysto\u015bci dokona\u0142 Prezes Ochotniczej Stra\u017cy Po\u017carnej w \u0141abu\u0144kach dh <strong>Jan Branecki,<\/strong> kt\u00f3ry przedstawi\u0142 histori\u0119 jednostki:<br \/>\n&nbsp;<\/p>\n<table style=\"width: 100%; border-collapse: collapse; border-color: #040040; background-color: #d1e3ff; border-style: groove;\" border=\"1\" cellpadding=\"25\">\n<tbody>\n<tr>\n<td style=\"width: 100%;\">\n<p style=\"text-align: justify;\"><em>Dla drewnianej, s\u0142om\u0105 krytej, zabudowanej w ulic\u00f3wk\u0119 wsi wielkie zagro\u017cenie stanowi\u0142y po\u017cary niszcz\u0105c jej zabudowania cz\u0119sto doszcz\u0119tnie. Spraw\u0105 ogromnej wagi by\u0142a ch\u0119\u0107 przeciwdzia\u0142ania i obrony przed zagro\u017ceniami.<\/em><\/p>\n<p style=\"text-align: justify;\"><em>Z posiadanych zapis\u00f3w, oraz przekaz\u00f3w ustnych dostrzec mo\u017cna, \u017ce pocz\u0105tki Stra\u017cy Po\u017carnej w \u0141abu\u0144kach si\u0119gaj\u0105 roku 1918, a za\u0142o\u017cycielem jej by\u0142 Boles\u0142aw Nowakowski, kiedy to na terenie naszym dzia\u0142a\u0142a administracja austriacka. Wtedy to pod szyldem Ochotniczej Stra\u017cy Po\u017carnej chodzi\u0142o mi\u0119dzy innymi o przeszkolenie wojskowe m\u0142odzie\u017cy. Kiedy rozpocz\u0119to dzia\u0142alno\u015b\u0107, w\u0142adze okupacyjne zorientowa\u0142y si\u0119 o co chodzi i przerwa\u0142y jej dzia\u0142ania.<\/em><\/p>\n<p style=\"text-align: justify;\"><em>Ogie\u0144 niejednokrotnie trawi\u0142 budynki gospodarcze wraz z ca\u0142ym dorobkiem \u017cycia. Prze\u0142omowym staje si\u0119 w\u0142a\u015bnie rok 1924, kiedy powstaje po\u017car, kt\u00f3ry niszczy m\u0142yn wodny, obor\u0119 folwarku oraz pi\u0119\u0107 innych gospodarstw. Komendant posterunku policji Franciszek Sierpi\u0144ski ponownie zak\u0142ada Ochotnicz\u0105 Stra\u017c Po\u017carn\u0105 i staje si\u0119 motorem rozkr\u0119caj\u0105cym jej dzia\u0142ania. Z pomoc\u0105 przychodz\u0105 mu Ludwik Zakrzewski \u00f3wczesny Prezes, Franciszek Blomka \u2013 Naczelnik, oraz nauczycielka pani Mnich\u00f3wna.<\/em><\/p>\n<p style=\"text-align: justify;\"><em>W latach 1925-1926 z uzyskanych zbi\u00f3rek, kwest i darowizn, oraz zorganizowanych imprez, pobudowany zostaje drewniany dom ludowy wraz z remiz\u0105, w kt\u00f3rej to miejsce zajmuje r\u0119czna sikawka i konne beczkowozy.<\/em><\/p>\n<p style=\"text-align: justify;\"><em>W 1938 roku zostaje pobudowany przy szosie, Zamo\u015b\u0107 &#8211; Tomasz\u00f3w Lubelski, murowany dom ludowy, ale napa\u015b\u0107 hitlerowska przerywa wszelkie \u017cycie spo\u0142eczne. Po wyzwoleniu, kto prze\u017cy\u0142 wraca\u0142 na swoje. Wr\u00f3cili starzy \u2013 do\u0142\u0105czyli do nich m\u0142odzi. Powoli powraca \u017cycie, a wraz z nim odbudowuje si\u0119 Stra\u017c. Obejmuj\u0105c funkcj\u0119 Prezesa \u2013 Jan Kowarz i Naczelnika \u2013 Leon Bilski rozkr\u0119caj\u0105 dzia\u0142alno\u015b\u0107 Stra\u017cy, odradzaj\u0105 si\u0119 stare tradycje. Stargani wojenn\u0105 zawieruch\u0105 i tu\u0142aczk\u0105 odchodz\u0105 na spoczynek. W 1949 roku funkcje Prezesa obejmuje Bronis\u0142aw Kolenda,\u00a0 Naczelnika &#8211; W\u0142adys\u0142aw Blomka, a Gospodarzem \u2013 Pawe\u0142 Tomczak.<\/em><\/p>\n<p style=\"text-align: justify;\"><em>\u017bycie toczy si\u0119 podobnie i trwa do roku 1953, w kt\u00f3rym to ponownie Prezesem zostaje Jan Kowarz, a Naczelnikiem Jan Karchut. Funkcj\u0119 Skarbnika obejmuje Jan Petryk, a Sekretarzem zostaje Bronis\u0142aw Kolenda. Po siedmiu latach obowi\u0105zki swoje przekazuj\u0105 m\u0142odszemu pokoleniu. W roku 1960 funkcj\u0119 Prezesa obejmuje Julian B\u0142o\u0144ski, Naczelnika W\u0142adys\u0142aw Oziomek, Skarbnika &#8211; Antoni Niemczuk, a Sekretarza &#8211; Jerzy Branecki. Zarz\u0105d wraz z cz\u0142onkami i spo\u0142ecze\u0144stwem dzia\u0142a pr\u0119\u017cnie. Rozbudowuje Remiz\u0119, dba o swoj\u0105 sprawno\u015b\u0107, organizuje imprezy kulturalne takie jak do\u017cynki, dni miejscowo\u015bci, zabawy taneczne. W roku 1962 dochodzi do kolejnej zmiany w zarz\u0105dzie i tak funkcj\u0119 Prezesa przyjmuje Zbigniew Zakrzewski, Naczelnika &#8211; Kazimierz Cie\u0107ko, Skarbnika &#8211; Jan Lachawiec, a sekretarzem jest Jerzy Branecki.<\/em><\/p>\n<p style=\"text-align: justify;\"><em>Zarz\u0105d dzia\u0142a pr\u0119\u017cnie, rozbudowuje Remiz\u0119, w 1972 r.\u00a0 zrodzi\u0142a si\u0119 my\u015bl kupna samochodu i OSP kupuje\u00a0 Stara 28 do adaptacji na ga\u015bniczy, kt\u00f3ry to, s\u0142u\u017cy do roku 1978. W roku 1978 dzi\u0119ki staraniom Zarz\u0105du nasza OSP otrzymuje z Komendy Wojew\u00f3dzkiej Pa\u0144stwowej Stra\u017cy Po\u017carnej w Zamo\u015bciu najstarszy samoch\u00f3d na jej wyposa\u017ceniu \u2013 Star \u2013 25, GBM 2,5\/8. kt\u00f3rego u\u017cywa do roku 2003. W latach 80-tych nast\u0119puje przyp\u0142yw nowych a zarazem m\u0142odych cz\u0142onk\u00f3w w szeregi OSP. Fakt ten sprawi\u0142 \u017ce w rywalizacji na zawodach sportowo po\u017carniczych nasza jednostka zajmuje czo\u0142owe lokaty. W 2000 roku z funkcji Naczelnika rezygnuje Kazimierz Cie\u0107ko zostaj\u0105c cz\u0142onkiem honorowym, a jego miejsce zajmuje Mariusz Branecki. W 2003r dzi\u0119ki staraniom Prezesa ZGm ZOSP RP, a zarazem W\u00f3jta\u00a0 Antoniego Wojciecha Turczyna OSP \u0141abu\u0144ki otrzymuje nieodp\u0142atnie od Ministerstwa Obrony Narodowej samoch\u00f3d ga\u015bniczy Star 244.<\/em><\/p>\n<p style=\"text-align: justify;\"><em>2004 rok zapisa\u0142 si\u0119 szczeg\u00f3lnie w historii naszej OSP z uwagi na to, \u017ce otrzymali\u015bmy Sztandar, kt\u00f3ry jest chlub\u0105 naszej jednostki, a fundatorem jego jest Pani Marta Ho\u0142ys.<\/em><\/p>\n<p style=\"text-align: justify;\"><em>Fakt otrzymania samochodu\u00a0 powoduje wi\u0119ksz\u0105 mobilizacj\u0119 do dzia\u0142ania jak r\u00f3wnie\u017c i mobilno\u015b\u0107 naszej OSP o tereny trudno dost\u0119pne.<\/em><\/p>\n<p style=\"text-align: justify;\"><em>W zawodach sportowo- po\u017carniczych OSP osi\u0105ga czo\u0142owe lokaty, coraz cz\u0119\u015bciej\u00a0 bierze udzia\u0142 w dzia\u0142aniach ratowniczo-ga\u015bniczych.<\/em><\/p>\n<p style=\"text-align: justify;\"><em>W roku 2005 odchodzi do wieczno\u015bci Jan Lachawiec, a funkcj\u0119 Skarbnika obejmuje Leszek Kolaja. W 2007r z funkcji Prezesa odchodzi Zbigniew Zakrzewski pozostaj\u0105c\u00a0 cz\u0142onkiem honorowym, a funkcj\u0119 t\u0105 obejmuje Jerzy Branecki dotychczasowy sekretarz, funkcj\u0119 sekretarza natomiast obejmuje Marcin Zygmunt.<\/em><\/p>\n<p style=\"text-align: justify;\"><em>W 2012 roku dzi\u0119ki przychylno\u015bci obecnego Pana W\u00f3jta zostaje wyremontowana istniej\u0105ca Remiza i dostawiony nowy gara\u017c na samoch\u00f3d bojowy, a plac przed gara\u017cem wybrukowany i ogrodzony. W tym samym roku otrzymujemy wyposa\u017cenie takie jak, pi\u0142a do drewna, torba OSP-R1, motorola GM 360 oraz sprz\u0119t ochrony osobistej.<\/em><\/p>\n<p><em>Zadania stawiane przed OSP rosn\u0105, a Zarz\u0105d robi wszystko aby im sprosta\u0107, dlatego Zarz\u0105d naszej OSP w porozumieniu z Prezesem Zarz\u0105du Gminnego ZOSP RP ca\u0142y czas podnosz\u0105 kwalifikacje cz\u0142onk\u00f3w jak r\u00f3wnie\u017c d\u0105\u017c\u0105 do jak najlepszego doposa\u017cenia OSP w niezb\u0119dny sprz\u0119t. (&#8230;)<br \/>\n<\/em><\/td>\n<\/tr>\n<\/tbody>\n<\/table>\n<p>&nbsp;<br \/>\nKolejnym punktem uroczysto\u015bci by\u0142o wr\u0119czenie medali i odznacze\u0144 druhom stra\u017cakom za zas\u0142ugi dla po\u017carnictwa oraz wys\u0142ug\u0119 lat. Odznaczenia zostali:<br \/>\n&nbsp;<\/p>\n<ul>\n<li>Uchwa\u0142\u0105 Prezydium Zarz\u0105du Oddzia\u0142u Wojew\u00f3dzkiego Zwi\u0105zku \u00a0Ochotniczych Stra\u017cy Po\u017carnych Rzeczypospolitej Polskiej w Lublinie <em><span style=\"text-decoration: underline;\">Z\u0142otym medalem &#8220;Za zas\u0142ugi dla po\u017carnictwa&#8221; <\/span><\/em>wyr\u00f3\u017cnieni zostali: dh <strong>Jerzy Wolski<\/strong>; dh <strong>J\u00f3zef Pi\u0142at<\/strong>; dh <strong>Leszek Kolaja<\/strong>; dh <strong>Marcin Zygmunt<\/strong>; dh <strong>Kazimierz Skr\u0119tu\u0142a<\/strong>.<\/li>\n<p>&nbsp;<\/p>\n<li>Uchwa\u0142\u0105 Prezydium Zarz\u0105du Oddzia\u0142u Wojew\u00f3dzkiego Zwi\u0105zku\u00a0 Ochotniczych Stra\u017cy Po\u017carnych Rzeczypospolitej Polskiej w Lublinie <em><span style=\"text-decoration: underline;\">Srebrnym \u00a0medalem &#8220;Za zas\u0142ugi dla po\u017carnictwa&#8221;<\/span><\/em> odznaczeni zostali: dh <strong>Jaros\u0142aw Ludowski<\/strong>; dh <strong>Miros\u0142aw Zygmunt<\/strong>.<\/li>\n<p>&nbsp;<\/p>\n<li>Uchwa\u0142\u0105 Prezydium Zarz\u0105du Oddzia\u0142u Wojew\u00f3dzkiego Zwi\u0105zku\u00a0 Ochotniczych Stra\u017cy Po\u017carnych Rzeczypospolitej Polskiej w Lublinie <em><span style=\"text-decoration: underline;\">Br\u0105zowym medalem &#8220;Za zas\u0142ugi dla po\u017carnictwa&#8221;<\/span><\/em> odznaczeni\u00a0 zostali: dh <strong>Andrzej Niemczuk<\/strong>; dh <strong>Jaros\u0142aw Wolski<\/strong>.<\/li>\n<p>&nbsp;<\/p>\n<li>Uchwa\u0142\u0105 Prezydium Zarz\u0105du Oddzia\u0142u Powiatowego\u00a0 Zwi\u0105zku Ochotniczych Stra\u017cy Po\u017carnych Rzeczypospolitej Polskiej w Zamo\u015bciu\u00a0<em><span style=\"text-decoration: underline;\"> Odznak\u0105 \u201eStra\u017cak Wzorowy\u201d<\/span><\/em> wyr\u00f3\u017cnieni zostali: dh <strong>Karol Kycko;<\/strong> dh <strong>Rafa\u0142 Madeja;<\/strong> dh <strong>Grzegorz Branecki;<\/strong> dh <strong>Kamil Fedak;<\/strong> dh <strong>Sebastian Starszuk.<\/strong><\/li>\n<p>&nbsp;<\/p>\n<li>Uchwa\u0142\u0105 Prezydium Zarz\u0105du Oddzia\u0142u Gminnego Zwi\u0105zku Ochotniczych Stra\u017cy Po\u017carnych Rzeczypospolitej Polskiej w \u0141abuniach\u00a0 <span style=\"text-decoration: underline;\"><em>Odznak\u0105 \u201eZa Wys\u0142ug\u0119 Lat\u201d<\/em> <\/span>odznaczeni zostali:\n<ul>\n<li>Odznak\u0119 <em><span style=\"text-decoration: underline;\">\u201eZa Wys\u0142ug\u0119 Lat 55\u201d<\/span><\/em> otrzyma\u0142 dh <strong>Jerzy Branecki.<\/strong><\/li>\n<li>Odznak\u0119 <em><span style=\"text-decoration: underline;\">\u201eZa Wys\u0142ug\u0119 Lat 50\u201d<\/span><\/em>: otrzymali: dh <strong>Marek Kolenda;<\/strong> dh <strong>Boles\u0142aw Fedak.<\/strong><\/li>\n<li>Odznak\u0119 <em><span style=\"text-decoration: underline;\">\u201eZa Wys\u0142ug\u0119 Lat 40\u201d<\/span><\/em>: otrzymali: dh <strong>Kazimierz Skr\u0119tu\u0142a<\/strong>, dh <strong>Marian Branecki;<\/strong> dh <strong>Jerzy Wolski;<\/strong> dh <strong>J\u00f3zef Pi\u0142at;<\/strong> dh <strong>Andrzej Niemczuk<\/strong>, dh <strong>Walerian Burdzy<\/strong>.<\/li>\n<li>Odznak\u0119 <em><span style=\"text-decoration: underline;\">\u201eZa Wys\u0142ug\u0119 Lat 35\u201d<\/span><\/em> otrzyma\u0142 dh <strong>Artur Branecki.<\/strong><\/li>\n<li>Odznak\u0119 <em><span style=\"text-decoration: underline;\">\u201eZa Wys\u0142ug\u0119 Lat 30\u201d<\/span><\/em> otrzyma\u0142 dh <strong>Antoni Wojciech Turczyn<\/strong>, dh <strong>Tadeusz Branecki<\/strong>.<\/li>\n<li>Odznak\u0119 <em><span style=\"text-decoration: underline;\">\u201eZa Wys\u0142ug\u0119 Lat 25\u201d <\/span><\/em>otrzymali: dh <strong>Mariusz Branecki;<\/strong> dh <strong>Leszek Kolaja;<\/strong> dh <strong>Krzysztof Kowalski.<\/strong><\/li>\n<li>Odznak\u0119<em><span style=\"text-decoration: underline;\"> \u201eZa Wys\u0142ug\u0119 Lat 20\u201d<\/span><\/em> otrzyma\u0142 dh <strong>Marcin Zygmunt.<\/strong><\/li>\n<li>Odznak\u0119 <em><span style=\"text-decoration: underline;\">\u201eZa Wys\u0142ug\u0119 Lat 15\u201d<\/span><\/em> otrzymali: dh <strong>Adam Kycko<\/strong>, dh <strong>Jaros\u0142aw Ludowski;<\/strong> dh <strong>Jaros\u0142aw Wolski;<\/strong> dh <strong>Miros\u0142aw Zygmunt.<\/strong><\/li>\n<li>Odznak\u0119 <em><span style=\"text-decoration: underline;\">\u201eZa Wys\u0142ug\u0119 Lat 10\u201d<\/span><\/em> otrzyma\u0142 dh <strong>Karol Kycko<\/strong>, dh <strong>Rafa\u0142 Madeja<\/strong>.<\/li>\n<li>Odznak\u0119 <em><span style=\"text-decoration: underline;\">\u201eZa Wys\u0142ug\u0119 Lat 5\u201d<\/span><\/em> otrzymali: dh <strong>Grzegorz<\/strong> <strong>Branecki,<\/strong> dh <strong>Kamil Fedak.<\/strong><\/li>\n<\/ul>\n<\/li>\n<\/ul>\n<p>&nbsp;<br \/>\n&nbsp;<br \/>\nPrzed zako\u0144czeniem uroczysto\u015bci przybyli go\u015bcie w kilku ciep\u0142ych s\u0142owach pogratulowali jubileuszu jak r\u00f3wnie\u017c podzi\u0119kowali za trud i po\u015bwi\u0119cenie jaki stra\u017cacy, nie tylko z \u0141abuniek, wk\u0142adaj\u0105 w swoj\u0105 dzia\u0142alno\u015b\u0107 spo\u0142eczn\u0105.<br \/>\n&nbsp;<br \/>\nOkoliczno\u015bciowe przem\u00f3wienie wyg\u0142osi\u0142 oraz \u017cyczenia druhom z \u0141abuniek z\u0142o\u017cy\u0142 W\u00f3jt Gminy \u0141abunie <strong>Antoni Wojciech Turczyn,<\/strong> kt\u00f3ry z Przewodnicz\u0105cym Rady Gminy \u0141abunie <strong>Adamem Kniaziem<\/strong> wr\u0119czy\u0142 zaproszonym go\u015bciom pami\u0105tkowe medale.<br \/>\n&nbsp;<br \/>\nJubileusz \u0142abunieckiej jednostki by\u0142 r\u00f3wnie\u017c okazj\u0105 do wr\u0119czenia nadanych przez Zarz\u0105d Wojew\u00f3dztwa Lubelskiego pami\u0105tkowych medali za zas\u0142ugi dla wojew\u00f3dztwa lubelskiego. Wyr\u00f3\u017cnienia przekaza\u0142 <strong>Arkadiusz Bratkowski<\/strong> cz\u0142onek zarz\u0105du wojew\u00f3dztwa. Otrzymali je: ks. senior <strong>Aleksander Sieciechowicz,<\/strong> <strong>Ochotnicza Stra\u017c Po\u017carna w \u0141abu\u0144kach<\/strong>, <strong>Biblioteka Publiczna Gminy \u0141abunie<\/strong> oraz W\u00f3jt Gminy \u0141abunie <strong>Antoni Wojciech Turczyn.<\/strong><br \/>\n&nbsp;<br \/>\nPrzem\u00f3wienia wyg\u0142osili i \u017cyczenia stra\u017cakom z \u0141abuniek z\u0142o\u017cyli zaproszeni go\u015bcie: <strong>Henryk Matej<\/strong> Starosta Zamojski, st. bryg. <strong>Jacek Sobczy\u0144ski<\/strong> Komendant Miejski PSP w Zamo\u015bciu, dh <strong>Kazimierz Mielnicki<\/strong> Prezes Zarz\u0105du Oddzia\u0142u Powiatowego ZOSP RP w Zamo\u015bciu oraz p\u0142k PSP w st. spocz. <strong>Mieczys\u0142aw Skiba<\/strong>.<br \/>\n&nbsp;<br \/>\nTu\u017c przed zako\u0144czeniem uroczysto\u015bci Prezes OSP \u0141abu\u0144ki dh Jerzy Branecki odczyta\u0142 list, kt\u00f3ry w imieniu pos\u0142a Zbigniewa Sosnowskiego, Zast\u0119pcy Przewodnicz\u0105cego Komisji Administracji i Spraw Wewn\u0119trznych oraz Zast\u0119pcy Przewodnicz\u0105cego Parlamentarnego Zespo\u0142u Stra\u017cak\u00f3w, przes\u0142a\u0142 na r\u0119ce Prezesa OSP \u0141abu\u0144ki, Doradca Prawny, Szef Biura Poselskiego pos\u0142a Zbigniewa Sosnowskiego, Janusz W\u0142odzimierz Pr\u0119dki.<br \/>\n&nbsp;<br \/>\n<div id='pe-gallery-1' class='pe-gallery pe-gallery-9506 columns-1 img-size-medium'><div class='pe-row'><div class='col-md-12'><figure tabindex='0' class='pe-gallery-item ' ><div class='pe-gallery-image portrait'>\n\t\t\t\t\t\t\t<a href=\"https:\/\/www.labunie.com.pl\/wp-content\/uploads\/2018\/09\/list_100-l_OSP_Labunki.png\" data-rel=\"lightbox-gallery-dsQNDkMD\" data-rl_title=\"\" data-rl_caption=\"\" title=\"\"><img loading=\"lazy\" decoding=\"async\" width=\"202\" height=\"300\" src=\"https:\/\/www.labunie.com.pl\/wp-content\/uploads\/2018\/09\/list_100-l_OSP_Labunki-202x300.png\" class=\"attachment-medium size-medium\" alt=\"list 100 l OSP Labunki\" data-no-retina=\"\" aria-describedby=\"gallery-1-9542\" srcset=\"https:\/\/www.labunie.com.pl\/wp-content\/uploads\/2018\/09\/list_100-l_OSP_Labunki-202x300.png 202w, https:\/\/www.labunie.com.pl\/wp-content\/uploads\/2018\/09\/list_100-l_OSP_Labunki-768x1143.png 768w, https:\/\/www.labunie.com.pl\/wp-content\/uploads\/2018\/09\/list_100-l_OSP_Labunki-688x1024.png 688w, https:\/\/www.labunie.com.pl\/wp-content\/uploads\/2018\/09\/list_100-l_OSP_Labunki.png 1500w\" sizes=\"auto, (max-width: 202px) 100vw, 202px\" \/><\/a>\n\t\t\t\t\t\t<\/div><figcaption class='wp-caption-text pe-gallery-caption'>\n\t\t\t\t\t\t\t\tlist 100 l OSP Labunki\n\t\t\t\t\t\t\t<\/figcaption><\/figure><\/div><\/div><\/div>\n<br \/>\nPo oficjalnej cz\u0119\u015bci uroczysto\u015bci mo\u017cna by\u0142o obejrze\u0107 pokaz ratownictwa technicznego przygotowany przez stra\u017cak\u00f3w z OSP \u0141abu\u0144ki, obejrze\u0107 samochody OSP oraz z PSP w Zamo\u015bciu, spr\u00f3bowa\u0107 groch\u00f3wki oraz pobawi\u0107 si\u0119 przy muzyce \u2013 wieczorem wyst\u0105pi\u0142 zesp\u00f3\u0142 \u201eGrze\u015bki\u201d. \u015awi\u0119to OSP \u0141abu\u0144ki zako\u0144czono dyskotek\u0105 pod gwiazdami z zespo\u0142em \u201eDiament\u201d.<br \/>\n&nbsp;<br \/>\n[lg_folder folder=&#8221;20180909\/&#8221; paging=&#8221;false&#8221;]<br \/>\n&nbsp;<br \/>\n<em>Zarz\u0105d Ochotniczej Stra\u017cy Po\u017carnej w \u0141abu\u0144kach serdecznie dzi\u0119kuje wszystkim go\u015bciom, mieszka\u0144com, sympatykom stra\u017cy za przybycie; dzi\u0119kujemy r\u00f3wnie\u017c wszystkim tym, kt\u00f3rzy przyczynili si\u0119 do organizacji tego przedsi\u0119wzi\u0119cia, aby jubileusz obchod\u00f3w 100-lecia OSP \u0141abu\u0144ki zapad\u0142 wszystkim w pami\u0119ci na d\u0142ugie lata.<\/em><\/p>\n","protected":false},"excerpt":{"rendered":"<p>9 wrze\u015bnia Ochotnicza Stra\u017c Po\u017carna w \u0141abu\u0144kach obchodzi\u0142a jubileusz 100-lecia funkcjonowania. Zebranych powita\u0142 Naczelnik OSP \u0141abu\u0144ki dh Mariusz Branecki. Obchody poprzedzi\u0142a polowa msza \u015bw. w intencji stra\u017cak\u00f3w i ich rodzin, kt\u00f3r\u0105 koncelebrowali ks. kan. Andrzej Chmaj kapelan zamojskich stra\u017cak\u00f3w oraz ks. Piotr Rawlik \u2013 proboszcz \u0142abu\u0144skiej parafii, kt\u00f3ry wyg\u0142osi\u0142 do stra\u017cak\u00f3w kazanie.<\/p>\n","protected":false},"author":7,"featured_media":9512,"comment_status":"closed","ping_status":"closed","sticky":false,"template":"","format":"standard","meta":{"footnotes":""},"categories":[1],"tags":[],"class_list":["post-9506","post","type-post","status-publish","format-standard","has-post-thumbnail","hentry","category-wpisy","clearfix"],"_links":{"self":[{"href":"https:\/\/www.labunie.com.pl\/index.php?rest_route=\/wp\/v2\/posts\/9506","targetHints":{"allow":["GET"]}}],"collection":[{"href":"https:\/\/www.labunie.com.pl\/index.php?rest_route=\/wp\/v2\/posts"}],"about":[{"href":"https:\/\/www.labunie.com.pl\/index.php?rest_route=\/wp\/v2\/types\/post"}],"author":[{"embeddable":true,"href":"https:\/\/www.labunie.com.pl\/index.php?rest_route=\/wp\/v2\/users\/7"}],"replies":[{"embeddable":true,"href":"https:\/\/www.labunie.com.pl\/index.php?rest_route=%2Fwp%2Fv2%2Fcomments&post=9506"}],"version-history":[{"count":5,"href":"https:\/\/www.labunie.com.pl\/index.php?rest_route=\/wp\/v2\/posts\/9506\/revisions"}],"predecessor-version":[{"id":9544,"href":"https:\/\/www.labunie.com.pl\/index.php?rest_route=\/wp\/v2\/posts\/9506\/revisions\/9544"}],"wp:featuredmedia":[{"embeddable":true,"href":"https:\/\/www.labunie.com.pl\/index.php?rest_route=\/wp\/v2\/media\/9512"}],"wp:attachment":[{"href":"https:\/\/www.labunie.com.pl\/index.php?rest_route=%2Fwp%2Fv2%2Fmedia&parent=9506"}],"wp:term":[{"taxonomy":"category","embeddable":true,"href":"https:\/\/www.labunie.com.pl\/index.php?rest_route=%2Fwp%2Fv2%2Fcategories&post=9506"},{"taxonomy":"post_tag","embeddable":true,"href":"https:\/\/www.labunie.com.pl\/index.php?rest_route=%2Fwp%2Fv2%2Ftags&post=9506"}],"curies":[{"name":"wp","href":"https:\/\/api.w.org\/{rel}","templated":true}]}}