{"id":9495,"date":"2018-09-13T13:20:20","date_gmt":"2018-09-13T11:20:20","guid":{"rendered":"https:\/\/www.labunie.com.pl\/?p=9495"},"modified":"2018-09-13T13:20:20","modified_gmt":"2018-09-13T11:20:20","slug":"narodowe-czytanie-2018-2","status":"publish","type":"post","link":"https:\/\/www.labunie.com.pl\/?p=9495","title":{"rendered":"Narodowe Czytanie 2018"},"content":{"rendered":"<p><strong>8 wrze\u015bnia w ogrodzie edukacyjnym &#8220;Pawie Pi\u00f3ro&#8221; w \u0141abuniach mia\u0142o miejsce Narodowe Czytanie &#8220;Przedwio\u015bnia&#8221; Stefana \u017beromskiego.<\/strong><\/p>\n<p><!--more--><br \/>\n&nbsp;<br \/>\n&nbsp;<br \/>\n&nbsp;<br \/>\n&nbsp;<br \/>\n[lg_folder folder=&#8221;20180908a\/&#8221; paging=&#8221;false&#8221;]<\/p>\n<p>W trakcie czytania podsumowano IX Gminny Konkurs Interdyscyplinarny &#8220;W Roku Zbigniewa Herberta i Ireny Sendlerowej <em>ANIO\u0141OWO<\/em>&#8220;.<\/p>\n<p>Nagrody wr\u0119cza\u0142 W\u00f3jt Gminy \u0141abunie Antoni Wojciech Turczyn i Przewodnicz\u0105cy Rady Gminy \u0141abunie Adam Knia\u017a.<br \/>\n&nbsp;<br \/>\n[lg_folder folder=&#8221;20180908b\/&#8221; paging=&#8221;false&#8221;]<\/p>\n<blockquote class=\"wp-embedded-content\" data-secret=\"fd3ROR6qIj\"><p><a href=\"https:\/\/www.labunie.com.pl\/2018\/09\/aniolowo-protokol-komisji-konkursowej\/\">&#8220;ANIO\u0141OWO&#8221; &#8211; protok\u00f3\u0142 Komisji Konkursowej<\/a><\/p><\/blockquote>\n<p><iframe loading=\"lazy\" class=\"wp-embedded-content\" sandbox=\"allow-scripts\" security=\"restricted\" style=\"position: absolute; clip: rect(1px, 1px, 1px, 1px);\" title=\"&#8222;&#8220;ANIO\u0141OWO&#8221; &#8211; protok\u00f3\u0142 Komisji Konkursowej&#8221; &#8212; Urz\u0105d Gminy \u0141abunie\" src=\"https:\/\/www.labunie.com.pl\/2018\/09\/aniolowo-protokol-komisji-konkursowej\/embed\/#?secret=fd3ROR6qIj\" data-secret=\"fd3ROR6qIj\" width=\"600\" height=\"338\" frameborder=\"0\" marginwidth=\"0\" marginheight=\"0\" scrolling=\"no\"><\/iframe><\/p>\n<p>&nbsp;<\/p>\n","protected":false},"excerpt":{"rendered":"<p>8 wrze\u015bnia w ogrodzie edukacyjnym &#8220;Pawie Pi\u00f3ro&#8221; w \u0141abuniach mia\u0142o miejsce Narodowe Czytanie &#8220;Przedwio\u015bnia&#8221; Stefana \u017beromskiego.<\/p>\n","protected":false},"author":7,"featured_media":9497,"comment_status":"closed","ping_status":"closed","sticky":false,"template":"","format":"standard","meta":{"footnotes":""},"categories":[1],"tags":[],"class_list":["post-9495","post","type-post","status-publish","format-standard","has-post-thumbnail","hentry","category-wpisy","clearfix"],"_links":{"self":[{"href":"https:\/\/www.labunie.com.pl\/index.php?rest_route=\/wp\/v2\/posts\/9495","targetHints":{"allow":["GET"]}}],"collection":[{"href":"https:\/\/www.labunie.com.pl\/index.php?rest_route=\/wp\/v2\/posts"}],"about":[{"href":"https:\/\/www.labunie.com.pl\/index.php?rest_route=\/wp\/v2\/types\/post"}],"author":[{"embeddable":true,"href":"https:\/\/www.labunie.com.pl\/index.php?rest_route=\/wp\/v2\/users\/7"}],"replies":[{"embeddable":true,"href":"https:\/\/www.labunie.com.pl\/index.php?rest_route=%2Fwp%2Fv2%2Fcomments&post=9495"}],"version-history":[{"count":4,"href":"https:\/\/www.labunie.com.pl\/index.php?rest_route=\/wp\/v2\/posts\/9495\/revisions"}],"predecessor-version":[{"id":9500,"href":"https:\/\/www.labunie.com.pl\/index.php?rest_route=\/wp\/v2\/posts\/9495\/revisions\/9500"}],"wp:featuredmedia":[{"embeddable":true,"href":"https:\/\/www.labunie.com.pl\/index.php?rest_route=\/wp\/v2\/media\/9497"}],"wp:attachment":[{"href":"https:\/\/www.labunie.com.pl\/index.php?rest_route=%2Fwp%2Fv2%2Fmedia&parent=9495"}],"wp:term":[{"taxonomy":"category","embeddable":true,"href":"https:\/\/www.labunie.com.pl\/index.php?rest_route=%2Fwp%2Fv2%2Fcategories&post=9495"},{"taxonomy":"post_tag","embeddable":true,"href":"https:\/\/www.labunie.com.pl\/index.php?rest_route=%2Fwp%2Fv2%2Ftags&post=9495"}],"curies":[{"name":"wp","href":"https:\/\/api.w.org\/{rel}","templated":true}]}}