{"id":9464,"date":"2018-09-10T09:04:37","date_gmt":"2018-09-10T07:04:37","guid":{"rendered":"https:\/\/www.labunie.com.pl\/?p=9464"},"modified":"2018-09-10T09:04:37","modified_gmt":"2018-09-10T07:04:37","slug":"postanowienie-komisarza-wyborczego-w-zamosciu-i-2","status":"publish","type":"post","link":"https:\/\/www.labunie.com.pl\/?p=9464","title":{"rendered":"Postanowienie Komisarza Wyborczego w Zamo\u015bciu I"},"content":{"rendered":"<p><strong>Postanowienie Komisarza Wyborczego w Zamo\u015bciu I z dnia 8 wrze\u015bnia 2018 r. w sprawie zwo\u0142ania pierwszych posiedze\u0144 terytorialnych komisji wyborczych w wyborach organ\u00f3w jednostek samorz\u0105du terytorialnego zarz\u0105dzonych na dzie\u0144 21 pa\u017adziernika 2018 r.<\/strong><br \/>\n<!--more--><\/p>\n<table class=\" alignleft\" style=\"width: 630px; border-collapse: collapse;\" border=\"0\">\n<tbody>\n<tr style=\"height: 66px;\">\n<td style=\"width: 72px; height: 66px;\"><a href=\"https:\/\/www.labunie.com.pl\/wp-content\/uploads\/2018\/09\/1536411096_Postanowienie_komisarza_o_zwolaniu_posiedzenia_TKW.pdf\"><img loading=\"lazy\" decoding=\"async\" class=\"alignright size-full wp-image-1477\" src=\"https:\/\/www.labunie.com.pl\/wp-content\/uploads\/2015\/07\/pdf.png\" alt=\"\" width=\"50\" height=\"50\" \/><\/a><\/td>\n<td style=\"width: 558px; height: 66px;\"><a href=\"https:\/\/www.labunie.com.pl\/wp-content\/uploads\/2018\/09\/1536411096_Postanowienie_komisarza_o_zwolaniu_posiedzenia_TKW.pdf\">Postanowienie Komisarza Wyborczego w Zamo\u015bciu I w sprawie zwo\u0142ania pierwszych posiedze\u0144 terytorialnych komisji wyborczych w wyborach organ\u00f3w jednostek samorz\u0105du terytorialnego<\/a><\/td>\n<\/tr>\n<\/tbody>\n<\/table>\n<p>&nbsp;<br \/>\n<embed src=\"https:\/\/www.labunie.com.pl\/wp-content\/uploads\/2018\/09\/1536411096_Postanowienie_komisarza_o_zwolaniu_posiedzenia_TKW.pdf\" width=\"630\" height=\"880\" \/><\/p>\n","protected":false},"excerpt":{"rendered":"<p>Postanowienie Komisarza Wyborczego w Zamo\u015bciu I z dnia 8 wrze\u015bnia 2018 r. w sprawie zwo\u0142ania pierwszych posiedze\u0144 terytorialnych komisji wyborczych w wyborach organ\u00f3w jednostek samorz\u0105du terytorialnego zarz\u0105dzonych na dzie\u0144 21 pa\u017adziernika 2018 r.<\/p>\n","protected":false},"author":7,"featured_media":1161,"comment_status":"closed","ping_status":"closed","sticky":false,"template":"","format":"standard","meta":{"footnotes":""},"categories":[1],"tags":[],"class_list":["post-9464","post","type-post","status-publish","format-standard","has-post-thumbnail","hentry","category-wpisy","clearfix"],"_links":{"self":[{"href":"https:\/\/www.labunie.com.pl\/index.php?rest_route=\/wp\/v2\/posts\/9464","targetHints":{"allow":["GET"]}}],"collection":[{"href":"https:\/\/www.labunie.com.pl\/index.php?rest_route=\/wp\/v2\/posts"}],"about":[{"href":"https:\/\/www.labunie.com.pl\/index.php?rest_route=\/wp\/v2\/types\/post"}],"author":[{"embeddable":true,"href":"https:\/\/www.labunie.com.pl\/index.php?rest_route=\/wp\/v2\/users\/7"}],"replies":[{"embeddable":true,"href":"https:\/\/www.labunie.com.pl\/index.php?rest_route=%2Fwp%2Fv2%2Fcomments&post=9464"}],"version-history":[{"count":3,"href":"https:\/\/www.labunie.com.pl\/index.php?rest_route=\/wp\/v2\/posts\/9464\/revisions"}],"predecessor-version":[{"id":9468,"href":"https:\/\/www.labunie.com.pl\/index.php?rest_route=\/wp\/v2\/posts\/9464\/revisions\/9468"}],"wp:featuredmedia":[{"embeddable":true,"href":"https:\/\/www.labunie.com.pl\/index.php?rest_route=\/wp\/v2\/media\/1161"}],"wp:attachment":[{"href":"https:\/\/www.labunie.com.pl\/index.php?rest_route=%2Fwp%2Fv2%2Fmedia&parent=9464"}],"wp:term":[{"taxonomy":"category","embeddable":true,"href":"https:\/\/www.labunie.com.pl\/index.php?rest_route=%2Fwp%2Fv2%2Fcategories&post=9464"},{"taxonomy":"post_tag","embeddable":true,"href":"https:\/\/www.labunie.com.pl\/index.php?rest_route=%2Fwp%2Fv2%2Ftags&post=9464"}],"curies":[{"name":"wp","href":"https:\/\/api.w.org\/{rel}","templated":true}]}}