{"id":9409,"date":"2018-09-07T10:55:10","date_gmt":"2018-09-07T08:55:10","guid":{"rendered":"https:\/\/www.labunie.com.pl\/?p=9409"},"modified":"2018-09-07T12:34:34","modified_gmt":"2018-09-07T10:34:34","slug":"odsloniecie-tablicy-pamiatkowej-poswieconej-dzieciom-zamojszczyzny","status":"publish","type":"post","link":"https:\/\/www.labunie.com.pl\/?p=9409","title":{"rendered":"Ods\u0142oni\u0119cie tablicy pami\u0105tkowej po\u015bwi\u0119conej Dzieciom Zamojszczyzny &#8211; aktualizacja"},"content":{"rendered":"<p><strong>3 wrze\u015bnia tu\u017c przed rozpocz\u0119ciem roku szkolnego na cmentarzu parafialnym w \u0141abuniach w obecno\u015bci Prezesa Zarz\u0105du Okr\u0119gu Zamo\u015b\u0107 Polskiego Zwi\u0105zku by\u0142ych Wi\u0119\u017ani\u00f3w Politycznych Hitlerowskich Wi\u0119zie\u0144 i Oboz\u00f3w Koncentracyjnych Juliana Grudnia, W\u00f3jta Gminy \u0141abunie Antoniego Wojciecha Turczyna, zaproszonych go\u015bci, spo\u0142eczno\u015bci uczniowskiej, rodzic\u00f3w, poczt\u00f3w sztandarowych Polskiego Zwi\u0105zku <\/strong><\/p>\n<p><!--more--><\/p>\n<p><strong>by\u0142ych Wi\u0119\u017ani\u00f3w Politycznych Hitlerowskich Wi\u0119zie\u0144 i Oboz\u00f3w Koncentracyjnych, Armii Krajowej, OSP \u0141abunie i Majdan Ruszowski, Szk\u00f3\u0142 Podstawowych z \u0141abu\u0144 i \u0141abuniek Pierwszych mia\u0142o miejsce uroczyste ods\u0142oni\u0119cie tablicy pami\u0105tkowej po\u015bwi\u0119conej Dzieciom Zamojszczyzny z terenu naszej gminy.<\/strong><br \/>\n&nbsp;<br \/>\nPo\u015bwi\u0119cenia tablicy o tre\u015bci \u201ePAMI\u0118CI Tych, kt\u00f3rym okupant niemiecki odebra\u0142 dzieci\u0144stwo Dzieciom Zamojszczyzny z terenu Gminy \u0141abunie \u2013 Spo\u0142eczno\u015b\u0107 Gminy \u0141abunie\u201d dokona\u0142 ks. Proboszcz Piotr Rawlik. W trakcie uroczysto\u015bci Lucjan Gnyp Wiceprezes Honorowy Zarz\u0105du Okr\u0119gu Zamo\u015b\u0107 Polskiego Zwi\u0105zku by\u0142ych Wi\u0119\u017ani\u00f3w Politycznych, Hitlerowskich Wi\u0119zie\u0144 i Oboz\u00f3w Koncentracyjnych wr\u0119czy\u0142 W\u00f3jtowi Gminy \u0141abunie podzi\u0119kowanie za wieloletni\u0105 wsp\u00f3\u0142prac\u0119 i \u201ewielkie zaanga\u017cowanie w sprawy kultywowania historii okresu II Wojny \u015aw., w tym tragicznych los\u00f3w ludno\u015bci Zamojszczyzny, a przed wszystkim Dzieci Zamojszczyzny, kt\u00f3re r\u0119ka niemieckiego okupanta do\u015bwiadczy\u0142a szczeg\u00f3lnie okrutnie.\u201d<br \/>\n&nbsp;<br \/>\n<div id='pe-gallery-1' class='pe-gallery pe-gallery-9409 columns-3 img-size-medium'><div class='pe-row'><div class='col-md-4'><figure tabindex='0' class='pe-gallery-item ' ><div class='pe-gallery-image portrait'>\n\t\t\t\t\t\t\t<a href=\"https:\/\/www.labunie.com.pl\/wp-content\/uploads\/2018\/09\/dz_zam_podz.png\" data-rel=\"lightbox-gallery-vsQNxlHp\" data-rl_title=\"\" data-rl_caption=\"\" title=\"\"><img loading=\"lazy\" decoding=\"async\" width=\"212\" height=\"300\" src=\"https:\/\/www.labunie.com.pl\/wp-content\/uploads\/2018\/09\/dz_zam_podz-212x300.png\" class=\"attachment-medium size-medium\" alt=\"dz zam podz\" data-no-retina=\"\" aria-describedby=\"gallery-1-9410\" srcset=\"https:\/\/www.labunie.com.pl\/wp-content\/uploads\/2018\/09\/dz_zam_podz-212x300.png 212w, https:\/\/www.labunie.com.pl\/wp-content\/uploads\/2018\/09\/dz_zam_podz-768x1086.png 768w, https:\/\/www.labunie.com.pl\/wp-content\/uploads\/2018\/09\/dz_zam_podz-724x1024.png 724w, https:\/\/www.labunie.com.pl\/wp-content\/uploads\/2018\/09\/dz_zam_podz.png 1414w\" sizes=\"auto, (max-width: 212px) 100vw, 212px\" \/><\/a>\n\t\t\t\t\t\t<\/div><figcaption class='wp-caption-text pe-gallery-caption'>\n\t\t\t\t\t\t\t\tdz zam podz\n\t\t\t\t\t\t\t<\/figcaption><\/figure><\/div><\/div><\/div>\n<br \/>\n&nbsp;<br \/>\n<iframe loading=\"lazy\" width=\"630\" height=\"354\" src=\"https:\/\/www.youtube.com\/embed\/1JDRJbkxFpE\" frameborder=\"0\" allow=\"autoplay; encrypted-media\" allowfullscreen><\/iframe><br \/>\n&nbsp;<br \/>\nFilm dzi\u0119ki uprzejmo\u015bci<strong> <em>OTM Film<\/em> Tomasz Gwozda<\/strong><br \/>\n&nbsp;<br \/>\n[lg_folder folder=&#8221;20180903\/&#8221; count=&#8221;32&#8243; paging=&#8221;false&#8221;]<\/p>\n","protected":false},"excerpt":{"rendered":"<p>3 wrze\u015bnia tu\u017c przed rozpocz\u0119ciem roku szkolnego na cmentarzu parafialnym w \u0141abuniach w obecno\u015bci Prezesa Zarz\u0105du Okr\u0119gu Zamo\u015b\u0107 Polskiego Zwi\u0105zku by\u0142ych Wi\u0119\u017ani\u00f3w Politycznych Hitlerowskich Wi\u0119zie\u0144 i Oboz\u00f3w Koncentracyjnych Juliana Grudnia, W\u00f3jta Gminy \u0141abunie Antoniego Wojciecha Turczyna, zaproszonych go\u015bci, spo\u0142eczno\u015bci uczniowskiej, rodzic\u00f3w, poczt\u00f3w sztandarowych Polskiego Zwi\u0105zku<\/p>\n","protected":false},"author":7,"featured_media":9411,"comment_status":"closed","ping_status":"closed","sticky":false,"template":"","format":"standard","meta":{"footnotes":""},"categories":[1],"tags":[],"class_list":["post-9409","post","type-post","status-publish","format-standard","has-post-thumbnail","hentry","category-wpisy","clearfix"],"_links":{"self":[{"href":"https:\/\/www.labunie.com.pl\/index.php?rest_route=\/wp\/v2\/posts\/9409","targetHints":{"allow":["GET"]}}],"collection":[{"href":"https:\/\/www.labunie.com.pl\/index.php?rest_route=\/wp\/v2\/posts"}],"about":[{"href":"https:\/\/www.labunie.com.pl\/index.php?rest_route=\/wp\/v2\/types\/post"}],"author":[{"embeddable":true,"href":"https:\/\/www.labunie.com.pl\/index.php?rest_route=\/wp\/v2\/users\/7"}],"replies":[{"embeddable":true,"href":"https:\/\/www.labunie.com.pl\/index.php?rest_route=%2Fwp%2Fv2%2Fcomments&post=9409"}],"version-history":[{"count":5,"href":"https:\/\/www.labunie.com.pl\/index.php?rest_route=\/wp\/v2\/posts\/9409\/revisions"}],"predecessor-version":[{"id":9458,"href":"https:\/\/www.labunie.com.pl\/index.php?rest_route=\/wp\/v2\/posts\/9409\/revisions\/9458"}],"wp:featuredmedia":[{"embeddable":true,"href":"https:\/\/www.labunie.com.pl\/index.php?rest_route=\/wp\/v2\/media\/9411"}],"wp:attachment":[{"href":"https:\/\/www.labunie.com.pl\/index.php?rest_route=%2Fwp%2Fv2%2Fmedia&parent=9409"}],"wp:term":[{"taxonomy":"category","embeddable":true,"href":"https:\/\/www.labunie.com.pl\/index.php?rest_route=%2Fwp%2Fv2%2Fcategories&post=9409"},{"taxonomy":"post_tag","embeddable":true,"href":"https:\/\/www.labunie.com.pl\/index.php?rest_route=%2Fwp%2Fv2%2Ftags&post=9409"}],"curies":[{"name":"wp","href":"https:\/\/api.w.org\/{rel}","templated":true}]}}