{"id":9358,"date":"2018-08-27T13:28:03","date_gmt":"2018-08-27T11:28:03","guid":{"rendered":"https:\/\/www.labunie.com.pl\/?p=9358"},"modified":"2018-08-27T13:28:03","modified_gmt":"2018-08-27T11:28:03","slug":"dozynki-powiatowe-2018","status":"publish","type":"post","link":"https:\/\/www.labunie.com.pl\/?p=9358","title":{"rendered":"Do\u017cynki powiatowe 2018"},"content":{"rendered":"<p><strong>W\u00f3jt Gminy \u0141abunie Antoni Wojciech Turczyn, Wiceprzewodnicz\u0105ca Rady Gminy \u0141abunie El\u017cbieta Ku\u017ama i delegacje z wie\u0144cami z Barchaczowa, \u0141abuniek Pierwszych, \u0141abu\u0144, Moc\u00f3wki, Ruszowa, Ruszowa-Kolonii, Wierzbia i W\u00f3lki \u0141abu\u0144skiej reprezentowali 26 sierpnia Gmin\u0119 \u0141abunie na Do\u017cynkach Powiatowych. Organizatorem powiatowego \u015bwi\u0119ta plon\u00f3w by\u0142a w tym roku Gmina Grabowiec.<\/strong><\/p>\n<p><!--more--><br \/>\n&nbsp;<br \/>\nZwyczajem powiatowych do\u017cynek jest spotkanie rolnik\u00f3w ze Starost\u0105 Zamojskim, w trakcie kt\u00f3rego ma miejsce wr\u0119czanie dyplom\u00f3w dla wyr\u00f3\u017cnionych rolnik\u00f3w. Z Gminy \u0141abunie wyr\u00f3\u017cnienie otrzymali:<\/p>\n<ul>\n<li><strong>Urszula Py\u015b<\/strong> z Wierzbia<\/li>\n<li><strong>Marek Skiba<\/strong> z W\u00f3lki \u0141abu\u0144skiej<\/li>\n<\/ul>\n<p>&nbsp;<br \/>\nPodczas Powiatowo-Gminnych Do\u017cynek rozstrzygni\u0119to konkurs na wieniec do\u017cynkowy. Komisja konkursowa w kategorii &#8220;wie\u0144ca tradycyjnego&#8221; doceni\u0142a prac\u0119 mieszka\u0144c\u00f3w <strong>Moc\u00f3wki<\/strong>, przyznaj\u0105c <strong>I miejsce<\/strong>. Pozosta\u0142e wie\u0144ce z naszej gminy otrzyma\u0142y wyr\u00f3\u017cnienie.<br \/>\n&nbsp;<br \/>\n[lg_folder folder=&#8221;20180826\/&#8221; count=&#8221;20&#8243; paging=&#8221;false&#8221;]<\/p>\n<p>&nbsp;<\/p>\n","protected":false},"excerpt":{"rendered":"<p>W\u00f3jt Gminy \u0141abunie Antoni Wojciech Turczyn, Wiceprzewodnicz\u0105ca Rady Gminy \u0141abunie El\u017cbieta Ku\u017ama i delegacje z wie\u0144cami z Barchaczowa, \u0141abuniek Pierwszych, \u0141abu\u0144, Moc\u00f3wki, Ruszowa, Ruszowa-Kolonii, Wierzbia i W\u00f3lki \u0141abu\u0144skiej reprezentowali 26 sierpnia Gmin\u0119 \u0141abunie na Do\u017cynkach Powiatowych. Organizatorem powiatowego \u015bwi\u0119ta plon\u00f3w by\u0142a w tym roku Gmina Grabowiec.<\/p>\n","protected":false},"author":7,"featured_media":9359,"comment_status":"closed","ping_status":"closed","sticky":false,"template":"","format":"standard","meta":{"footnotes":""},"categories":[1],"tags":[],"class_list":["post-9358","post","type-post","status-publish","format-standard","has-post-thumbnail","hentry","category-wpisy","clearfix"],"_links":{"self":[{"href":"https:\/\/www.labunie.com.pl\/index.php?rest_route=\/wp\/v2\/posts\/9358","targetHints":{"allow":["GET"]}}],"collection":[{"href":"https:\/\/www.labunie.com.pl\/index.php?rest_route=\/wp\/v2\/posts"}],"about":[{"href":"https:\/\/www.labunie.com.pl\/index.php?rest_route=\/wp\/v2\/types\/post"}],"author":[{"embeddable":true,"href":"https:\/\/www.labunie.com.pl\/index.php?rest_route=\/wp\/v2\/users\/7"}],"replies":[{"embeddable":true,"href":"https:\/\/www.labunie.com.pl\/index.php?rest_route=%2Fwp%2Fv2%2Fcomments&post=9358"}],"version-history":[{"count":2,"href":"https:\/\/www.labunie.com.pl\/index.php?rest_route=\/wp\/v2\/posts\/9358\/revisions"}],"predecessor-version":[{"id":9361,"href":"https:\/\/www.labunie.com.pl\/index.php?rest_route=\/wp\/v2\/posts\/9358\/revisions\/9361"}],"wp:featuredmedia":[{"embeddable":true,"href":"https:\/\/www.labunie.com.pl\/index.php?rest_route=\/wp\/v2\/media\/9359"}],"wp:attachment":[{"href":"https:\/\/www.labunie.com.pl\/index.php?rest_route=%2Fwp%2Fv2%2Fmedia&parent=9358"}],"wp:term":[{"taxonomy":"category","embeddable":true,"href":"https:\/\/www.labunie.com.pl\/index.php?rest_route=%2Fwp%2Fv2%2Fcategories&post=9358"},{"taxonomy":"post_tag","embeddable":true,"href":"https:\/\/www.labunie.com.pl\/index.php?rest_route=%2Fwp%2Fv2%2Ftags&post=9358"}],"curies":[{"name":"wp","href":"https:\/\/api.w.org\/{rel}","templated":true}]}}