{"id":9339,"date":"2018-08-23T14:06:57","date_gmt":"2018-08-23T12:06:57","guid":{"rendered":"https:\/\/www.labunie.com.pl\/?p=9339"},"modified":"2018-08-23T14:06:57","modified_gmt":"2018-08-23T12:06:57","slug":"informacja-o-wyborach-do-organow-jednostek-samorzadu-terytorialnego-w-gminach-liczacych-do-20-000-mieszkancow","status":"publish","type":"post","link":"https:\/\/www.labunie.com.pl\/?p=9339","title":{"rendered":"Informacja o wyborach do organ\u00f3w jednostek samorz\u0105du terytorialnego w gminach licz\u0105cych do 20 000 mieszka\u0144c\u00f3w"},"content":{"rendered":"<p><strong>Wybory do rady gminy, do rady powiatu i do sejmiku wojew\u00f3dztwa oraz wybory w\u00f3jta, zostan\u0105 przeprowadzone <span style=\"text-decoration: underline;\">w dniu 21 pa\u017adziernika 2018 r. w godzinach od 7.00 do 21.00<\/span>.<\/strong><!--more--><br \/>\n&nbsp;<br \/>\n&nbsp;<br \/>\n<strong>W wyborach do rady gminy <\/strong>licz\u0105cej do 20 000 mieszka\u0144c\u00f3w g\u0142osowa\u0107 mo\u017cna <strong>tylko na jednego kandydata<\/strong>, stawiaj\u0105c na karcie do g\u0142osowania znak \u201eX\u201d z lewej strony obok nazwiska tego kandydata, na kt\u00f3rego wyborca g\u0142osuje.<\/p>\n<p>Postawienie znaku \u201eX\u201d w kratkach z lewej strony obok nazwiska wi\u0119cej ni\u017c jednego kandydata lub niepostawienie znaku \u201eX\u201d w \u017cadnej kratce powoduje niewa\u017cno\u015b\u0107 g\u0142osu.<\/p>\n<p><strong>\u00a0<\/strong><\/p>\n<p><strong>W wyborach do rady powiatu i do sejmiku wojew\u00f3dztwa <\/strong>g\u0142osowa\u0107 mo\u017cna <strong>tylko na jedn\u0105 list\u0119 kandydat\u00f3w<\/strong>, stawiaj\u0105c na karcie do g\u0142osowania znak \u201eX\u201d w kratce z lewej strony obok nazwiska jednego z kandydat\u00f3w z tej listy (wskazuj\u0105c jego pierwsze\u0144stwo do otrzymania mandatu).<\/p>\n<p>Postawienie znaku \u201eX\u201d w kratkach z lewej strony obok nazwisk kandydat\u00f3w umieszczonych na wi\u0119cej ni\u017c jednej li\u015bcie lub niepostawienie znaku \u201eX\u201d w \u017cadnej kratce powoduje niewa\u017cno\u015b\u0107 g\u0142osu.<\/p>\n<p><strong>\u00a0<\/strong><\/p>\n<p><strong>W wyborach w\u00f3jta <\/strong><\/p>\n<ul>\n<li>je\u017celi zarejestrowano wi\u0119cej ni\u017c jednego kandydata \u2013 g\u0142osowa\u0107 mo\u017cna <strong>tylko na jednego kandydata<\/strong>, stawiaj\u0105c na karcie do g\u0142osowania znak \u201eX\u201d z lewej strony obok nazwiska tego kandydata, na kt\u00f3rego wyborca g\u0142osuje.<\/li>\n<\/ul>\n<p>&nbsp;<\/p>\n<p>Postawienie znaku \u201eX\u201d w kratkach z lewej strony obok nazwiska wi\u0119cej ni\u017c jednego kandydata lub niepostawienie znaku \u201eX\u201d w \u017cadnej kratce powoduje niewa\u017cno\u015b\u0107 g\u0142osu.<\/p>\n<ul>\n<li>je\u017celi zarejestrowano tylko jednego kandydata \u2013 g\u0142osuj\u0105c za wyborem kandydata, stawia si\u0119 znak \u201eX\u201d w kratce oznaczonej s\u0142owem \u201e TAK\u201d z lewej strony obok nazwiska kandydata. Natomiast g\u0142osuj\u0105c przeciwko wyborowi kandydata stawia si\u0119 znak \u201eX\u201d w kratce oznaczonej s\u0142owem \u201eNIE\u201d z lewej strony obok nazwiska kandydata.<\/li>\n<\/ul>\n<p>&nbsp;<\/p>\n<p>Postawienie znaku \u201eX\u201d w obu kratkach lub niepostawienie znaku \u201eX\u201d w \u017cadnej kratce powoduje niewa\u017cno\u015b\u0107 g\u0142osu.<\/p>\n<p><strong>\u00a0<\/strong><\/p>\n<p><strong>Znak \u201eX\u201d <\/strong>to co najmniej dwie linie przecinaj\u0105ce si\u0119 w obr\u0119bie kratki.<\/p>\n<p>Je\u017celi w pierwszym g\u0142osowaniu \u017caden z kandydat\u00f3w na w\u00f3jta nie uzyska wi\u0119cej ni\u017c po\u0142owy wa\u017cnie oddanych g\u0142os\u00f3w, <strong>w dniu 4 listopada 2018 r., r\u00f3wnie\u017c w godzinach od 7.00 do 21.00<\/strong>, zostanie przeprowadzone <strong>ponowne g\u0142osowanie (tzw. II tura)<\/strong>, w kt\u00f3rym spos\u00f3b g\u0142osowania i warunki wa\u017cno\u015bci g\u0142osu s\u0105 takie jak w dniu pierwszego g\u0142osowania.<\/p>\n<p>Wyborcy uj\u0119ci w spisie wyborc\u00f3w mog\u0105 g\u0142osowa\u0107 osobi\u015bcie w lokalu wyborczym. Wyborcy posiadaj\u0105cy orzeczenie o znacznym lub umiarkowanym stopniu niepe\u0142nosprawno\u015bci mog\u0105 g\u0142osowa\u0107 w lokalu wyborczym lub korespondencyjnie<strong>. <\/strong><\/p>\n<p><strong>\u00a0<\/strong><\/p>\n<p><strong>Zamiar g\u0142osowania korespondencyjnego <\/strong><strong>powinien by\u0107 zg\u0142oszony przez wyborc\u0119 komisarzowi wyborczemu najp\u00f3\u017aniej do dnia 8 pa\u017adziernika 2018 r<\/strong>. Zg\u0142oszenie zamiaru g\u0142osowania korespondencyjnego dotyczy jednocze\u015bnie ponownego g\u0142osowania (tzw. II tura) w wyborach w\u00f3jta. W przypadku przeprowadzania ponownego g\u0142osowania wyborca, kt\u00f3ry nie zg\u0142osi\u0142 zamiaru g\u0142osowania korespondencyjnego przed pierwszym g\u0142osowaniem, mo\u017ce go zg\u0142osi\u0107 po dniu pierwszego g\u0142osowania, <strong>najp\u00f3\u017aniej do dnia 25 pa\u017adziernika 2018 r. <\/strong><\/p>\n<p>&nbsp;<\/p>\n<p><strong>Wyborcy, kt\u00f3rzy najp\u00f3\u017aniej w dniu g\u0142osowania uko\u0144cz\u0105 75 lat<\/strong>, a tak\u017ce wyborcy posiadaj\u0105cy orzeczenie o znacznym lub umiarkowanym stopniu niepe\u0142nosprawno\u015bci maj\u0105 <strong>prawo do g\u0142osowania przez pe\u0142nomocnika<\/strong>.<\/p>\n<p><strong>W celu sporz\u0105dzenia aktu pe\u0142nomocnictwa wyborca sk\u0142ada wniosek w urz\u0119dzie gminy,<\/strong> w kt\u00f3rej jest wpisany do rejestru wyborc\u00f3w, <strong>najp\u00f3\u017aniej do dnia 12 pa\u017adziernika 2018 r.<\/strong><\/p>\n<p>Akt pe\u0142nomocnictwa sporz\u0105dzony przed pierwszym g\u0142osowaniem dotyczy r\u00f3wnie\u017c ponownego g\u0142osowania w wyborach w\u00f3jta, je\u017celi b\u0119dzie ono przeprowadzane. Natomiast wyborca, kt\u00f3ry przed pierwszym g\u0142osowaniem nie z\u0142o\u017cy\u0142 wniosku o sporz\u0105dzenie aktu pe\u0142nomocnictwa, mo\u017ce z\u0142o\u017cy\u0107 taki wniosek po dniu pierwszego g\u0142osowania, <strong>najp\u00f3\u017aniej do dnia 26 pa\u017adziernika 2018 r.<\/strong><\/p>\n<p>&nbsp;<\/p>\n","protected":false},"excerpt":{"rendered":"<p>Wybory do rady gminy, do rady powiatu i do sejmiku wojew\u00f3dztwa oraz wybory w\u00f3jta, zostan\u0105 przeprowadzone w dniu 21 pa\u017adziernika 2018 r. w godzinach od 7.00 do 21.00.<\/p>\n","protected":false},"author":7,"featured_media":1161,"comment_status":"closed","ping_status":"closed","sticky":false,"template":"","format":"standard","meta":{"footnotes":""},"categories":[1],"tags":[],"class_list":["post-9339","post","type-post","status-publish","format-standard","has-post-thumbnail","hentry","category-wpisy","clearfix"],"_links":{"self":[{"href":"https:\/\/www.labunie.com.pl\/index.php?rest_route=\/wp\/v2\/posts\/9339","targetHints":{"allow":["GET"]}}],"collection":[{"href":"https:\/\/www.labunie.com.pl\/index.php?rest_route=\/wp\/v2\/posts"}],"about":[{"href":"https:\/\/www.labunie.com.pl\/index.php?rest_route=\/wp\/v2\/types\/post"}],"author":[{"embeddable":true,"href":"https:\/\/www.labunie.com.pl\/index.php?rest_route=\/wp\/v2\/users\/7"}],"replies":[{"embeddable":true,"href":"https:\/\/www.labunie.com.pl\/index.php?rest_route=%2Fwp%2Fv2%2Fcomments&post=9339"}],"version-history":[{"count":5,"href":"https:\/\/www.labunie.com.pl\/index.php?rest_route=\/wp\/v2\/posts\/9339\/revisions"}],"predecessor-version":[{"id":9346,"href":"https:\/\/www.labunie.com.pl\/index.php?rest_route=\/wp\/v2\/posts\/9339\/revisions\/9346"}],"wp:featuredmedia":[{"embeddable":true,"href":"https:\/\/www.labunie.com.pl\/index.php?rest_route=\/wp\/v2\/media\/1161"}],"wp:attachment":[{"href":"https:\/\/www.labunie.com.pl\/index.php?rest_route=%2Fwp%2Fv2%2Fmedia&parent=9339"}],"wp:term":[{"taxonomy":"category","embeddable":true,"href":"https:\/\/www.labunie.com.pl\/index.php?rest_route=%2Fwp%2Fv2%2Fcategories&post=9339"},{"taxonomy":"post_tag","embeddable":true,"href":"https:\/\/www.labunie.com.pl\/index.php?rest_route=%2Fwp%2Fv2%2Ftags&post=9339"}],"curies":[{"name":"wp","href":"https:\/\/api.w.org\/{rel}","templated":true}]}}