{"id":9320,"date":"2018-08-21T10:31:04","date_gmt":"2018-08-21T08:31:04","guid":{"rendered":"https:\/\/www.labunie.com.pl\/?p=9320"},"modified":"2018-08-21T13:37:38","modified_gmt":"2018-08-21T11:37:38","slug":"ruszyl-regionalny-konkurs-grantowy-programu-rownac-szanse","status":"publish","type":"post","link":"https:\/\/www.labunie.com.pl\/?p=9320","title":{"rendered":"Ruszy\u0142 Regionalny Konkurs Grantowy Programu R\u00f3wna\u0107 Szanse"},"content":{"rendered":"<p><strong>16 sierpnia og\u0142oszono Regionalny Konkurs Grantowy \u2013 to szansa dla bibliotek i dom\u00f3w kultury na dotacj\u0119 w wysoko\u015bci do 8 500 z\u0142. Dotacja przyznawana jest na p\u00f3\u0142roczne dzia\u0142ania m\u0142odych os\u00f3b w wieku 13-19 lat, pochodz\u0105cych ze wsi i miast do 20 tysi\u0119cy mieszka\u0144c\u00f3w. Aplikowa\u0107 mo\u017cna do 25 pa\u017adziernika br., a same projekty powinny by\u0107 realizowane pomi\u0119dzy 1 lutego a 31 sierpnia 2019 roku.<\/strong><\/p>\n<p><!--more--><br \/>\n&nbsp;<br \/>\nDo aplikowania uprawnione s\u0105 instytucje z miejscowo\u015bci do 20.000 mieszka\u0144c\u00f3w:<\/p>\n<ul>\n<li>powiatowe, miejskie i gminne biblioteki,<\/li>\n<li>miejskie i gminne domy kultury,<\/li>\n<li>organizacje pozarz\u0105dowe (zarejestrowane w formie stowarzysze\u0144 i fundacji w KRS lub w ewidencji prowadzonej przez Starost\u00f3w),<\/li>\n<li>Ochotnicze Stra\u017ce Po\u017carne,<\/li>\n<li>nieformalne grupy doros\u0142ych.<\/li>\n<\/ul>\n<p>&nbsp;<br \/>\nSam konkurs og\u0142oszony zosta\u0142 w ramach Programu \u201eR\u00f3wna\u0107 Szanse 2018\u201d, a na stronie <strong>rownacszanse.pl<\/strong> znajduj\u0105 si\u0119 wszelkie niezb\u0119dne informacje.<br \/>\n&nbsp;<br \/>\nZapraszamy do kontaktu z Partnerem Regionalnym \u2013 <strong>Fundacj\u0105 SMK z Ko\u0107mierzowa k. Sandomierza<\/strong>, kt\u00f3ra organizuje konkurs na terenie wojew\u00f3dztwa lubelskiego i ch\u0119tnie odpowie na dodatkowe pytania. Organizatorzy zach\u0119caj\u0105 do przeprowadzania spotka\u0144 informacyjnych lub innych wydarze\u0144 we wsp\u00f3\u0142pracy z Partnerem Regionalnym.<br \/>\n&nbsp;<br \/>\nW przypadku pyta\u0144 prosimy o kontakt pod adresem: rownacszanse@pcyf.org.pl lub telefonicznie: (22) 826 10 16.<br \/>\n&nbsp;<br \/>\n<div id='pe-gallery-1' class='pe-gallery pe-gallery-9320 columns-3 img-size-medium'><div class='pe-row'><div class='col-md-4'><figure tabindex='0' class='pe-gallery-item ' ><div class='pe-gallery-image portrait'>\n\t\t\t\t\t\t\t<a href=\"https:\/\/www.labunie.com.pl\/wp-content\/uploads\/2018\/08\/plakat_2018.png\" data-rel=\"lightbox-gallery-RiBwTixF\" data-rl_title=\"\" data-rl_caption=\"\" title=\"\"><img loading=\"lazy\" decoding=\"async\" width=\"212\" height=\"300\" src=\"https:\/\/www.labunie.com.pl\/wp-content\/uploads\/2018\/08\/plakat_2018-212x300.png\" class=\"attachment-medium size-medium\" alt=\"plakat 2018\" data-no-retina=\"\" aria-describedby=\"gallery-1-9321\" srcset=\"https:\/\/www.labunie.com.pl\/wp-content\/uploads\/2018\/08\/plakat_2018-212x300.png 212w, https:\/\/www.labunie.com.pl\/wp-content\/uploads\/2018\/08\/plakat_2018-768x1089.png 768w, https:\/\/www.labunie.com.pl\/wp-content\/uploads\/2018\/08\/plakat_2018-722x1024.png 722w, https:\/\/www.labunie.com.pl\/wp-content\/uploads\/2018\/08\/plakat_2018.png 903w\" sizes=\"auto, (max-width: 212px) 100vw, 212px\" \/><\/a>\n\t\t\t\t\t\t<\/div><figcaption class='wp-caption-text pe-gallery-caption'>\n\t\t\t\t\t\t\t\tplakat 2018\n\t\t\t\t\t\t\t<\/figcaption><\/figure><\/div><div class='col-md-4'><figure tabindex='0' class='pe-gallery-item ' ><div class='pe-gallery-image landscape'>\n\t\t\t\t\t\t\t<a href=\"https:\/\/www.labunie.com.pl\/wp-content\/uploads\/2018\/08\/RS_RKG_mlodziez2.jpg\" data-rel=\"lightbox-gallery-RiBwTixF\" data-rl_title=\"\" data-rl_caption=\"\" title=\"\"><img loading=\"lazy\" decoding=\"async\" width=\"300\" height=\"154\" src=\"https:\/\/www.labunie.com.pl\/wp-content\/uploads\/2018\/08\/RS_RKG_mlodziez2-300x154.jpg\" class=\"attachment-medium size-medium\" alt=\"RS RKG mlodziez2\" data-no-retina=\"\" aria-describedby=\"gallery-1-9322\" srcset=\"https:\/\/www.labunie.com.pl\/wp-content\/uploads\/2018\/08\/RS_RKG_mlodziez2-300x154.jpg 300w, https:\/\/www.labunie.com.pl\/wp-content\/uploads\/2018\/08\/RS_RKG_mlodziez2-768x395.jpg 768w, https:\/\/www.labunie.com.pl\/wp-content\/uploads\/2018\/08\/RS_RKG_mlodziez2-1024x527.jpg 1024w, https:\/\/www.labunie.com.pl\/wp-content\/uploads\/2018\/08\/RS_RKG_mlodziez2.jpg 1400w\" sizes=\"auto, (max-width: 300px) 100vw, 300px\" \/><\/a>\n\t\t\t\t\t\t<\/div><figcaption class='wp-caption-text pe-gallery-caption'>\n\t\t\t\t\t\t\t\tRS RKG mlodziez2\n\t\t\t\t\t\t\t<\/figcaption><\/figure><\/div><\/div><\/div>\n<\/p>\n","protected":false},"excerpt":{"rendered":"<p>16 sierpnia og\u0142oszono Regionalny Konkurs Grantowy \u2013 to szansa dla bibliotek i dom\u00f3w kultury na dotacj\u0119 w wysoko\u015bci do 8 500 z\u0142. Dotacja przyznawana jest na p\u00f3\u0142roczne dzia\u0142ania m\u0142odych os\u00f3b w wieku 13-19 lat, pochodz\u0105cych ze wsi i miast do 20 tysi\u0119cy mieszka\u0144c\u00f3w. Aplikowa\u0107 mo\u017cna do 25 pa\u017adziernika br., a same projekty powinny by\u0107 realizowane [&hellip;]<\/p>\n","protected":false},"author":7,"featured_media":7495,"comment_status":"closed","ping_status":"closed","sticky":false,"template":"","format":"standard","meta":{"footnotes":""},"categories":[1],"tags":[],"class_list":["post-9320","post","type-post","status-publish","format-standard","has-post-thumbnail","hentry","category-wpisy","clearfix"],"_links":{"self":[{"href":"https:\/\/www.labunie.com.pl\/index.php?rest_route=\/wp\/v2\/posts\/9320","targetHints":{"allow":["GET"]}}],"collection":[{"href":"https:\/\/www.labunie.com.pl\/index.php?rest_route=\/wp\/v2\/posts"}],"about":[{"href":"https:\/\/www.labunie.com.pl\/index.php?rest_route=\/wp\/v2\/types\/post"}],"author":[{"embeddable":true,"href":"https:\/\/www.labunie.com.pl\/index.php?rest_route=\/wp\/v2\/users\/7"}],"replies":[{"embeddable":true,"href":"https:\/\/www.labunie.com.pl\/index.php?rest_route=%2Fwp%2Fv2%2Fcomments&post=9320"}],"version-history":[{"count":1,"href":"https:\/\/www.labunie.com.pl\/index.php?rest_route=\/wp\/v2\/posts\/9320\/revisions"}],"predecessor-version":[{"id":9323,"href":"https:\/\/www.labunie.com.pl\/index.php?rest_route=\/wp\/v2\/posts\/9320\/revisions\/9323"}],"wp:featuredmedia":[{"embeddable":true,"href":"https:\/\/www.labunie.com.pl\/index.php?rest_route=\/wp\/v2\/media\/7495"}],"wp:attachment":[{"href":"https:\/\/www.labunie.com.pl\/index.php?rest_route=%2Fwp%2Fv2%2Fmedia&parent=9320"}],"wp:term":[{"taxonomy":"category","embeddable":true,"href":"https:\/\/www.labunie.com.pl\/index.php?rest_route=%2Fwp%2Fv2%2Fcategories&post=9320"},{"taxonomy":"post_tag","embeddable":true,"href":"https:\/\/www.labunie.com.pl\/index.php?rest_route=%2Fwp%2Fv2%2Ftags&post=9320"}],"curies":[{"name":"wp","href":"https:\/\/api.w.org\/{rel}","templated":true}]}}