{"id":9316,"date":"2018-08-21T13:27:27","date_gmt":"2018-08-21T11:27:27","guid":{"rendered":"https:\/\/www.labunie.com.pl\/?p=9316"},"modified":"2018-08-21T13:52:58","modified_gmt":"2018-08-21T11:52:58","slug":"dozynki-gminno-parafialne-2018","status":"publish","type":"post","link":"https:\/\/www.labunie.com.pl\/?p=9316","title":{"rendered":"Do\u017cynki gminno-parafialne 2018"},"content":{"rendered":"<p><strong>Zacz\u0119\u0142o si\u0119 od hejna\u0142u. Potem by\u0142 barwny korow\u00f3d. Po cz\u0119\u015bci oficjalnej ruszy\u0142y zabawy, konkursy i koncerty. By\u0142 te\u017c ogromny tort, kt\u00f3rym obdarowani zostali prawie wszyscy. Tak bawi\u0142a si\u0119 gmina \u0141abunie na tegorocznych Do\u017cynkach.<\/strong><\/p>\n<p><!--more--><br \/>\n&nbsp;<br \/>\n&nbsp;<br \/>\n&nbsp;<br \/>\nW niedziel\u0119 (19 sierpnia) w \u0141abuniach odby\u0142y si\u0119 do\u017cynki gminno-parafialne. Tradycyjnie na pocz\u0105tku by\u0142 przemarsz korowodu z wie\u0144cami do\u017cynkowymi oraz stra\u017cackich poczt\u00f3w sztandarowych.\u00a0 Korow\u00f3d otworzyli starostowie: Katarzyna Skraban i Kazimierz \u0106wik. Oboje dost\u0105pili zaszczytu bycia starostami dzi\u0119ki swojej pracy i uzyskanym wynikom w pracy w rolnictwie. <strong>Pani Katarzyna Skraban<\/strong> prowadzi gospodarstwo wsp\u00f3lnie z m\u0119\u017cem od 2005 roku. Zajmuj\u0105 si\u0119 produkcj\u0105 ro\u015blinn\u0105. Na 40 hektarach uprawiaj\u0105 pszenic\u0119, rzepak, buraki cukrowe, j\u0119czmie\u0144 i ziemniaki. Sukcesywnie modernizuj\u0105 r\u00f3wnie\u017c swoje gospodarstwo poprzez zakup maszyn i urz\u0105dze\u0144 rolniczych pretenduj\u0105c do miana nowoczesnych rolnik\u00f3w. <strong>Pan Kazimierz \u0106wik <\/strong>&#8211; od dzieci\u0144stwa zwi\u0105zany z prac\u0105 na roli, od 10 lat wraz z ma\u0142\u017conk\u0105 prowadzi gospodarstwo rolne dzi\u015b o powierzchni 56 ha. W\u015br\u00f3d upraw polowych dominuj\u0105 rzepak, pszenica, pszen\u017cyto i owies. Ponadto starosta tegorocznych do\u017cynek jest hodowc\u0105 byd\u0142a opasowego.<br \/>\n&nbsp;<br \/>\nPo przemarszu korowodu g\u0142os w imieniu gospodarza do\u017cynek, W\u00f3jta Gminy \u0141abunie \u2013 Antoniego Wojciecha Turczyna zabra\u0142a Zast\u0119pca W\u00f3jta \u2013 Bogumi\u0142a Maziarczuk oraz Przewodnicz\u0105cy Rady Gminy \u0141abunie \u2013 Adam Knia\u017a. Przedstawiciele samorz\u0105du powitali zaproszonych go\u015bci oraz podzi\u0119kowali rolnikom za efekty ci\u0119\u017ckiej pracy. Po przem\u00f3wieniu odby\u0142a si\u0119 msza, kt\u00f3r\u0105 odprawi\u0142 wsp\u00f3\u0142organizator do\u017cynek i proboszcz \u0142abu\u0144skiej parafii \u2013 ks. Piotr Rawlik. Po uroczysto\u015bci ko\u015bcielnej g\u0142os zabra\u0142 Wicestarosta Zamojski \u2013 Kazimierz Mielnicki, kt\u00f3ry skierowa\u0142 do rolnik\u00f3w specjalne podzi\u0119kowania. \u017byczenia nades\u0142a\u0142 r\u00f3wnie\u017c w formie oficjalnego listu Marsza\u0142ek Wojew\u00f3dztwa Lubelskiego \u2013 S\u0142awomir Sosnowski.<br \/>\n&nbsp;<br \/>\n<div id='pe-gallery-1' class='pe-gallery pe-gallery-9316 columns-1 img-size-medium'><div class='pe-row'><div class='col-md-12'><figure tabindex='0' class='pe-gallery-item ' ><div class='pe-gallery-image portrait'>\n\t\t\t\t\t\t\t<a href=\"https:\/\/www.labunie.com.pl\/wp-content\/uploads\/2018\/08\/list-od-Marsza\u0142ka-Wojew\u00f3dztwa-Lubelskiego.jpg\" data-rel=\"lightbox-gallery-3jveY9KX\" data-rl_title=\"\" data-rl_caption=\"\" title=\"\"><img loading=\"lazy\" decoding=\"async\" width=\"217\" height=\"300\" src=\"https:\/\/www.labunie.com.pl\/wp-content\/uploads\/2018\/08\/list-od-Marsza\u0142ka-Wojew\u00f3dztwa-Lubelskiego-217x300.jpg\" class=\"attachment-medium size-medium\" alt=\"list od Marsza\u0142ka Wojew\u00f3dztwa Lubelskiego\" data-no-retina=\"\" aria-describedby=\"gallery-1-9325\" srcset=\"https:\/\/www.labunie.com.pl\/wp-content\/uploads\/2018\/08\/list-od-Marsza\u0142ka-Wojew\u00f3dztwa-Lubelskiego-217x300.jpg 217w, https:\/\/www.labunie.com.pl\/wp-content\/uploads\/2018\/08\/list-od-Marsza\u0142ka-Wojew\u00f3dztwa-Lubelskiego-768x1060.jpg 768w, https:\/\/www.labunie.com.pl\/wp-content\/uploads\/2018\/08\/list-od-Marsza\u0142ka-Wojew\u00f3dztwa-Lubelskiego-742x1024.jpg 742w, https:\/\/www.labunie.com.pl\/wp-content\/uploads\/2018\/08\/list-od-Marsza\u0142ka-Wojew\u00f3dztwa-Lubelskiego.jpg 1500w\" sizes=\"auto, (max-width: 217px) 100vw, 217px\" \/><\/a>\n\t\t\t\t\t\t<\/div><figcaption class='wp-caption-text pe-gallery-caption'>\n\t\t\t\t\t\t\t\tlist od Marsza\u0142ka Wojew\u00f3dztwa Lubelskiego\n\t\t\t\t\t\t\t<\/figcaption><\/figure><\/div><\/div><\/div>\n<br \/>\nPo cz\u0119\u015bci oficjalnej odby\u0142o si\u0119 wr\u0119czenie nagr\u00f3d pieni\u0119\u017cnych wszystkim so\u0142ectwom, kt\u00f3re przygotowa\u0142y wie\u0144ce do\u017cynkowe oraz odznaki \u201eZas\u0142u\u017cony dla rolnictwa\u201d. Nada\u0142 je na wniosek W\u00f3jta Minister Rolnictwa i Rozwoju Wsi. Odznak\u0119 otrzymali: El\u017cbieta Kurz\u0119pa z W\u00f3lki \u0141abu\u0144skiej, Maria Siek z W\u00f3lki \u0141abu\u0144skiej, Janina Przyczyna z Majdanu Ruszowskiego, Zofia Uchacz z Majdanu Ruszowskiego, Ma\u0142gorzata Grula z \u0141abuniek Pierwszych, El\u017cbieta Szopa z \u0141abuniek Pierwszych, El\u017cbieta Krukowska z Ruszowa, Piotr Skiba z Ruszowa, Robert Wa\u0142aszyk z Moc\u00f3wki, Rafa\u0142 Pokrywka z \u0141abu\u0144-Reformy, Zbigniew Soko\u0142owski z Barchaczowa oraz Zbigniew Kwiatkowski z Ruszowa-Kolonii.<br \/>\n&nbsp;<br \/>\nPo cz\u0119\u015bci oficjalnej rozpocz\u0119\u0142a si\u0119 cz\u0119\u015b\u0107 artystyczna. Zacz\u0119\u0142a si\u0119 od wyst\u0119pu zespo\u0142u \u201eIskierki\u201d z \u0141abu\u0144, kt\u00f3re obchodzi\u0142o 10-lecie dzia\u0142alno\u015bci. Po pokazach tanecznych na scen\u0119 wjecha\u0142 tort, publiczno\u015b\u0107 od\u015bpiewa\u0142a 100 lat. Dalsza cz\u0119\u015b\u0107 artystyczna to wyst\u0119py K\u00f3\u0142 Gospody\u0144 Wiejskich z W\u00f3lki \u0141abu\u0144skiej, Wierzbia, \u0141abu\u0144, Barchaczowa oraz zespo\u0142u &#8220;Ogrodniczki&#8221; z \u0141abuniek Pierwszych i grupy &#8220;Grze\u015bki&#8221; z Ruszowa. Na \u0142abu\u0144skiej scenie publiczno\u015b\u0107 rozgrzewa\u0142a do zabawy r\u00f3wnie\u017c &#8220;Tomaszowska Kapela Podw\u00f3rkowa&#8221; i zesp\u00f3\u0142 &#8220;Z\u0142oty Tabor&#8221; z Tomaszowa Lubelskiego. Do\u017cynkow\u0105 scen\u0105 zaw\u0142adn\u0119\u0142y r\u00f3wnie\u017c kobiety, kt\u00f3re zaserwowa\u0142y publiczno\u015bci babskie show pt. \u201eModna Matka Polka Pracuj\u0105ca\u201d zorganizowane z okazji Roku Praw Kobiet. Panie z K\u00f3\u0142 Gospody\u0144 Wiejskich zaprezentowa\u0142y m in. zawody, kt\u00f3re niegdy\u015b by\u0142y przypisane tylko m\u0119\u017cczyznom. \u00a0T\u0105 cz\u0119\u015b\u0107 imprezy z du\u017c\u0105 dawk\u0105 humoru prowadzi\u0142a Teresa Zwolan. W trakcie do\u017cynek rozstrzygni\u0119to tak\u017ce konkurs na mix pierog\u00f3w. T\u0105 popularn\u0105 polsk\u0105 potraw\u0119 przygotowa\u0142o w r\u00f3\u017cnych wariacjach smakowych osiem K\u00f3\u0142 Gospody\u0144 Wiejskich z gminy \u0141abunie. Podniebienia komisji podw\u00f3rkowej podbi\u0142a W\u00f3lka \u0141abu\u0144ska, kt\u00f3ra zaj\u0119\u0142a pierwsze miejsce. Panie przygotowa\u0142y pierogi z mi\u0119sem w kszta\u0142cie sakiewek. Drugie miejsce zaj\u0105\u0142 KGW Barchacz\u00f3w za pierogi z dyni, a trzecie KGW Rusz\u00f3w \u2013 za pierogi na s\u0142odko w kakaowym cie\u015bcie w towarzystwie malin.<br \/>\n&nbsp;<br \/>\nNa koniec \u0142abu\u0144skich do\u017cynek scen\u0105 zaw\u0142adn\u0105\u0142 zesp\u00f3\u0142 &#8220;Atut&#8221;, kt\u00f3ry przygrywa\u0142 do ta\u0144ca do p\u00f3\u017anych godzin wieczornych.<br \/>\n&nbsp;<\/p>\n<p style=\"text-align: center;\"><strong>Dzi\u0119kujemy wszystkim za wsp\u00f3ln\u0105 zabaw\u0119. Do zobaczenia za rok !<\/strong><\/p>\n<p>&nbsp;<br \/>\n[lg_folder folder=&#8221;20180819\/&#8221; count=&#8221;135&#8243; paging=&#8221;false&#8221;]<\/p>\n","protected":false},"excerpt":{"rendered":"<p>Zacz\u0119\u0142o si\u0119 od hejna\u0142u. Potem by\u0142 barwny korow\u00f3d. Po cz\u0119\u015bci oficjalnej ruszy\u0142y zabawy, konkursy i koncerty. By\u0142 te\u017c ogromny tort, kt\u00f3rym obdarowani zostali prawie wszyscy. Tak bawi\u0142a si\u0119 gmina \u0141abunie na tegorocznych Do\u017cynkach.<\/p>\n","protected":false},"author":7,"featured_media":9317,"comment_status":"closed","ping_status":"closed","sticky":false,"template":"","format":"standard","meta":{"footnotes":""},"categories":[1],"tags":[],"class_list":["post-9316","post","type-post","status-publish","format-standard","has-post-thumbnail","hentry","category-wpisy","clearfix"],"_links":{"self":[{"href":"https:\/\/www.labunie.com.pl\/index.php?rest_route=\/wp\/v2\/posts\/9316","targetHints":{"allow":["GET"]}}],"collection":[{"href":"https:\/\/www.labunie.com.pl\/index.php?rest_route=\/wp\/v2\/posts"}],"about":[{"href":"https:\/\/www.labunie.com.pl\/index.php?rest_route=\/wp\/v2\/types\/post"}],"author":[{"embeddable":true,"href":"https:\/\/www.labunie.com.pl\/index.php?rest_route=\/wp\/v2\/users\/7"}],"replies":[{"embeddable":true,"href":"https:\/\/www.labunie.com.pl\/index.php?rest_route=%2Fwp%2Fv2%2Fcomments&post=9316"}],"version-history":[{"count":5,"href":"https:\/\/www.labunie.com.pl\/index.php?rest_route=\/wp\/v2\/posts\/9316\/revisions"}],"predecessor-version":[{"id":9328,"href":"https:\/\/www.labunie.com.pl\/index.php?rest_route=\/wp\/v2\/posts\/9316\/revisions\/9328"}],"wp:featuredmedia":[{"embeddable":true,"href":"https:\/\/www.labunie.com.pl\/index.php?rest_route=\/wp\/v2\/media\/9317"}],"wp:attachment":[{"href":"https:\/\/www.labunie.com.pl\/index.php?rest_route=%2Fwp%2Fv2%2Fmedia&parent=9316"}],"wp:term":[{"taxonomy":"category","embeddable":true,"href":"https:\/\/www.labunie.com.pl\/index.php?rest_route=%2Fwp%2Fv2%2Fcategories&post=9316"},{"taxonomy":"post_tag","embeddable":true,"href":"https:\/\/www.labunie.com.pl\/index.php?rest_route=%2Fwp%2Fv2%2Ftags&post=9316"}],"curies":[{"name":"wp","href":"https:\/\/api.w.org\/{rel}","templated":true}]}}