{"id":9181,"date":"2018-07-23T10:29:27","date_gmt":"2018-07-23T08:29:27","guid":{"rendered":"https:\/\/www.labunie.com.pl\/?p=9181"},"modified":"2018-07-23T13:22:28","modified_gmt":"2018-07-23T11:22:28","slug":"rajd-rowerowy-dolina-gornej-labunki","status":"publish","type":"post","link":"https:\/\/www.labunie.com.pl\/?p=9181","title":{"rendered":"Rajd rowerowy Dolin\u0105 G\u00f3rnej \u0141abu\u0144ki"},"content":{"rendered":"<p><strong>15 sierpnia w samo po\u0142udnie wyruszymy na tras\u0119 szlaku rowerowego &#8220;Dolina G\u00f3rnej \u0141abu\u0144ki&#8221;. Zapisy do<span style=\"text-decoration: underline;\"> 8 sierpnia<\/span> (tel. 84 6116024, 846113051).<\/strong><\/p>\n<p><!--more--><\/p>\n<p>Trasa rajdu: START &#8211; Barchacz\u00f3w (Izba Muzealna) &#8211; \u0141abunie (Klasztor si\u00f3str FMM) \u2013 &#8220;Ogr\u00f3d Pawie Pi\u00f3ro\u201d-Biblioteka Publiczna Gminy \u0141abunie \u2013 Ko\u015bci\u00f3\u0142 Parafialny \u2013 \u0141abunie ulica Partyzant\u00f3w \u2013 \u0141abunie ul. Lipska \u2013 Rusz\u00f3w &#8220;Olejarnia \u015bwi\u0105teczna&#8221; \u2013 Rusz\u00f3w Stara Wie\u015b &#8211; Wierzbie Krynica \u2013 \u0141abu\u0144ki Pierwsze &#8220;Mini Zoo&#8221; \u2013 Stara Wie\u015b \u2013 \u0141abu\u0144ki LPG, Bar Ku\u017ania (przejazd przez DK 17) \u2013 META Barchacz\u00f3w Izba Muzealna. Zapraszamy do zapoznania si\u0119 z regulaminem. Wi\u0119cej informacji: <a href=\"https:\/\/www.labunie.com.pl\/dgl\/\">https:\/\/www.labunie.com.pl\/dgl\/<\/a> i facebook: <a href=\"https:\/\/www.facebook.com\/Dolina-G%C3%B3rnej-%C5%81abu%C5%84ki-392710794468563\">https:\/\/www.facebook.com\/Dolina-G%C3%B3rnej-%C5%81abu%C5%84ki-392710794468563<\/a><\/p>\n<p>&nbsp;<\/p>\n<p><img loading=\"lazy\" decoding=\"async\" class=\"alignnone wp-image-9195\" src=\"https:\/\/www.labunie.com.pl\/wp-content\/uploads\/2018\/07\/rajd-1024x539.png\" alt=\"\" width=\"629\" height=\"331\" srcset=\"https:\/\/www.labunie.com.pl\/wp-content\/uploads\/2018\/07\/rajd-1024x539.png 1024w, https:\/\/www.labunie.com.pl\/wp-content\/uploads\/2018\/07\/rajd-300x158.png 300w, https:\/\/www.labunie.com.pl\/wp-content\/uploads\/2018\/07\/rajd-768x405.png 768w\" sizes=\"auto, (max-width: 629px) 100vw, 629px\" \/><\/p>\n<p>&nbsp;<\/p>\n<p><a href=\"https:\/\/www.labunie.com.pl\/wp-content\/uploads\/2018\/07\/REGULAMIN-RAJDU-ROWEROWEGO.pdf\">Regulamin rajdu do pobrania tutaj.<\/a><\/p>\n","protected":false},"excerpt":{"rendered":"<p>15 sierpnia w samo po\u0142udnie wyruszymy na tras\u0119 szlaku rowerowego &#8220;Dolina G\u00f3rnej \u0141abu\u0144ki&#8221;. Zapisy do 8 sierpnia (tel. 84 6116024, 846113051).<\/p>\n","protected":false},"author":7,"featured_media":8953,"comment_status":"closed","ping_status":"closed","sticky":false,"template":"","format":"standard","meta":{"footnotes":""},"categories":[1],"tags":[],"class_list":["post-9181","post","type-post","status-publish","format-standard","has-post-thumbnail","hentry","category-wpisy","clearfix"],"_links":{"self":[{"href":"https:\/\/www.labunie.com.pl\/index.php?rest_route=\/wp\/v2\/posts\/9181","targetHints":{"allow":["GET"]}}],"collection":[{"href":"https:\/\/www.labunie.com.pl\/index.php?rest_route=\/wp\/v2\/posts"}],"about":[{"href":"https:\/\/www.labunie.com.pl\/index.php?rest_route=\/wp\/v2\/types\/post"}],"author":[{"embeddable":true,"href":"https:\/\/www.labunie.com.pl\/index.php?rest_route=\/wp\/v2\/users\/7"}],"replies":[{"embeddable":true,"href":"https:\/\/www.labunie.com.pl\/index.php?rest_route=%2Fwp%2Fv2%2Fcomments&post=9181"}],"version-history":[{"count":5,"href":"https:\/\/www.labunie.com.pl\/index.php?rest_route=\/wp\/v2\/posts\/9181\/revisions"}],"predecessor-version":[{"id":9201,"href":"https:\/\/www.labunie.com.pl\/index.php?rest_route=\/wp\/v2\/posts\/9181\/revisions\/9201"}],"wp:featuredmedia":[{"embeddable":true,"href":"https:\/\/www.labunie.com.pl\/index.php?rest_route=\/wp\/v2\/media\/8953"}],"wp:attachment":[{"href":"https:\/\/www.labunie.com.pl\/index.php?rest_route=%2Fwp%2Fv2%2Fmedia&parent=9181"}],"wp:term":[{"taxonomy":"category","embeddable":true,"href":"https:\/\/www.labunie.com.pl\/index.php?rest_route=%2Fwp%2Fv2%2Fcategories&post=9181"},{"taxonomy":"post_tag","embeddable":true,"href":"https:\/\/www.labunie.com.pl\/index.php?rest_route=%2Fwp%2Fv2%2Ftags&post=9181"}],"curies":[{"name":"wp","href":"https:\/\/api.w.org\/{rel}","templated":true}]}}