{"id":9161,"date":"2018-07-19T17:49:09","date_gmt":"2018-07-19T15:49:09","guid":{"rendered":"https:\/\/www.labunie.com.pl\/?p=9161"},"modified":"2018-07-19T17:49:09","modified_gmt":"2018-07-19T15:49:09","slug":"ogrodniczki-na-xix-zamojskich-dniach-folkloru","status":"publish","type":"post","link":"https:\/\/www.labunie.com.pl\/?p=9161","title":{"rendered":"&#8220;Ogrodniczki&#8221; na XIX Zamojskich Dniach Folkloru"},"content":{"rendered":"<p><strong>Zesp\u00f3\u0142 &#8220;Ogrodniczki&#8221; z Ko\u0142a Gospody\u0144 Wiejskich z \u0141abuniek Pierwszych ju\u017c po raz 6. bra\u0142 udzia\u0142 w Zamojskich Dniach Folkloru w Zwierzy\u0144cu, kt\u00f3rych organizatorem jest Starostwo Powiatowe w Zamo\u015bciu.<\/strong><\/p>\n<p><!--more--><br \/>\n&nbsp;<br \/>\n&nbsp;<br \/>\n&nbsp;<br \/>\n&nbsp;<br \/>\n15 lipca 2018 r. do Zwierzy\u0144ca przyjecha\u0142y zespo\u0142y \u015bpiewacze, mi\u0142o\u015bnicy folkloru oraz pie\u015bni ludowej a w\u015br\u00f3d nich zesp\u00f3\u0142 z \u0141abuniek Pierwszych, kt\u00f3ry reprezentowa\u0142 Gmin\u0119 \u0141abunie. Zesp\u00f3\u0142 za\u015bpiewa\u0142 2 utwory. Szczeg\u00f3lnie uznanie zyska\u0142a pie\u015b\u0144 patriotyczna, wykonana z okazji 100. rocznicy odzyskania niepodleg\u0142o\u015bci. Statuetk\u0119 upami\u0119tniaj\u0105c\u0105 wyst\u0119p wr\u0119czy\u0142 Starosta Powiatu Zamo\u015b\u0107 Henryk Matej, kt\u00f3ry wyrazi\u0142 s\u0142owa uznania i jednocze\u015bnie zaprosi\u0142 zesp\u00f3\u0142 na inne uroczysto\u015bci organizowane przez Starostwo Powiatowe.<br \/>\n&nbsp;<br \/>\n<img loading=\"lazy\" decoding=\"async\" class=\"size-full wp-image-9162 aligncenter\" src=\"https:\/\/www.labunie.com.pl\/wp-content\/uploads\/2018\/07\/zdf_18.jpg\" alt=\"\" width=\"630\" height=\"473\" srcset=\"https:\/\/www.labunie.com.pl\/wp-content\/uploads\/2018\/07\/zdf_18.jpg 630w, https:\/\/www.labunie.com.pl\/wp-content\/uploads\/2018\/07\/zdf_18-300x225.jpg 300w\" sizes=\"auto, (max-width: 630px) 100vw, 630px\" \/><\/p>\n<p style=\"text-align: right;\"><span style=\"font-size: 8pt;\"><em>Bernarda Petryk<\/em><\/span><\/p>\n","protected":false},"excerpt":{"rendered":"<p>Zesp\u00f3\u0142 &#8220;Ogrodniczki&#8221; z Ko\u0142a Gospody\u0144 Wiejskich z \u0141abuniek Pierwszych ju\u017c po raz 6. bra\u0142 udzia\u0142 w Zamojskich Dniach Folkloru w Zwierzy\u0144cu, kt\u00f3rych organizatorem jest Starostwo Powiatowe w Zamo\u015bciu.<\/p>\n","protected":false},"author":7,"featured_media":9163,"comment_status":"closed","ping_status":"closed","sticky":false,"template":"","format":"standard","meta":{"footnotes":""},"categories":[1],"tags":[],"class_list":["post-9161","post","type-post","status-publish","format-standard","has-post-thumbnail","hentry","category-wpisy","clearfix"],"_links":{"self":[{"href":"https:\/\/www.labunie.com.pl\/index.php?rest_route=\/wp\/v2\/posts\/9161","targetHints":{"allow":["GET"]}}],"collection":[{"href":"https:\/\/www.labunie.com.pl\/index.php?rest_route=\/wp\/v2\/posts"}],"about":[{"href":"https:\/\/www.labunie.com.pl\/index.php?rest_route=\/wp\/v2\/types\/post"}],"author":[{"embeddable":true,"href":"https:\/\/www.labunie.com.pl\/index.php?rest_route=\/wp\/v2\/users\/7"}],"replies":[{"embeddable":true,"href":"https:\/\/www.labunie.com.pl\/index.php?rest_route=%2Fwp%2Fv2%2Fcomments&post=9161"}],"version-history":[{"count":5,"href":"https:\/\/www.labunie.com.pl\/index.php?rest_route=\/wp\/v2\/posts\/9161\/revisions"}],"predecessor-version":[{"id":9170,"href":"https:\/\/www.labunie.com.pl\/index.php?rest_route=\/wp\/v2\/posts\/9161\/revisions\/9170"}],"wp:featuredmedia":[{"embeddable":true,"href":"https:\/\/www.labunie.com.pl\/index.php?rest_route=\/wp\/v2\/media\/9163"}],"wp:attachment":[{"href":"https:\/\/www.labunie.com.pl\/index.php?rest_route=%2Fwp%2Fv2%2Fmedia&parent=9161"}],"wp:term":[{"taxonomy":"category","embeddable":true,"href":"https:\/\/www.labunie.com.pl\/index.php?rest_route=%2Fwp%2Fv2%2Fcategories&post=9161"},{"taxonomy":"post_tag","embeddable":true,"href":"https:\/\/www.labunie.com.pl\/index.php?rest_route=%2Fwp%2Fv2%2Ftags&post=9161"}],"curies":[{"name":"wp","href":"https:\/\/api.w.org\/{rel}","templated":true}]}}