{"id":9128,"date":"2018-07-18T08:10:33","date_gmt":"2018-07-18T06:10:33","guid":{"rendered":"https:\/\/www.labunie.com.pl\/?p=9128"},"modified":"2018-07-18T08:11:38","modified_gmt":"2018-07-18T06:11:38","slug":"xi-gminny-konkurs-interdyscyplinarny-w-roku","status":"publish","type":"post","link":"https:\/\/www.labunie.com.pl\/?p=9128","title":{"rendered":"XI Gminny Konkurs Interdyscyplinarny &#8220;W Roku\u2026&#8221;"},"content":{"rendered":"<p><strong>Referat Promocji i Rozwoju Gminy \u0141abunie i Biblioteka Publiczna Gminy \u0141abunie zapraszaj\u0105 Mieszka\u0144c\u00f3w (dzieci, m\u0142odzie\u017c, doros\u0142ych) na wakacyjne spotkania promuj\u0105ce wydarzenie XI Gminny Konkurs Interdyscyplinarny W ROKU\u2026 Zbigniewa Herberta i Ireny Sendlerowej &#8220;ANIO\u0141OWO\u2026&#8221; pod Patronatem W\u00f3jta Gminy \u0141abunie i Proboszcza Parafii \u0141abunie.<\/strong><\/p>\n<p><!--more--><\/p>\n<p style=\"text-align: left;\"><a href=\"https:\/\/www.labunie.com.pl\/wp-content\/uploads\/2018\/07\/aniolowo_konkurs.png\" data-rel=\"lightbox-gallery-jFGXGISl\" data-rl_title=\"\" data-rl_caption=\"\" title=\"\"><img loading=\"lazy\" decoding=\"async\" class=\" wp-image-9129 aligncenter\" src=\"https:\/\/www.labunie.com.pl\/wp-content\/uploads\/2018\/07\/aniolowo_konkurs-1024x724.png\" alt=\"\" width=\"630\" height=\"445\" srcset=\"https:\/\/www.labunie.com.pl\/wp-content\/uploads\/2018\/07\/aniolowo_konkurs-1024x724.png 1024w, https:\/\/www.labunie.com.pl\/wp-content\/uploads\/2018\/07\/aniolowo_konkurs-300x212.png 300w, https:\/\/www.labunie.com.pl\/wp-content\/uploads\/2018\/07\/aniolowo_konkurs-768x543.png 768w, https:\/\/www.labunie.com.pl\/wp-content\/uploads\/2018\/07\/aniolowo_konkurs.png 1400w\" sizes=\"auto, (max-width: 630px) 100vw, 630px\" \/><\/a><strong>Aktywni mieszka\u0144cy powalcz\u0105 o warsztaty r\u0119kodzie\u0142a w swoich \u015bwietlicach, <\/strong><strong>czyli im wi\u0119cej os\u00f3b na spotkaniu tym wi\u0119ksze szanse na profesjonalne warsztaty! <\/strong><\/p>\n<p style=\"text-align: center;\"><strong>Zapraszamy!!!<\/strong><\/p>\n<p>&nbsp;<\/p>\n","protected":false},"excerpt":{"rendered":"<p>Referat Promocji i Rozwoju Gminy \u0141abunie i Biblioteka Publiczna Gminy \u0141abunie zapraszaj\u0105 Mieszka\u0144c\u00f3w (dzieci, m\u0142odzie\u017c, doros\u0142ych) na wakacyjne spotkania promuj\u0105ce wydarzenie XI Gminny Konkurs Interdyscyplinarny W ROKU\u2026 Zbigniewa Herberta i Ireny Sendlerowej &#8220;ANIO\u0141OWO\u2026&#8221; pod Patronatem W\u00f3jta Gminy \u0141abunie i Proboszcza Parafii \u0141abunie.<\/p>\n","protected":false},"author":7,"featured_media":7834,"comment_status":"closed","ping_status":"closed","sticky":false,"template":"","format":"standard","meta":{"footnotes":""},"categories":[1],"tags":[],"class_list":["post-9128","post","type-post","status-publish","format-standard","has-post-thumbnail","hentry","category-wpisy","clearfix"],"_links":{"self":[{"href":"https:\/\/www.labunie.com.pl\/index.php?rest_route=\/wp\/v2\/posts\/9128","targetHints":{"allow":["GET"]}}],"collection":[{"href":"https:\/\/www.labunie.com.pl\/index.php?rest_route=\/wp\/v2\/posts"}],"about":[{"href":"https:\/\/www.labunie.com.pl\/index.php?rest_route=\/wp\/v2\/types\/post"}],"author":[{"embeddable":true,"href":"https:\/\/www.labunie.com.pl\/index.php?rest_route=\/wp\/v2\/users\/7"}],"replies":[{"embeddable":true,"href":"https:\/\/www.labunie.com.pl\/index.php?rest_route=%2Fwp%2Fv2%2Fcomments&post=9128"}],"version-history":[{"count":3,"href":"https:\/\/www.labunie.com.pl\/index.php?rest_route=\/wp\/v2\/posts\/9128\/revisions"}],"predecessor-version":[{"id":9132,"href":"https:\/\/www.labunie.com.pl\/index.php?rest_route=\/wp\/v2\/posts\/9128\/revisions\/9132"}],"wp:featuredmedia":[{"embeddable":true,"href":"https:\/\/www.labunie.com.pl\/index.php?rest_route=\/wp\/v2\/media\/7834"}],"wp:attachment":[{"href":"https:\/\/www.labunie.com.pl\/index.php?rest_route=%2Fwp%2Fv2%2Fmedia&parent=9128"}],"wp:term":[{"taxonomy":"category","embeddable":true,"href":"https:\/\/www.labunie.com.pl\/index.php?rest_route=%2Fwp%2Fv2%2Fcategories&post=9128"},{"taxonomy":"post_tag","embeddable":true,"href":"https:\/\/www.labunie.com.pl\/index.php?rest_route=%2Fwp%2Fv2%2Ftags&post=9128"}],"curies":[{"name":"wp","href":"https:\/\/api.w.org\/{rel}","templated":true}]}}