{"id":9012,"date":"2018-07-05T17:07:48","date_gmt":"2018-07-05T15:07:48","guid":{"rendered":"https:\/\/www.labunie.com.pl\/?p=9012"},"modified":"2018-07-05T17:09:27","modified_gmt":"2018-07-05T15:09:27","slug":"informacja-rady-dzieci-i-mlodziezy-rp-przy-ministrze-edukacji-narodowej","status":"publish","type":"post","link":"https:\/\/www.labunie.com.pl\/?p=9012","title":{"rendered":"Informacja Rady Dzieci i M\u0142odzie\u017cy RP przy Ministrze Edukacji Narodowej"},"content":{"rendered":"<p><em><strong>Szanowni Pa\u0144stwo,<br \/>\n&nbsp;<br \/>\njako Rada Dzieci i M\u0142odzie\u017cy Rzeczypospolitej Polskiej przy Ministrze Edukacji Narodowej chcieliby\u015bmy przedstawi\u0107 Pa\u0144stwu rezultat naszej kilkumiesi\u0119cznej pracy \u2013 publikacj\u0119 \u201cO M\u0142odzie\u017cowych Radach\u201d, kt\u00f3ra zosta\u0142a przedstawiona 17 kwietnia 2018 roku w Sejmie Rzeczypospolitej Polskiej.<\/strong> <\/em><\/p>\n<p><!--more--><br \/>\n&nbsp;<br \/>\n<em>Cz\u0119\u015b\u0107 z Pa\u0144stwa mia\u0142a okazj\u0119 wsp\u00f3\u0142tworzy\u0107 z nami powy\u017cszy dokument (poprzez odpowied\u017a na wniosek o udost\u0119pnienie informacji publicznej z listopada 2017 roku), za co chcieliby\u015bmy serdecznie podzi\u0119kowa\u0107. Bez Pa\u0144stwa pomocy nie byliby\u015bmy w stanie zgromadzi\u0107 potrzebnych danych, bez kt\u00f3rych projekt nie mia\u0142by szans powodzenia. Jednocze\u015bnie zach\u0119camy przedstawicieli tych gmin, kt\u00f3rych dane nie znalaz\u0142y si\u0119 w publikacji, do uzupe\u0142nienia\u00a0 dokumentu o informacje z Pa\u0144stwa miejscowo\u015bci poprzez poinformowanie nas w odpowiedzi na t\u0119 wiadomo\u015b\u0107.<\/em><br \/>\n&nbsp;<br \/>\n<em>Nasza praca skupia si\u0119 na m\u0142odzie\u017cowych radach \u2013 organach doradczych przy jednostkach samorz\u0105du terytorialnego zrzeszaj\u0105cych najaktywniejsz\u0105 m\u0142odzie\u017c z region\u00f3w. W publikacji znajd\u0105 Pa\u0144stwo najwa\u017cniejsze dane statystyczne tych organ\u00f3w, zarys sposobu funkcjonowania, jak i map\u0119 przedstawiaj\u0105c\u0105 liczb\u0119 m\u0142odzie\u017cowych rad <\/em><em>w ca\u0142ej Polsce (ostatnia strona publikacji). W ostatnich rozdzia\u0142ach znajduj\u0105 si\u0119 r\u00f3wnie\u017c wskaz\u00f3wki, rekomendacje <\/em><em>i przyk\u0142adowe statuty rad, kt\u00f3re mog\u0105 okaza\u0107 si\u0119 pomocne, je\u015bli rozwa\u017caj\u0105 Pa\u0144stwo utworzenie m\u0142odzie\u017cowej rady, do czego zach\u0119camy. Mamy nadziej\u0119, \u017ce dokument oka\u017ce si\u0119 dla Pa\u0144stwa czytelny i przede wszystkim przydatny.<\/em><br \/>\n&nbsp;<br \/>\n<em>Chcieliby\u015bmy r\u00f3wnie\u017c przybli\u017cy\u0107 Pa\u0144stwu sylwetk\u0119 naszego organu \u2013 Rady Dzieci i M\u0142odzie\u017cy Rzeczypospolitej Polskiej przy Ministrze Edukacji Narodowej. Do g\u0142\u00f3wnych zada\u0144 Rady nale\u017cy wyra\u017canie opinii, w tym przedstawianie propozycji w kwestiach dotycz\u0105cych dzieci i m\u0142odzie\u017cy w zakresie spraw obj\u0119tych dzia\u0142em administracji rz\u0105dowej o\u015bwiata i wychowanie, w szczeg\u00f3lno\u015bci przedstawianie opinii na temat planowanych zmian, w tym propozycji rozwi\u0105za\u0144.<\/em><br \/>\n&nbsp;<br \/>\n<em>Chcieliby\u015bmy zach\u0119ci\u0107 Pa\u0144stwa do zak\u0142adania m\u0142odzie\u017cowych rad w Pa\u0144stwa gminach wedle mo\u017cliwo\u015bci. Publikacja, kt\u00f3ra, mamy nadziej\u0119, pomo\u017ce w odpowiedzi na ewentualne pytania znajduje si\u0119 w linku poni\u017cej. <\/em><br \/>\n&nbsp;<br \/>\n<em>W razie jakichkolwiek w\u0105tpliwo\u015bci lub zauwa\u017conych b\u0142\u0119d\u00f3w zach\u0119camy do kontaktu. S\u0142u\u017cymy r\u00f3wnie\u017c pomoc\u0105 <\/em><em>w przypadku pyta\u0144.<\/em><br \/>\n&nbsp;<br \/>\n<em>Publikacja \u201eO M\u0142odzie\u017cowych Radach\u201d:<\/em><\/p>\n<p><a href=\"https:\/\/men.gov.pl\/wp-content\/uploads\/2018\/04\/publikacja_rdim_omr-dip_ost.pdf\">https:\/\/men.gov.pl\/wp-content\/uploads\/2018\/04\/publikacja_rdim_omr-dip_ost.pdf<\/a><\/p>\n<p>&nbsp;<\/p>\n<p style=\"text-align: right;\"><em>Z wyrazami szacunku,<\/em><\/p>\n<p style=\"text-align: right;\"><em>Rada Dzieci i M\u0142odzie\u017cy RP przy Ministrze Edukacji Narodowej<\/em><\/p>\n","protected":false},"excerpt":{"rendered":"<p>Szanowni Pa\u0144stwo, &nbsp; jako Rada Dzieci i M\u0142odzie\u017cy Rzeczypospolitej Polskiej przy Ministrze Edukacji Narodowej chcieliby\u015bmy przedstawi\u0107 Pa\u0144stwu rezultat naszej kilkumiesi\u0119cznej pracy \u2013 publikacj\u0119 \u201cO M\u0142odzie\u017cowych Radach\u201d, kt\u00f3ra zosta\u0142a przedstawiona 17 kwietnia 2018 roku w Sejmie Rzeczypospolitej Polskiej.<\/p>\n","protected":false},"author":7,"featured_media":9013,"comment_status":"closed","ping_status":"closed","sticky":false,"template":"","format":"standard","meta":{"footnotes":""},"categories":[1],"tags":[],"class_list":["post-9012","post","type-post","status-publish","format-standard","has-post-thumbnail","hentry","category-wpisy","clearfix"],"_links":{"self":[{"href":"https:\/\/www.labunie.com.pl\/index.php?rest_route=\/wp\/v2\/posts\/9012","targetHints":{"allow":["GET"]}}],"collection":[{"href":"https:\/\/www.labunie.com.pl\/index.php?rest_route=\/wp\/v2\/posts"}],"about":[{"href":"https:\/\/www.labunie.com.pl\/index.php?rest_route=\/wp\/v2\/types\/post"}],"author":[{"embeddable":true,"href":"https:\/\/www.labunie.com.pl\/index.php?rest_route=\/wp\/v2\/users\/7"}],"replies":[{"embeddable":true,"href":"https:\/\/www.labunie.com.pl\/index.php?rest_route=%2Fwp%2Fv2%2Fcomments&post=9012"}],"version-history":[{"count":5,"href":"https:\/\/www.labunie.com.pl\/index.php?rest_route=\/wp\/v2\/posts\/9012\/revisions"}],"predecessor-version":[{"id":9018,"href":"https:\/\/www.labunie.com.pl\/index.php?rest_route=\/wp\/v2\/posts\/9012\/revisions\/9018"}],"wp:featuredmedia":[{"embeddable":true,"href":"https:\/\/www.labunie.com.pl\/index.php?rest_route=\/wp\/v2\/media\/9013"}],"wp:attachment":[{"href":"https:\/\/www.labunie.com.pl\/index.php?rest_route=%2Fwp%2Fv2%2Fmedia&parent=9012"}],"wp:term":[{"taxonomy":"category","embeddable":true,"href":"https:\/\/www.labunie.com.pl\/index.php?rest_route=%2Fwp%2Fv2%2Fcategories&post=9012"},{"taxonomy":"post_tag","embeddable":true,"href":"https:\/\/www.labunie.com.pl\/index.php?rest_route=%2Fwp%2Fv2%2Ftags&post=9012"}],"curies":[{"name":"wp","href":"https:\/\/api.w.org\/{rel}","templated":true}]}}