{"id":8987,"date":"2018-07-03T17:40:25","date_gmt":"2018-07-03T15:40:25","guid":{"rendered":"https:\/\/www.labunie.com.pl\/?p=8987"},"modified":"2018-07-03T17:40:25","modified_gmt":"2018-07-03T15:40:25","slug":"zamojskie-drogi-do-niepodleglosci","status":"publish","type":"post","link":"https:\/\/www.labunie.com.pl\/?p=8987","title":{"rendered":"Zamojskie drogi do Niepodleg\u0142o\u015bci"},"content":{"rendered":"<p><strong><span class=\"highlight\"><span class=\"colour\"><span class=\"font\"><span class=\"size\">Aktywnie uczestnicz\u0105c w obchodach 100-lecia odzyskania niepodleg\u0142o\u015bci \u015awiatowy Zwi\u0105zek \u017bo\u0142nierzy Armii Krajowej Okr\u0119g Zamo\u015b\u0107 zaprasza wszystkich ch\u0119tnych do udzia\u0142u w nowym projekcie pt. \u201eZamojskie drogi do Niepodleg\u0142o\u015bci\u201d dofinansowanym ze \u015brodk\u00f3w Programu Wieloletniego NIEPODLEG\u0141A na lata 2017-2021 w ramach Programu Dotacyjnego \u201eNiepodleg\u0142a\u201d.<\/span><\/span><\/span><\/span><\/strong><\/p>\n<p><!--more--><br \/>\n&nbsp;<br \/>\nAby wzi\u0105\u0107 udzia\u0142 w projekcie nale\u017cy zaprojektowa\u0107 tras\u0119 historyczna najlepiej ukazuj\u0105c\u0105 histori\u0119 walk \u017bo\u0142nierzy Niez\u0142omnych w latach 1939 \u2013 1953 na terenie Zamojszczyzny. Opracowanie powinno zawiera\u0107 poza dok\u0142adnym wytyczeniem trasy, oznaczeniem wsp\u00f3\u0142rz\u0119dnych punkt\u00f3w na jej przebiegu i szczeg\u00f3\u0142owym jej opisem tak\u017ce dodatkowe informacje historyczne, aktualn\u0105 dokumentacj\u0119 fotograficzn\u0105 oraz zdj\u0119cia archiwalne. Mile widziane zaznaczenie trasy na darmowej aplikacji <em>Endomondo<\/em> i zapisanie jej w formacie .gpx.<br \/>\n&nbsp;<br \/>\nNajwy\u017cej ocenione prace zostan\u0105 umieszczone na naszej stronie internetowej i wdro\u017cone do aplikacji mobilnej, kt\u00f3ra powstanie w ramach realizowanego Projektu. <strong>Zg\u0142oszenia przyjmujemy do 31 lipca<\/strong>.<br \/>\n&nbsp;<br \/>\n<strong>Uprzejmie informujemy, \u017ce warunkiem uczestnictwa w projekcie jest uko\u0144czenie 18 roku \u017cycia<\/strong>. Szczeg\u00f3\u0142owe zasady dotycz\u0105ce uczestnictwa oraz sposobu nadsy\u0142ania prac znajdziecie Pa\u0144stwo na stronie internetowej <a href=\"http:\/\/www.akzamosc.pl\/\" target=\"_blank\" rel=\"noopener\">www.akzamosc.pl<\/a>. Potrzebne informacje mo\u017cna r\u00f3wnie\u017c uzyska\u0107 dzwoni\u0105c do koordynator\u00f3w projektu &#8211; Prezesa,\u00a0pos\u0142a na Sejm RP S\u0142awomira Zawi\u015blaka \u2013 tel. 501 589 888 oraz Sekretarza \u015aZ\u017bAK Okr\u0119g Zamo\u015b\u0107 Witolda Maruchy \u2013 tel. 508 257\u00a0914.<br \/>\n&nbsp;<\/p>\n<p style=\"text-align: right;\"><em><span style=\"font-size: 10pt;\"><span class=\"font\"><span class=\"size\"><span class=\"colour\">Sekretariat<br \/>\n\u015awiatowego <\/span><\/span><\/span><span class=\"font\"><span class=\"size\"><span class=\"colour\">Zwi\u0105zku \u017bo\u0142nierzy<\/span><\/span><\/span><span class=\"font\"><span class=\"size\"> <span class=\"colour\">Armii Krajowej<br \/>\nOkr\u0119g Zamo\u015b\u0107<\/span><\/span><\/span><\/span><\/em><\/p>\n<p>&nbsp;<br \/>\n<img loading=\"lazy\" decoding=\"async\" class=\"wp-image-8988 aligncenter\" src=\"https:\/\/www.labunie.com.pl\/wp-content\/uploads\/2018\/07\/zamojskie_drogi_plakat-724x1024.png\" alt=\"\" width=\"630\" height=\"891\" srcset=\"https:\/\/www.labunie.com.pl\/wp-content\/uploads\/2018\/07\/zamojskie_drogi_plakat-724x1024.png 724w, https:\/\/www.labunie.com.pl\/wp-content\/uploads\/2018\/07\/zamojskie_drogi_plakat-212x300.png 212w, https:\/\/www.labunie.com.pl\/wp-content\/uploads\/2018\/07\/zamojskie_drogi_plakat-768x1087.png 768w, https:\/\/www.labunie.com.pl\/wp-content\/uploads\/2018\/07\/zamojskie_drogi_plakat.png 1000w\" sizes=\"auto, (max-width: 630px) 100vw, 630px\" \/><\/p>\n","protected":false},"excerpt":{"rendered":"<p>Aktywnie uczestnicz\u0105c w obchodach 100-lecia odzyskania niepodleg\u0142o\u015bci \u015awiatowy Zwi\u0105zek \u017bo\u0142nierzy Armii Krajowej Okr\u0119g Zamo\u015b\u0107 zaprasza wszystkich ch\u0119tnych do udzia\u0142u w nowym projekcie pt. \u201eZamojskie drogi do Niepodleg\u0142o\u015bci\u201d dofinansowanym ze \u015brodk\u00f3w Programu Wieloletniego NIEPODLEG\u0141A na lata 2017-2021 w ramach Programu Dotacyjnego \u201eNiepodleg\u0142a\u201d.<\/p>\n","protected":false},"author":7,"featured_media":8820,"comment_status":"closed","ping_status":"closed","sticky":false,"template":"","format":"standard","meta":{"footnotes":""},"categories":[1],"tags":[],"class_list":["post-8987","post","type-post","status-publish","format-standard","has-post-thumbnail","hentry","category-wpisy","clearfix"],"_links":{"self":[{"href":"https:\/\/www.labunie.com.pl\/index.php?rest_route=\/wp\/v2\/posts\/8987","targetHints":{"allow":["GET"]}}],"collection":[{"href":"https:\/\/www.labunie.com.pl\/index.php?rest_route=\/wp\/v2\/posts"}],"about":[{"href":"https:\/\/www.labunie.com.pl\/index.php?rest_route=\/wp\/v2\/types\/post"}],"author":[{"embeddable":true,"href":"https:\/\/www.labunie.com.pl\/index.php?rest_route=\/wp\/v2\/users\/7"}],"replies":[{"embeddable":true,"href":"https:\/\/www.labunie.com.pl\/index.php?rest_route=%2Fwp%2Fv2%2Fcomments&post=8987"}],"version-history":[{"count":3,"href":"https:\/\/www.labunie.com.pl\/index.php?rest_route=\/wp\/v2\/posts\/8987\/revisions"}],"predecessor-version":[{"id":8991,"href":"https:\/\/www.labunie.com.pl\/index.php?rest_route=\/wp\/v2\/posts\/8987\/revisions\/8991"}],"wp:featuredmedia":[{"embeddable":true,"href":"https:\/\/www.labunie.com.pl\/index.php?rest_route=\/wp\/v2\/media\/8820"}],"wp:attachment":[{"href":"https:\/\/www.labunie.com.pl\/index.php?rest_route=%2Fwp%2Fv2%2Fmedia&parent=8987"}],"wp:term":[{"taxonomy":"category","embeddable":true,"href":"https:\/\/www.labunie.com.pl\/index.php?rest_route=%2Fwp%2Fv2%2Fcategories&post=8987"},{"taxonomy":"post_tag","embeddable":true,"href":"https:\/\/www.labunie.com.pl\/index.php?rest_route=%2Fwp%2Fv2%2Ftags&post=8987"}],"curies":[{"name":"wp","href":"https:\/\/api.w.org\/{rel}","templated":true}]}}