{"id":8955,"date":"2018-07-13T07:00:39","date_gmt":"2018-07-13T05:00:39","guid":{"rendered":"https:\/\/www.labunie.com.pl\/?p=8955"},"modified":"2018-07-13T07:48:41","modified_gmt":"2018-07-13T05:48:41","slug":"informacja-36","status":"publish","type":"post","link":"https:\/\/www.labunie.com.pl\/?p=8955","title":{"rendered":"Informacja PGK &#8211; harmonogram odbioru odpad\u00f3w"},"content":{"rendered":"<p><strong>Przedsi\u0119biorstwo Gospodarki Komunalnej Sp. z o. o. w Zamo\u015bciu podaje do wiadomo\u015bci harmonogram odbioru odpad\u00f3w komunalnych zmieszanych i selektywnie zbieranych oraz popio\u0142u z palenisk domowych w okresie jesienno-zimowym z terenu Gminy \u0141abunie w II po\u0142owie 2018 roku.<\/strong><\/p>\n<p><!--more--><br \/>\n&nbsp;<br \/>\n&nbsp;<br \/>\n<img loading=\"lazy\" decoding=\"async\" class=\"size-full wp-image-8957 aligncenter\" src=\"https:\/\/www.labunie.com.pl\/wp-content\/uploads\/2018\/07\/harmonogram_7-12_2018.png\" alt=\"\" width=\"630\" height=\"992\" srcset=\"https:\/\/www.labunie.com.pl\/wp-content\/uploads\/2018\/07\/harmonogram_7-12_2018.png 630w, https:\/\/www.labunie.com.pl\/wp-content\/uploads\/2018\/07\/harmonogram_7-12_2018-191x300.png 191w\" sizes=\"auto, (max-width: 630px) 100vw, 630px\" \/><\/p>\n<table>\n<tbody>\n<tr>\n<td><a href=\"https:\/\/www.labunie.com.pl\/wp-content\/uploads\/2018\/07\/harmonogram_ii_2018.pdf\"><img loading=\"lazy\" decoding=\"async\" class=\"alignright size-full wp-image-1477\" src=\"https:\/\/www.labunie.com.pl\/wp-content\/uploads\/2015\/07\/pdf.png\" alt=\"\" width=\"50\" height=\"50\" \/><\/a><\/td>\n<p>&nbsp;<\/p>\n<td><a href=\"https:\/\/www.labunie.com.pl\/wp-content\/uploads\/2018\/07\/harmonogram_ii_2018.pdf\">Harmonogram odbioru odpad\u00f3w komunalnych zmieszanych i selektywnie zbieranych oraz popio\u0142u z palenisk domowych w okresie jesienno-zimowym z terenu Gminy \u0141abunie w II po\u0142owie 2018 roku<\/a><\/td>\n<\/tr>\n<\/tbody>\n<\/table>\n","protected":false},"excerpt":{"rendered":"<p>Przedsi\u0119biorstwo Gospodarki Komunalnej Sp. z o. o. w Zamo\u015bciu podaje do wiadomo\u015bci harmonogram odbioru odpad\u00f3w komunalnych zmieszanych i selektywnie zbieranych oraz popio\u0142u z palenisk domowych w okresie jesienno-zimowym z terenu Gminy \u0141abunie w II po\u0142owie 2018 roku.<\/p>\n","protected":false},"author":7,"featured_media":1476,"comment_status":"closed","ping_status":"closed","sticky":false,"template":"","format":"standard","meta":{"footnotes":""},"categories":[1],"tags":[],"class_list":["post-8955","post","type-post","status-publish","format-standard","has-post-thumbnail","hentry","category-wpisy","clearfix"],"_links":{"self":[{"href":"https:\/\/www.labunie.com.pl\/index.php?rest_route=\/wp\/v2\/posts\/8955","targetHints":{"allow":["GET"]}}],"collection":[{"href":"https:\/\/www.labunie.com.pl\/index.php?rest_route=\/wp\/v2\/posts"}],"about":[{"href":"https:\/\/www.labunie.com.pl\/index.php?rest_route=\/wp\/v2\/types\/post"}],"author":[{"embeddable":true,"href":"https:\/\/www.labunie.com.pl\/index.php?rest_route=\/wp\/v2\/users\/7"}],"replies":[{"embeddable":true,"href":"https:\/\/www.labunie.com.pl\/index.php?rest_route=%2Fwp%2Fv2%2Fcomments&post=8955"}],"version-history":[{"count":5,"href":"https:\/\/www.labunie.com.pl\/index.php?rest_route=\/wp\/v2\/posts\/8955\/revisions"}],"predecessor-version":[{"id":9110,"href":"https:\/\/www.labunie.com.pl\/index.php?rest_route=\/wp\/v2\/posts\/8955\/revisions\/9110"}],"wp:featuredmedia":[{"embeddable":true,"href":"https:\/\/www.labunie.com.pl\/index.php?rest_route=\/wp\/v2\/media\/1476"}],"wp:attachment":[{"href":"https:\/\/www.labunie.com.pl\/index.php?rest_route=%2Fwp%2Fv2%2Fmedia&parent=8955"}],"wp:term":[{"taxonomy":"category","embeddable":true,"href":"https:\/\/www.labunie.com.pl\/index.php?rest_route=%2Fwp%2Fv2%2Fcategories&post=8955"},{"taxonomy":"post_tag","embeddable":true,"href":"https:\/\/www.labunie.com.pl\/index.php?rest_route=%2Fwp%2Fv2%2Ftags&post=8955"}],"curies":[{"name":"wp","href":"https:\/\/api.w.org\/{rel}","templated":true}]}}