{"id":8922,"date":"2018-07-02T17:15:04","date_gmt":"2018-07-02T15:15:04","guid":{"rendered":"https:\/\/www.labunie.com.pl\/?p=8922"},"modified":"2018-07-02T17:15:04","modified_gmt":"2018-07-02T15:15:04","slug":"informacja-35","status":"publish","type":"post","link":"https:\/\/www.labunie.com.pl\/?p=8922","title":{"rendered":"Informacja"},"content":{"rendered":"<p><strong>W\u00f3jt Gminy \u0141abunie podaje do publicznej wiadomo\u015bci stanowisko Generalnej Dyrekcji Dr\u00f3g Krajowych i Autostrad Oddzia\u0142 w Lublinie dotycz\u0105ce rozbudowy drogi krajowej nr 17 na odcinku Zamo\u015b\u0107 &#8211; \u0141abunie.<\/strong><\/p>\n<p><!--more--><br \/>\n&nbsp;<br \/>\n&nbsp;<br \/>\n&nbsp;<br \/>\n<a href=\"https:\/\/www.labunie.com.pl\/wp-content\/uploads\/2018\/07\/gddkia_20180701.png\" data-rel=\"lightbox-gallery-WAOH9Ivo\" data-rl_title=\"\" data-rl_caption=\"\" title=\"\"><img loading=\"lazy\" decoding=\"async\" class=\"aligncenter\" src=\"https:\/\/www.labunie.com.pl\/wp-content\/uploads\/2018\/07\/gddkia_20180701.png\" width=\"630\" height=\"840\" \/><\/a><\/p>\n","protected":false},"excerpt":{"rendered":"<p>W\u00f3jt Gminy \u0141abunie podaje do publicznej wiadomo\u015bci stanowisko Generalnej Dyrekcji Dr\u00f3g Krajowych i Autostrad Oddzia\u0142 w Lublinie dotycz\u0105ce rozbudowy drogi krajowej nr 17 na odcinku Zamo\u015b\u0107 &#8211; \u0141abunie.<\/p>\n","protected":false},"author":7,"featured_media":1476,"comment_status":"closed","ping_status":"closed","sticky":false,"template":"","format":"standard","meta":{"footnotes":""},"categories":[1],"tags":[],"class_list":["post-8922","post","type-post","status-publish","format-standard","has-post-thumbnail","hentry","category-wpisy","clearfix"],"_links":{"self":[{"href":"https:\/\/www.labunie.com.pl\/index.php?rest_route=\/wp\/v2\/posts\/8922","targetHints":{"allow":["GET"]}}],"collection":[{"href":"https:\/\/www.labunie.com.pl\/index.php?rest_route=\/wp\/v2\/posts"}],"about":[{"href":"https:\/\/www.labunie.com.pl\/index.php?rest_route=\/wp\/v2\/types\/post"}],"author":[{"embeddable":true,"href":"https:\/\/www.labunie.com.pl\/index.php?rest_route=\/wp\/v2\/users\/7"}],"replies":[{"embeddable":true,"href":"https:\/\/www.labunie.com.pl\/index.php?rest_route=%2Fwp%2Fv2%2Fcomments&post=8922"}],"version-history":[{"count":5,"href":"https:\/\/www.labunie.com.pl\/index.php?rest_route=\/wp\/v2\/posts\/8922\/revisions"}],"predecessor-version":[{"id":8928,"href":"https:\/\/www.labunie.com.pl\/index.php?rest_route=\/wp\/v2\/posts\/8922\/revisions\/8928"}],"wp:featuredmedia":[{"embeddable":true,"href":"https:\/\/www.labunie.com.pl\/index.php?rest_route=\/wp\/v2\/media\/1476"}],"wp:attachment":[{"href":"https:\/\/www.labunie.com.pl\/index.php?rest_route=%2Fwp%2Fv2%2Fmedia&parent=8922"}],"wp:term":[{"taxonomy":"category","embeddable":true,"href":"https:\/\/www.labunie.com.pl\/index.php?rest_route=%2Fwp%2Fv2%2Fcategories&post=8922"},{"taxonomy":"post_tag","embeddable":true,"href":"https:\/\/www.labunie.com.pl\/index.php?rest_route=%2Fwp%2Fv2%2Ftags&post=8922"}],"curies":[{"name":"wp","href":"https:\/\/api.w.org\/{rel}","templated":true}]}}