{"id":8890,"date":"2018-07-02T06:59:45","date_gmt":"2018-07-02T04:59:45","guid":{"rendered":"https:\/\/www.labunie.com.pl\/?p=8890"},"modified":"2018-07-02T17:16:48","modified_gmt":"2018-07-02T15:16:48","slug":"szczepienia-psow-przeciwko-wsciekliznie-3","status":"publish","type":"post","link":"https:\/\/www.labunie.com.pl\/?p=8890","title":{"rendered":"Szczepienia ps\u00f3w przeciwko w\u015bciekli\u017anie"},"content":{"rendered":"<p><strong>Od 3 do 10 lipca 2018 r. w poszczeg\u00f3lnych miejscowo\u015bciach Gminy \u0141abunie przeprowadzone b\u0119dzie ochronne szczepienie ps\u00f3w przeciwko w\u015bciekli\u017anie.<\/strong><br \/>\n&nbsp;<br \/>\n<strong>Szczepienie jest obowi\u0105zkowe.<\/strong><\/p>\n<p><!--more--><br \/>\n&nbsp;<br \/>\nObowi\u0105zek ten nak\u0142ada na posiadaczy ps\u00f3w art. 56 Ustawy o ochronie zdrowia zwierz\u0105t oraz zwalczaniu chor\u00f3b zaka\u017anych zwierz\u0105t (tekst jedn. Dz. U. z 2017 poz. 1855 ze zm.). Psy poddane szczepieniu podlegaj\u0105 wpisaniu do rejestru.<br \/>\n&nbsp;<\/p>\n<table style=\"width: 630px;\" border=\"1\" cellpadding=\"5\">\n<tbody>\n<tr>\n<td style=\"width: 59px;\"><em>Lp.<\/em><\/td>\n<td style=\"width: 135px;\"><em>Miejscowo\u015b\u0107<\/em><\/td>\n<td style=\"width: 133.65px;\"><em>Data<\/em><\/td>\n<td style=\"width: 193.35px;\"><em>Punkt szczepie\u0144<\/em><\/td>\n<td style=\"width: 102px;\"><em>Godzina<\/em><\/td>\n<\/tr>\n<tr>\n<td style=\"width: 59px;\">1.<\/td>\n<td style=\"width: 135px;\">Wierzbie<\/td>\n<td style=\"width: 133.65px;\"><strong>3 lipca 2018 r.<\/strong><br \/>\n(wtorek)<\/td>\n<td style=\"width: 193.35px;\">parking przy sklepie<\/td>\n<td style=\"width: 102px;\">17:00-18:00<\/td>\n<\/tr>\n<tr>\n<td style=\"width: 59px;\">2.<\/td>\n<td style=\"width: 135px;\">Rusz\u00f3w-Kolonia<\/td>\n<td style=\"width: 133.65px;\"><strong>4 lipca 2018 r.<\/strong><br \/>\n(\u015broda)<\/td>\n<td style=\"width: 193.35px;\">przystanek autobusowy<\/p>\n<p>skrzy\u017cowanie na Hary<\/td>\n<td style=\"width: 102px;\">16:00-16:15<\/td>\n<\/tr>\n<tr>\n<td style=\"width: 59px;\">3.<\/td>\n<td style=\"width: 135px;\">Rusz\u00f3w-Kolonia<\/td>\n<td style=\"width: 133.65px;\"><strong>4 lipca 2018 r.<\/strong><br \/>\n(\u015broda)<\/td>\n<td style=\"width: 193.35px;\">wzd\u0142u\u017c ulicy<\/td>\n<td style=\"width: 102px;\">16:20-16:50<\/td>\n<\/tr>\n<tr>\n<td style=\"width: 59px;\">4.<\/td>\n<td style=\"width: 135px;\">Rusz\u00f3w<\/td>\n<td style=\"width: 133.65px;\"><strong>4 lipca 2018 r.<\/strong><br \/>\n(\u015broda)<\/td>\n<td style=\"width: 193.35px;\">skrzy\u017cowanie<\/td>\n<td style=\"width: 102px;\">17:00-18:00<\/td>\n<\/tr>\n<tr>\n<td style=\"width: 59px;\">5.<\/td>\n<td style=\"width: 135px;\">Moc\u00f3wka<\/td>\n<td style=\"width: 133.65px;\"><strong>5 lipca 2018 r.<\/strong><br \/>\n(czwartek)<\/td>\n<td style=\"width: 193.35px;\"><\/td>\n<td style=\"width: 102px;\">17:00-17:30<\/td>\n<\/tr>\n<tr>\n<td style=\"width: 59px;\">6.<\/td>\n<td style=\"width: 135px;\">Moc\u00f3wka,<br \/>\n\u0141abu\u0144ki Pierwsze<\/td>\n<td style=\"width: 133.65px;\"><strong>5 lipca 2018 r.<\/strong><br \/>\n(czwartek)<\/td>\n<td style=\"width: 193.35px;\">Tuczapy<\/td>\n<td style=\"width: 102px;\">17:45-18:15<\/td>\n<\/tr>\n<tr>\n<td style=\"width: 59px;\">7.<\/td>\n<td style=\"width: 135px;\">\u0141abu\u0144ki Pierwsze<\/td>\n<td style=\"width: 133.65px;\"><strong>6 lipca 2018 r.<\/strong><br \/>\n(pi\u0105tek)<\/td>\n<td style=\"width: 193.35px;\">parking ko\u0142o remizy OSP<\/td>\n<td style=\"width: 102px;\">16:00-16:45<\/td>\n<\/tr>\n<tr>\n<td style=\"width: 59px;\">8.<\/td>\n<td style=\"width: 135px;\">\u0141abu\u0144ki Pierwsze<\/td>\n<td style=\"width: 133.65px;\"><strong>6 lipca 2018 r.<\/strong><br \/>\n(pi\u0105tek)<\/td>\n<td style=\"width: 193.35px;\">ulica przy b. bazie SKR<\/td>\n<td style=\"width: 102px;\">17:00-17:30<\/td>\n<\/tr>\n<tr>\n<td style=\"width: 59px;\">9.<\/td>\n<td style=\"width: 135px;\">\u0141abu\u0144ki Pierwsze<\/td>\n<td style=\"width: 133.65px;\"><strong>6 lipca 2018 r.<\/strong><br \/>\n(pi\u0105tek)<\/td>\n<td style=\"width: 193.35px;\">stacja paliw &#8220;Orlen&#8221;<\/td>\n<td style=\"width: 102px;\">17:45-18:30<\/td>\n<\/tr>\n<tr>\n<td style=\"width: 59px;\">10.<\/td>\n<td style=\"width: 135px;\">\u0141abu\u0144ki Drugie<\/td>\n<td style=\"width: 133.65px;\"><strong>7 lipca 2018 r.<br \/>\n<\/strong>(sobota)<\/td>\n<td style=\"width: 193.35px;\">Sachalin<\/td>\n<td style=\"width: 102px;\">9:00-10:30<\/td>\n<\/tr>\n<tr>\n<td style=\"width: 59px;\">11.<\/td>\n<td style=\"width: 135px;\">\u0141abu\u0144ki Pierwsze<\/td>\n<td style=\"width: 133.65px;\"><strong>7 lipca 2018 r.<br \/>\n<\/strong>(sobota)<\/td>\n<td style=\"width: 193.35px;\">\u0141abu\u0144ki Centralka \u2013<br \/>\nwzd\u0142u\u017c ulicy<\/td>\n<td style=\"width: 102px;\">10:45-11:30<\/td>\n<\/tr>\n<tr>\n<td style=\"width: 59px;\">12.<\/td>\n<td style=\"width: 135px;\">Barchacz\u00f3w<\/td>\n<td style=\"width: 133.65px;\"><strong>9 lipca 2018 r.<br \/>\n<\/strong>(poniedzia\u0142ek)<\/td>\n<td style=\"width: 193.35px;\">parking ko\u0142o \u015bwietlicy<\/td>\n<td style=\"width: 102px;\">16:00-17:00<\/td>\n<\/tr>\n<tr>\n<td style=\"width: 59px;\">13.<\/td>\n<td style=\"width: 135px;\">Br\u00f3dek<\/td>\n<td style=\"width: 133.65px;\"><strong>9 lipca 2018 r.<br \/>\n<\/strong>(poniedzia\u0142ek)<\/td>\n<td style=\"width: 193.35px;\">stary Br\u00f3dek<\/td>\n<td style=\"width: 102px;\">17:15-17:30<\/td>\n<\/tr>\n<tr>\n<td style=\"width: 59px;\">14.<\/td>\n<td style=\"width: 135px;\">Br\u00f3dek<\/td>\n<td style=\"width: 133.65px;\"><strong>9 lipca 2018 r.<br \/>\n<\/strong>(poniedzia\u0142ek)<\/td>\n<td style=\"width: 193.35px;\">wzd\u0142u\u017c ulicy<\/td>\n<td style=\"width: 102px;\">17:45-18:30<\/td>\n<\/tr>\n<tr>\n<td style=\"width: 59px;\">15.<\/td>\n<td style=\"width: 135px;\">D\u0105browa<\/td>\n<td style=\"width: 133.65px;\"><strong>9 lipca 2018 r.<br \/>\n<\/strong>(poniedzia\u0142ek)<\/td>\n<td style=\"width: 193.35px;\">wzd\u0142u\u017c ulicy<\/td>\n<td style=\"width: 102px;\">18:45-19:15<\/td>\n<\/tr>\n<tr>\n<td style=\"width: 59px;\">16.<\/td>\n<td style=\"width: 135px;\">W\u00f3lka \u0141abu\u0144ska<\/td>\n<td style=\"width: 133.65px;\"><strong>10 lipca 2018 r.<br \/>\n<\/strong>(wtorek)<\/td>\n<td style=\"width: 193.35px;\">parking ko\u0142o remizy OSP<\/td>\n<td style=\"width: 102px;\">16:00-17:00<\/td>\n<\/tr>\n<tr>\n<td style=\"width: 59px;\">17.<\/td>\n<td style=\"width: 135px;\">\u0141abunie-Reforma<\/td>\n<td style=\"width: 133.65px;\"><strong>10 lipca 2018 r.<br \/>\n<\/strong>(wtorek)<\/td>\n<td style=\"width: 193.35px;\">parking ko\u0142o sklepu<\/td>\n<td style=\"width: 102px;\">17:30-18:00<\/td>\n<\/tr>\n<tr>\n<td style=\"width: 59px;\">18.<\/td>\n<td style=\"width: 135px;\">\u0141abunie<\/td>\n<td style=\"width: 429px;\" colspan=\"3\">psy, kt\u00f3rym up\u0142yn\u0105\u0142 termin wa\u017cno\u015bci szczepienia przeciwko w\u015bciekli\u017anie, prosz\u0119 doprowadza\u0107 do Przychodni w godzinach 10:00-16:00 lub umawia\u0107 telefonicznie.<\/td>\n<\/tr>\n<\/tbody>\n<\/table>\n<p>&nbsp;<\/p>\n","protected":false},"excerpt":{"rendered":"<p>Od 3 do 10 lipca 2018 r. w poszczeg\u00f3lnych miejscowo\u015bciach Gminy \u0141abunie przeprowadzone b\u0119dzie ochronne szczepienie ps\u00f3w przeciwko w\u015bciekli\u017anie. &nbsp; Szczepienie jest obowi\u0105zkowe.<\/p>\n","protected":false},"author":7,"featured_media":1149,"comment_status":"closed","ping_status":"closed","sticky":false,"template":"","format":"standard","meta":{"footnotes":""},"categories":[1],"tags":[],"class_list":["post-8890","post","type-post","status-publish","format-standard","has-post-thumbnail","hentry","category-wpisy","clearfix"],"_links":{"self":[{"href":"https:\/\/www.labunie.com.pl\/index.php?rest_route=\/wp\/v2\/posts\/8890","targetHints":{"allow":["GET"]}}],"collection":[{"href":"https:\/\/www.labunie.com.pl\/index.php?rest_route=\/wp\/v2\/posts"}],"about":[{"href":"https:\/\/www.labunie.com.pl\/index.php?rest_route=\/wp\/v2\/types\/post"}],"author":[{"embeddable":true,"href":"https:\/\/www.labunie.com.pl\/index.php?rest_route=\/wp\/v2\/users\/7"}],"replies":[{"embeddable":true,"href":"https:\/\/www.labunie.com.pl\/index.php?rest_route=%2Fwp%2Fv2%2Fcomments&post=8890"}],"version-history":[{"count":5,"href":"https:\/\/www.labunie.com.pl\/index.php?rest_route=\/wp\/v2\/posts\/8890\/revisions"}],"predecessor-version":[{"id":8929,"href":"https:\/\/www.labunie.com.pl\/index.php?rest_route=\/wp\/v2\/posts\/8890\/revisions\/8929"}],"wp:featuredmedia":[{"embeddable":true,"href":"https:\/\/www.labunie.com.pl\/index.php?rest_route=\/wp\/v2\/media\/1149"}],"wp:attachment":[{"href":"https:\/\/www.labunie.com.pl\/index.php?rest_route=%2Fwp%2Fv2%2Fmedia&parent=8890"}],"wp:term":[{"taxonomy":"category","embeddable":true,"href":"https:\/\/www.labunie.com.pl\/index.php?rest_route=%2Fwp%2Fv2%2Fcategories&post=8890"},{"taxonomy":"post_tag","embeddable":true,"href":"https:\/\/www.labunie.com.pl\/index.php?rest_route=%2Fwp%2Fv2%2Ftags&post=8890"}],"curies":[{"name":"wp","href":"https:\/\/api.w.org\/{rel}","templated":true}]}}