{"id":8882,"date":"2018-06-27T12:18:10","date_gmt":"2018-06-27T10:18:10","guid":{"rendered":"https:\/\/www.labunie.com.pl\/?p=8882"},"modified":"2018-06-27T12:20:30","modified_gmt":"2018-06-27T10:20:30","slug":"sobotka-w-wierzbiu","status":"publish","type":"post","link":"https:\/\/www.labunie.com.pl\/?p=8882","title":{"rendered":"Sob\u00f3tka w Wierzbiu"},"content":{"rendered":"<p><strong>Ju\u017c tradycj\u0105 jest, \u017ce w dniu \u015bw. Jana \u2013 w Wierzbiu obchodzona jest \u201eNoc \u015awi\u0119toja\u0144ska\u201d. Panie z miejscowego KGW opr\u00f3cz pi\u0119knie urz\u0105dzonej i udekorowanej sceny przygotowa\u0142y pocz\u0119stunek dla wszystkich przyby\u0142ych go\u015bci. Impreza rozpocz\u0119\u0142a si\u0119 wyst\u0119pem miejscowego zespo\u0142u \u201eZorza\u201d zasilonego przez pan\u00f3w z so\u0142ectwa i so\u0142tysa wsi.<\/strong><\/p>\n<p><!--more--><br \/>\n&nbsp;<br \/>\n&nbsp;<br \/>\nTegoroczn\u0105 \u201eSob\u00f3tk\u0119\u201d u\u015bwietni\u0142y wyst\u0119py: dzieci z zespo\u0142u \u201e\u0141abu\u0144skie Iskierki\u201d pod kierownictwem p. Haliny Piskorz, panie z \u201eDuetu One\u201d z \u0141abu\u0144, panie z KGW \u0141abunie, panie z KGW \u0141abu\u0144ki Pierwsze, panie z KGW Barchacz\u00f3w. Ponadto udzia\u0142 wzi\u0119\u0142y dzieci w wieku przedszkolnym z Wierzbia i miejscowy poeta ludowy p. Stanis\u0142aw Kulasza.<br \/>\n&nbsp;<br \/>\nJak co roku odby\u0142 si\u0119 konkurs na najpi\u0119kniejszy wianek wykonany z polnych kwiat\u00f3w oraz konkursy dla naszych milusi\u0144skich prowadzone przez postaci bajkowe.<br \/>\n&nbsp;<br \/>\nNagrody dla wszystkich uczestnik\u00f3w ufundowane zosta\u0142y przez W\u00f3jta Gminy \u0141abunie p. Antoniego Wojciecha Turczyna, za co sk\u0142adamy serdeczne podzi\u0119kowania.<br \/>\n&nbsp;<\/p>\n<p style=\"text-align: right;\"><em>KGW Wierzbie<\/em><br \/>\n<em>So\u0142tys i Rada So\u0142ecka Wierzbia<\/em><\/p>\n<p>&nbsp;<\/p>\n<p style=\"text-align: left;\">[lg_folder folder=&#8221;20180623\/&#8221; count=&#8221;54&#8243; paging=&#8221;false&#8221;]<\/p>\n<p>&nbsp;<\/p>\n","protected":false},"excerpt":{"rendered":"<p>Ju\u017c tradycj\u0105 jest, \u017ce w dniu \u015bw. Jana \u2013 w Wierzbiu obchodzona jest \u201eNoc \u015awi\u0119toja\u0144ska\u201d. Panie z miejscowego KGW opr\u00f3cz pi\u0119knie urz\u0105dzonej i udekorowanej sceny przygotowa\u0142y pocz\u0119stunek dla wszystkich przyby\u0142ych go\u015bci. Impreza rozpocz\u0119\u0142a si\u0119 wyst\u0119pem miejscowego zespo\u0142u \u201eZorza\u201d zasilonego przez pan\u00f3w z so\u0142ectwa i so\u0142tysa wsi.<\/p>\n","protected":false},"author":7,"featured_media":8883,"comment_status":"closed","ping_status":"closed","sticky":false,"template":"","format":"standard","meta":{"footnotes":""},"categories":[1],"tags":[],"class_list":["post-8882","post","type-post","status-publish","format-standard","has-post-thumbnail","hentry","category-wpisy","clearfix"],"_links":{"self":[{"href":"https:\/\/www.labunie.com.pl\/index.php?rest_route=\/wp\/v2\/posts\/8882","targetHints":{"allow":["GET"]}}],"collection":[{"href":"https:\/\/www.labunie.com.pl\/index.php?rest_route=\/wp\/v2\/posts"}],"about":[{"href":"https:\/\/www.labunie.com.pl\/index.php?rest_route=\/wp\/v2\/types\/post"}],"author":[{"embeddable":true,"href":"https:\/\/www.labunie.com.pl\/index.php?rest_route=\/wp\/v2\/users\/7"}],"replies":[{"embeddable":true,"href":"https:\/\/www.labunie.com.pl\/index.php?rest_route=%2Fwp%2Fv2%2Fcomments&post=8882"}],"version-history":[{"count":5,"href":"https:\/\/www.labunie.com.pl\/index.php?rest_route=\/wp\/v2\/posts\/8882\/revisions"}],"predecessor-version":[{"id":8888,"href":"https:\/\/www.labunie.com.pl\/index.php?rest_route=\/wp\/v2\/posts\/8882\/revisions\/8888"}],"wp:featuredmedia":[{"embeddable":true,"href":"https:\/\/www.labunie.com.pl\/index.php?rest_route=\/wp\/v2\/media\/8883"}],"wp:attachment":[{"href":"https:\/\/www.labunie.com.pl\/index.php?rest_route=%2Fwp%2Fv2%2Fmedia&parent=8882"}],"wp:term":[{"taxonomy":"category","embeddable":true,"href":"https:\/\/www.labunie.com.pl\/index.php?rest_route=%2Fwp%2Fv2%2Fcategories&post=8882"},{"taxonomy":"post_tag","embeddable":true,"href":"https:\/\/www.labunie.com.pl\/index.php?rest_route=%2Fwp%2Fv2%2Ftags&post=8882"}],"curies":[{"name":"wp","href":"https:\/\/api.w.org\/{rel}","templated":true}]}}