{"id":8818,"date":"2018-06-20T16:39:47","date_gmt":"2018-06-20T14:39:47","guid":{"rendered":"https:\/\/www.labunie.com.pl\/?p=8818"},"modified":"2018-06-20T16:40:11","modified_gmt":"2018-06-20T14:40:11","slug":"zaproszenie-do-udzialu-w-eliminacjach-powiatowych-festiwalu-piesni-partyzanckich","status":"publish","type":"post","link":"https:\/\/www.labunie.com.pl\/?p=8818","title":{"rendered":"Zaproszenie do udzia\u0142u w eliminacjach powiatowych Festiwalu Pie\u015bni Partyzanckich"},"content":{"rendered":"<p><strong>Aktywnie w\u0142\u0105czaj\u0105c si\u0119 w obchody 100-lecia odzyskania niepodleg\u0142o\u015bci \u015awiatowy Zwi\u0105zek \u017bo\u0142nierzy Armii Krajowej Okr\u0119g Zamo\u015b\u0107 wraz z 13. Dru\u017cyn\u0105 Starszoharcersk\u0105 POCHODNI, serdecznie zaprasza solist\u00f3w, duety i zespo\u0142y do udzia\u0142u w eliminacjach powiatowych do Festiwalu Pie\u015bni Partyzanckich, organizowanego w ramach nowego projektu \u015aZ\u017bAK Okr\u0119g Zamo\u015b\u0107 pt. \u201ePie\u015b\u0144 Niepodleg\u0142o\u015bci \u2013 Festiwal Pie\u015bni Partyzanckich\u201d.<\/strong><\/p>\n<p><!--more--><br \/>\n&nbsp;<br \/>\nPrzypominamy, \u017ce wydarzeniem inauguruj\u0105cym festiwal  by\u0142 koncert \u201cMorowe Panny Wykl\u0119te\u201d z udzia\u0142em czo\u0142owych wokalistek polskiej sceny muzycznej: Haliny Mlynkovej, Mariki, Kasi Malejonek, Mony, Fali, Dore i Ani Szafraniec wraz z Darkiem Malejonkiem i zespo\u0142em Maleo Reggae Rockers, kt\u00f3ry odby\u0142 si\u0119 27 maja 2018 r. na terenie kompleksu koszar Jednostki Wojskowej w Zamo\u015bciu.<br \/>\n&nbsp;<br \/>\nPropozycja wzi\u0119cia udzia\u0142u w festiwalu adresowana jest do artystycznych zespo\u0142\u00f3w m\u0142odzie\u017cy starszej i os\u00f3b doros\u0142ych o charakterze instrumentalno- wokalnym, wokalnym i solist\u00f3w. Sam festiwal ma na celu natomiast promowanie polskiej idei niepodleg\u0142o\u015bciowej, wyra\u017canej w pie\u015bniach i piosenkach, patriotycznych, powsta\u0144czych, partyzanckich i wolno\u015bciowych.<br \/>\n&nbsp;<br \/>\nOrganizatorzy zdecydowali \u017ce festiwal b\u0119dzie mia\u0142 formu\u0142\u0119 dwuetapowego konkursu artystycznego. W pierwszym etapie konkursu odb\u0119d\u0105 si\u0119 przes\u0142uchania rejonowo &#8211; powiatowe, kt\u00f3re ocenia\u0107 i kwalifikowa\u0107 do Koncertu Galowego b\u0119dzie wy\u0142oniona przez organizator\u00f3w komisja artystyczna festiwalu, kt\u00f3ra w swojej ocenie we\u017amie pod uwag\u0119 dob\u00f3r repertuaru, aran\u017cacj\u0119, intonacj\u0119 oraz og\u00f3lny wyraz artystyczny. Komisja preferowa\u0107 b\u0119dzie nowatorskie i wsp\u00f3\u0142czesne aran\u017cacje i brzmienia oraz prezentacje na \u017cywo.<br \/>\n&nbsp;<br \/>\nW sk\u0142ad Jury Festiwalu wejd\u0105 znani oraz uznani instruktorzy w \u015brodowisku muzycznym Zamojszczyzny, mog\u0105cy pochwali\u0107 si\u0119 wieloletnim do\u015bwiadczeniem i osi\u0105gni\u0119ciami artystycznymi na arenie og\u00f3lnopolskiej z prowadzonymi przez siebie zespo\u0142ami wokalno \u2013 instrumentalnymi. Ich sylwetki prezentujemy poni\u017cej:<\/p>\n<ol>\n<li><strong>Tomasz Ksi\u0105\u017cek<\/strong> &#8211; nauczyciel, muzyk, instruktor, zespo\u0142\u00f3w instrumentalno-wokalnych kategorii \u201eS\u201d, wielokrotny cz\u0142onek jury r\u00f3\u017cnorodnych festiwali muzycznych i przegl\u0105d\u00f3w, r\u00f3wnie\u017c o zasi\u0119gu mi\u0119dzynarodowym.<\/li>\n<li><strong>Marian Szewera<\/strong> &#8211; nauczyciel, muzyk, satyryk instruktor, zespo\u0142\u00f3w instrumentalno-wokalnych kategorii \u201eI\u201d, wielokrotny cz\u0142onek jury r\u00f3\u017cnorodnych festiwali muzycznych i przegl\u0105d\u00f3w.<\/li>\n<li><strong>Jerzy Ba\u0142akut<\/strong> &#8211; nauczyciel, muzyk, konsultant muzyczny instruktor zespo\u0142\u00f3w instrumentalno-wokalnych kategorii \u201eI\u201d, wielokrotny cz\u0142onek jury r\u00f3\u017cnorakich festiwali muzycznych i przegl\u0105d\u00f3w, tak\u017ce o zasi\u0119gu mi\u0119dzynarodowym.<\/li>\n<\/ol>\n<p>&nbsp;<br \/>\nUczestnicy festiwalu wyst\u0119powa\u0107 b\u0119d\u0105 w dw\u00f3ch kategoriach:<\/p>\n<ul>\n<li>I kat. soli\u015bci i duety<\/li>\n<li>II kat. zespo\u0142y instrumentalno-wokalne i wokalne<\/li>\n<\/ul>\n<p>&nbsp;<br \/>\nKa\u017cdy zesp\u00f3\u0142, solista, w pierwszym etapie prezentuje dwa utwory nawi\u0105zuj\u0105ce do polskiej idei niepodleg\u0142o\u015bciowej, wyra\u017canej w pie\u015bniach i piosenkach, patriotycznych, powsta\u0144czych, partyzanckich i wolno\u015bciowych, w tym jeden ze \u015bpiewnika Pie\u015bni Partyzanckich Zamojszczyzny wydanego w ramach projektu przez \u015awiatowy Zwi\u0105zek \u017bo\u0142nierzy Armii Krajowej Okr\u0119g Zamo\u015b\u0107.<br \/>\n&nbsp;<br \/>\nEliminacje rejonowe, o charakterze otwartym przeprowadzone zostan\u0105 w okresie od czerwca do wrze\u015bnia \u2013 w powiatach:<\/p>\n<ul>\n<li>Bi\u0142gorajskim (eliminacje w Bi\u0142goraju odb\u0119d\u0105 si\u0119 <strong>16 czerwca 2018 roku o godz. 17:00 <\/strong>w sali kameralnej Bi\u0142gorajskiego Centrum Kultury)<\/li>\n<li>Hrubieszowskim<\/li>\n<li>Tomaszowskim (eliminacje w Tomaszowie Lubelskim odb\u0119d\u0105 si\u0119 <strong>23 czerwca 2018 roku o godz. 11:00 <\/strong>w sali teatralnej Tomaszowskiego Domu Kultury)<\/li>\n<li>Zamojskim<\/li>\n<li>powiecie grodzkim Miasta Zamo\u015b\u0107<\/li>\n<\/ul>\n<p>&nbsp;<br \/>\nKolejne terminy oraz wi\u0119cej szczeg\u00f3\u0142\u00f3w odno\u015bnie ju\u017c zaplanowanych eliminacji a tak\u017ce samego festiwalu znajdziecie Pa\u0144stwo na stronie internetowej <a href=\"http:\/\/www.akzamosc.pl\/\" target=\"_blank\" rel=\"noopener\"><strong>www.akzamosc.pl<\/strong><\/a>. W sprawach organizacyjnych mo\u017cna si\u0119 kontaktowa\u0107 tak\u017ce z koordynatorami projektu (m.in. prezesem, pos\u0142em na Sejm RP, S\u0142awomirem Zawi\u015blakiem \u2013 tel. 501 589 888) \u2013 numery telefon\u00f3w dost\u0119pne  tak\u017ce na stronie internetowej Zwi\u0105zku.<br \/>\n&nbsp;<br \/>\nKa\u017cdy z uczestnik\u00f3w festiwalu otrzyma dyplom uczestnictwa natomiast laureaci otrzymaj\u0105 nominacje do udzia\u0142u w drugim etapie konkursu tj. we wrze\u015bniowym Galowym Koncercie Niepodleg\u0142o\u015bciowym finalizuj\u0105cym ww. projekt, podczas kt\u00f3rego wyst\u0105pi\u0105 oni wraz z gwiazd\u0105 wieczoru \u2013 zespo\u0142em FORTECA.<br \/>\n&nbsp;<br \/>\nDla laureat\u00f3w w obu kategoriach SOLI\u015aCI, DUETY i ZESPO\u0141Y przewidziano nagrody finansowe:<\/p>\n<ul>\n<li>I miejsce \u2013 400 z\u0142<\/li>\n<li>II miejsce \u2013 300 z\u0142<\/li>\n<li>III miejsce \u2013 250 z\u0142<\/li>\n<\/ul>\n<p>&nbsp;<br \/>\nOrganizatorzy, w zale\u017cno\u015bci od hojno\u015bci sponsor\u00f3w nie wykluczaj\u0105 tak\u017ce nagr\u00f3d rzeczowych i ju\u017c teraz, za Pa\u0144stwa po\u015brednictwem, serdecznie zapraszaj\u0105 do zg\u0142aszania si\u0119 na eliminacje.<br \/>\n&nbsp;<\/p>\n<div><em>Wydarzenie dofinansowane ze \u015brodk\u00f3w Narodowego Centrum Kultury w ramach programu &#8220;Kultura &#8211; Interwencje 2018&#8221;.<\/em><\/div>\n<p>&nbsp;<br \/>\n<span class=\"highlight\"><strong><span class=\"colour\"><span class=\"font\"><span class=\"size\"> <\/span><\/span><\/span><\/strong><\/span><\/p>\n<p style=\"text-align: right;\"><span class=\"font\"><span class=\"size\"><strong><span class=\"colour\">W imieniu Zarz\u0105du<\/span><\/strong><\/span><\/span><\/p>\n<p style=\"text-align: right;\"><em>Prezes \u015awiatowego Zwi\u0105zku \u017bo\u0142nierzy<\/span><\/span><\/span><\/em><\/p>\n<p style=\"text-align: right;\"><em>Armii Krajowego Okr\u0119g Zamo\u015b\u0107<\/span><\/span><\/span><\/em><\/p>\n<p style=\"text-align: right;\"><em>S\u0142awomir Zawi\u015blak<\/span><\/span><\/span><\/em><\/p>\n<p>&nbsp;<br \/>\n<img loading=\"lazy\" decoding=\"async\" class=\"wp-image-8819 aligncenter\" src=\"https:\/\/www.labunie.com.pl\/wp-content\/uploads\/2018\/06\/plakat-festiwal2-728x1024.jpg\" alt=\"\" width=\"630\" height=\"886\" srcset=\"https:\/\/www.labunie.com.pl\/wp-content\/uploads\/2018\/06\/plakat-festiwal2-728x1024.jpg 728w, https:\/\/www.labunie.com.pl\/wp-content\/uploads\/2018\/06\/plakat-festiwal2-213x300.jpg 213w, https:\/\/www.labunie.com.pl\/wp-content\/uploads\/2018\/06\/plakat-festiwal2-768x1080.jpg 768w, https:\/\/www.labunie.com.pl\/wp-content\/uploads\/2018\/06\/plakat-festiwal2.jpg 1138w\" sizes=\"auto, (max-width: 630px) 100vw, 630px\" \/><\/p>\n","protected":false},"excerpt":{"rendered":"<p>Aktywnie w\u0142\u0105czaj\u0105c si\u0119 w obchody 100-lecia odzyskania niepodleg\u0142o\u015bci \u015awiatowy Zwi\u0105zek \u017bo\u0142nierzy Armii Krajowej Okr\u0119g Zamo\u015b\u0107 wraz z 13. Dru\u017cyn\u0105 Starszoharcersk\u0105 POCHODNI, serdecznie zaprasza solist\u00f3w, duety i zespo\u0142y do udzia\u0142u w eliminacjach powiatowych do Festiwalu Pie\u015bni Partyzanckich, organizowanego w ramach nowego projektu \u015aZ\u017bAK Okr\u0119g Zamo\u015b\u0107 pt. \u201ePie\u015b\u0144 Niepodleg\u0142o\u015bci \u2013 Festiwal Pie\u015bni Partyzanckich\u201d.<\/p>\n","protected":false},"author":7,"featured_media":8820,"comment_status":"closed","ping_status":"closed","sticky":false,"template":"","format":"standard","meta":{"footnotes":""},"categories":[1],"tags":[],"class_list":["post-8818","post","type-post","status-publish","format-standard","has-post-thumbnail","hentry","category-wpisy","clearfix"],"_links":{"self":[{"href":"https:\/\/www.labunie.com.pl\/index.php?rest_route=\/wp\/v2\/posts\/8818","targetHints":{"allow":["GET"]}}],"collection":[{"href":"https:\/\/www.labunie.com.pl\/index.php?rest_route=\/wp\/v2\/posts"}],"about":[{"href":"https:\/\/www.labunie.com.pl\/index.php?rest_route=\/wp\/v2\/types\/post"}],"author":[{"embeddable":true,"href":"https:\/\/www.labunie.com.pl\/index.php?rest_route=\/wp\/v2\/users\/7"}],"replies":[{"embeddable":true,"href":"https:\/\/www.labunie.com.pl\/index.php?rest_route=%2Fwp%2Fv2%2Fcomments&post=8818"}],"version-history":[{"count":5,"href":"https:\/\/www.labunie.com.pl\/index.php?rest_route=\/wp\/v2\/posts\/8818\/revisions"}],"predecessor-version":[{"id":8825,"href":"https:\/\/www.labunie.com.pl\/index.php?rest_route=\/wp\/v2\/posts\/8818\/revisions\/8825"}],"wp:featuredmedia":[{"embeddable":true,"href":"https:\/\/www.labunie.com.pl\/index.php?rest_route=\/wp\/v2\/media\/8820"}],"wp:attachment":[{"href":"https:\/\/www.labunie.com.pl\/index.php?rest_route=%2Fwp%2Fv2%2Fmedia&parent=8818"}],"wp:term":[{"taxonomy":"category","embeddable":true,"href":"https:\/\/www.labunie.com.pl\/index.php?rest_route=%2Fwp%2Fv2%2Fcategories&post=8818"},{"taxonomy":"post_tag","embeddable":true,"href":"https:\/\/www.labunie.com.pl\/index.php?rest_route=%2Fwp%2Fv2%2Ftags&post=8818"}],"curies":[{"name":"wp","href":"https:\/\/api.w.org\/{rel}","templated":true}]}}