{"id":8783,"date":"2018-06-12T09:31:55","date_gmt":"2018-06-12T07:31:55","guid":{"rendered":"https:\/\/www.labunie.com.pl\/?p=8783"},"modified":"2018-06-12T09:31:55","modified_gmt":"2018-06-12T07:31:55","slug":"spotkajmy-sie-w-lublinie-konferencja-programu-rownac-szanse","status":"publish","type":"post","link":"https:\/\/www.labunie.com.pl\/?p=8783","title":{"rendered":"Spotkajmy si\u0119 w Lublinie \u2013 konferencja programu R\u00f3wna\u0107 Szanse"},"content":{"rendered":"<p><strong>W imieniu Fundacji Fundusz Lokalny SMK oraz partner\u00f3w: Polskiej Fundacji Dzieci i M\u0142odzie\u017cy, Gminy Jab\u0142onna, Fundacji Nowy Staw, Regionalnego Centrum Wolontariatu w Lublinie oraz Centrum Spotkania Kultur serdecznie zapraszamy na Lubelsk\u0105 Regionaln\u0105 Konferencj\u0119 Programu \u201cR\u00f3wna\u0107 Szanse\u201d M\u0141ODZIE\u017bOWE INSPIRACJE, kt\u00f3ra odb\u0119dzie si\u0119 14 czerwca 2018 roku w Centrum Spotkania Kultur w Lublinie.<\/strong><\/p>\n<p><!--more--><br \/>\n&nbsp;<br \/>\nPracujesz z m\u0142odzie\u017c\u0105? Mieszkasz na wsi lub w ma\u0142ym mie\u015bcie? Masz pomys\u0142 jak sprawi\u0107, by m\u0142odzie\u017c z twojej miejscowo\u015bci mia\u0142a lepszy start w doros\u0142e \u017cycie? Brakuje ci umiej\u0119tno\u015bci, by go zrealizowa\u0107? A mo\u017ce szukasz \u015brodk\u00f3w na projekty realizowane przez m\u0142odzie\u017c? Je\u017celi na co najmniej jedno z tym pyta\u0144 odpowiadasz \u201ctak\u201d, program \u201cR\u00f3wna\u0107 Szanse\u201d jest dla ciebie!<br \/>\n&nbsp;<br \/>\nJesieni\u0105 rozpocznie si\u0119 Regionalny Konkurs Grantowy R\u00f3wna\u0107 Szanse 2018. B\u0119dzie mo\u017cna zawalczy\u0107 o dotacj\u0119 do 8 500 z\u0142 na dzia\u0142ania z m\u0142odzie\u017c\u0105. Ju\u017c dzi\u015b trzeba si\u0119 do tego przygotowa\u0107.<br \/>\n&nbsp;<br \/>\nZapraszamy po inspiracj\u0119 i dobre praktyki na Konferencj\u0119 \u201cR\u00f3wna\u0107 Szanse\u201d!<br \/>\n&nbsp;<br \/>\nNa konferencj\u0119 M\u0141ODZIE\u017bOWE INSPIRACJE zapraszamy wszystkich tych, kt\u00f3rzy mieszkaj\u0105 w ma\u0142ych miejscowo\u015bciach i chc\u0105 dzia\u0142a\u0107 z m\u0142odymi lud\u017ami. Konferencja jest organizowana z my\u015bl\u0105 o bibliotekach, o\u015brodkach kultury i organizacjach pozarz\u0105dowych, a tak\u017ce grupach nieformalnych, kt\u00f3re maj\u0105 pomys\u0142y na projekty m\u0142odzie\u017cowe, ale brakuje im \u015brodk\u00f3w lub umiej\u0119tno\u015bci, by je realizowa\u0107, oraz o tych, kt\u00f3rzy chcieliby dzia\u0142a\u0107, ale szukaj\u0105 inspiracji.<br \/>\n&nbsp;<br \/>\nNa konferencji zapoznasz si\u0119 z za\u0142o\u017ceniami Programu i dowiesz si\u0119 wi\u0119cej o konkursie. Poznasz najlepsze projekty oraz organizacji i instytucje wyr\u00f3\u017cniaj\u0105ce si\u0119 w realizacji Programu. Spotkasz lider\u00f3w spo\u0142ecznych dzia\u0142aj\u0105cych z m\u0142odzie\u017c\u0105 i dla m\u0142odzie\u017cy. We\u017amiesz udzia\u0142 w dyskusji na temat mo\u017cliwo\u015bci rozwijania inicjatyw m\u0142odzie\u017cowych w lokalnym \u015brodowisku. Dowiesz si\u0119 wi\u0119cej o tym z jakimi barierami spotykaj\u0105 si\u0119 m\u0142odzi ludzie i jak mo\u017cna je zwalcza\u0107. Poznasz sposoby motywowania m\u0142odzie\u017cy i realizacji wsp\u00f3lnych inicjatyw. Zainspirujesz si\u0119 do podj\u0119cia dzia\u0142a\u0144 dla m\u0142odzie\u017cy w twoim \u015brodowisku.<br \/>\n&nbsp;<br \/>\n<strong>Patronat honorowy nad konferencj\u0105 obj\u0105\u0142 Marsza\u0142ek Wojew\u00f3dztwa Lubelskiego.<\/strong><br \/>\n&nbsp;<br \/>\n<strong>Zapraszamy do rejestracji. O uczestnictwie decyduje kolejno\u015b\u0107 zg\u0142osze\u0144. Udzia\u0142 w konferencji jest bezp\u0142atny.<\/strong><br \/>\n&nbsp;<br \/>\nWi\u0119cej informacji na <strong><a href=\"http:\/\/fundacjasmk.pl\/konferencja-mlodziezowe-inspiracje\/\">fundacjasmk.pl<\/a><\/strong><br \/>\n&nbsp;<br \/>\n<img loading=\"lazy\" decoding=\"async\" class=\"aligncenter \" src=\"http:\/\/fundacjasmk.pl\/wp-content\/uploads\/2018\/05\/Plakat-M%C5%82odziezowe-Inspiracje-Lublin.jpg\" width=\"630\" height=\"891\" \/><br \/>\n&nbsp;<br \/>\n<img loading=\"lazy\" decoding=\"async\" class=\"aligncenter \" src=\"http:\/\/fundacjasmk.pl\/wp-content\/uploads\/2018\/05\/Konferencja-RS-Lublin-ulotka-rewers.jpg\" width=\"630\" height=\"893\" \/><\/p>\n","protected":false},"excerpt":{"rendered":"<p>W imieniu Fundacji Fundusz Lokalny SMK oraz partner\u00f3w: Polskiej Fundacji Dzieci i M\u0142odzie\u017cy, Gminy Jab\u0142onna, Fundacji Nowy Staw, Regionalnego Centrum Wolontariatu w Lublinie oraz Centrum Spotkania Kultur serdecznie zapraszamy na Lubelsk\u0105 Regionaln\u0105 Konferencj\u0119 Programu \u201cR\u00f3wna\u0107 Szanse\u201d M\u0141ODZIE\u017bOWE INSPIRACJE, kt\u00f3ra odb\u0119dzie si\u0119 14 czerwca 2018 roku w Centrum Spotkania Kultur w Lublinie.<\/p>\n","protected":false},"author":7,"featured_media":8784,"comment_status":"closed","ping_status":"closed","sticky":false,"template":"","format":"standard","meta":{"footnotes":""},"categories":[1],"tags":[],"class_list":["post-8783","post","type-post","status-publish","format-standard","has-post-thumbnail","hentry","category-wpisy","clearfix"],"_links":{"self":[{"href":"https:\/\/www.labunie.com.pl\/index.php?rest_route=\/wp\/v2\/posts\/8783","targetHints":{"allow":["GET"]}}],"collection":[{"href":"https:\/\/www.labunie.com.pl\/index.php?rest_route=\/wp\/v2\/posts"}],"about":[{"href":"https:\/\/www.labunie.com.pl\/index.php?rest_route=\/wp\/v2\/types\/post"}],"author":[{"embeddable":true,"href":"https:\/\/www.labunie.com.pl\/index.php?rest_route=\/wp\/v2\/users\/7"}],"replies":[{"embeddable":true,"href":"https:\/\/www.labunie.com.pl\/index.php?rest_route=%2Fwp%2Fv2%2Fcomments&post=8783"}],"version-history":[{"count":1,"href":"https:\/\/www.labunie.com.pl\/index.php?rest_route=\/wp\/v2\/posts\/8783\/revisions"}],"predecessor-version":[{"id":8785,"href":"https:\/\/www.labunie.com.pl\/index.php?rest_route=\/wp\/v2\/posts\/8783\/revisions\/8785"}],"wp:featuredmedia":[{"embeddable":true,"href":"https:\/\/www.labunie.com.pl\/index.php?rest_route=\/wp\/v2\/media\/8784"}],"wp:attachment":[{"href":"https:\/\/www.labunie.com.pl\/index.php?rest_route=%2Fwp%2Fv2%2Fmedia&parent=8783"}],"wp:term":[{"taxonomy":"category","embeddable":true,"href":"https:\/\/www.labunie.com.pl\/index.php?rest_route=%2Fwp%2Fv2%2Fcategories&post=8783"},{"taxonomy":"post_tag","embeddable":true,"href":"https:\/\/www.labunie.com.pl\/index.php?rest_route=%2Fwp%2Fv2%2Ftags&post=8783"}],"curies":[{"name":"wp","href":"https:\/\/api.w.org\/{rel}","templated":true}]}}