{"id":8695,"date":"2018-06-05T10:12:20","date_gmt":"2018-06-05T08:12:20","guid":{"rendered":"https:\/\/www.labunie.com.pl\/?p=8695"},"modified":"2018-06-05T10:13:40","modified_gmt":"2018-06-05T08:13:40","slug":"energia-odnawialna-na-terenie-gminy-labunie-prace-trwaja","status":"publish","type":"post","link":"https:\/\/www.labunie.com.pl\/?p=8695","title":{"rendered":"\u201eEnergia odnawialna na terenie gminy \u0141abunie\u201d &#8211; prace trwaj\u0105!"},"content":{"rendered":"<p><strong>W\u00f3jt Gminy \u0141abunie informuje, \u017ce trwa realizacja projektu pn. \u201eEnergia odnawialna na terenie gminy \u0141abunie\u201d w ramach Regionalnego Programu Operacyjnego Wojew\u00f3dztwa Lubelskiego na lata 2014-2020.<\/strong><br \/>\n<!--more--><br \/>\n&nbsp;<br \/>\n&nbsp;<br \/>\n&nbsp;<br \/>\n&nbsp;<br \/>\nRealizacja projektu rozpocz\u0119\u0142a si\u0119 od dostawy i monta\u017cu przez firm\u0119 Hymon Energy Sp\u00f3\u0142ka z o.o. (z siedzib\u0105 ul. Dojazd 16A, 33-100 Tarn\u00f3w) <strong>41<\/strong> instalacji fotowoltaicznych.<br \/>\n&nbsp;<br \/>\nNatomiast dostaw\u0119 i monta\u017c <strong>141 <\/strong>instalacji kolektor\u00f3w s\u0142onecznych zlecono firmie SOLARTIME Sp\u00f3\u0142ka z o.o. (z siedzib\u0105 ul. Okunickiego 17, 35-222 Rzesz\u00f3w). <strong>Prace rusz\u0105 wkr\u00f3tce.<\/strong><br \/>\n&nbsp;<br \/>\n<img loading=\"lazy\" decoding=\"async\" class=\"alignright size-full wp-image-8659\" src=\"https:\/\/www.labunie.com.pl\/wp-content\/uploads\/2018\/05\/fe-rp-lub-ue.png\" alt=\"\" width=\"630\" height=\"121\" srcset=\"https:\/\/www.labunie.com.pl\/wp-content\/uploads\/2018\/05\/fe-rp-lub-ue.png 630w, https:\/\/www.labunie.com.pl\/wp-content\/uploads\/2018\/05\/fe-rp-lub-ue-300x58.png 300w\" sizes=\"auto, (max-width: 630px) 100vw, 630px\" \/><\/p>\n","protected":false},"excerpt":{"rendered":"<p>W\u00f3jt Gminy \u0141abunie informuje, \u017ce trwa realizacja projektu pn. \u201eEnergia odnawialna na terenie gminy \u0141abunie\u201d w ramach Regionalnego Programu Operacyjnego Wojew\u00f3dztwa Lubelskiego na lata 2014-2020.<\/p>\n","protected":false},"author":7,"featured_media":3235,"comment_status":"closed","ping_status":"closed","sticky":false,"template":"","format":"standard","meta":{"footnotes":""},"categories":[1],"tags":[],"class_list":["post-8695","post","type-post","status-publish","format-standard","has-post-thumbnail","hentry","category-wpisy","clearfix"],"_links":{"self":[{"href":"https:\/\/www.labunie.com.pl\/index.php?rest_route=\/wp\/v2\/posts\/8695","targetHints":{"allow":["GET"]}}],"collection":[{"href":"https:\/\/www.labunie.com.pl\/index.php?rest_route=\/wp\/v2\/posts"}],"about":[{"href":"https:\/\/www.labunie.com.pl\/index.php?rest_route=\/wp\/v2\/types\/post"}],"author":[{"embeddable":true,"href":"https:\/\/www.labunie.com.pl\/index.php?rest_route=\/wp\/v2\/users\/7"}],"replies":[{"embeddable":true,"href":"https:\/\/www.labunie.com.pl\/index.php?rest_route=%2Fwp%2Fv2%2Fcomments&post=8695"}],"version-history":[{"count":4,"href":"https:\/\/www.labunie.com.pl\/index.php?rest_route=\/wp\/v2\/posts\/8695\/revisions"}],"predecessor-version":[{"id":8699,"href":"https:\/\/www.labunie.com.pl\/index.php?rest_route=\/wp\/v2\/posts\/8695\/revisions\/8699"}],"wp:featuredmedia":[{"embeddable":true,"href":"https:\/\/www.labunie.com.pl\/index.php?rest_route=\/wp\/v2\/media\/3235"}],"wp:attachment":[{"href":"https:\/\/www.labunie.com.pl\/index.php?rest_route=%2Fwp%2Fv2%2Fmedia&parent=8695"}],"wp:term":[{"taxonomy":"category","embeddable":true,"href":"https:\/\/www.labunie.com.pl\/index.php?rest_route=%2Fwp%2Fv2%2Fcategories&post=8695"},{"taxonomy":"post_tag","embeddable":true,"href":"https:\/\/www.labunie.com.pl\/index.php?rest_route=%2Fwp%2Fv2%2Ftags&post=8695"}],"curies":[{"name":"wp","href":"https:\/\/api.w.org\/{rel}","templated":true}]}}