{"id":8676,"date":"2018-05-30T13:11:19","date_gmt":"2018-05-30T11:11:19","guid":{"rendered":"https:\/\/www.labunie.com.pl\/?p=8676"},"modified":"2018-05-30T13:11:19","modified_gmt":"2018-05-30T11:11:19","slug":"radosc-z-pomagania","status":"publish","type":"post","link":"https:\/\/www.labunie.com.pl\/?p=8676","title":{"rendered":"Rado\u015b\u0107 z pomagania"},"content":{"rendered":"<p><strong>Pokazy ta\u0144ca, wyst\u0119py zespo\u0142\u00f3w wokalnych, konkursy z nagrodami, zje\u017cd\u017canie po linie nad ziemi\u0105, przeja\u017cd\u017cki na koniu rasy arabskiej, zwiedzanie mini zoo i mn\u00f3stwo darmowych smako\u0142yk\u00f3w \u2013 takie atrakcje czeka\u0142y we wtorek, 29 maja na tych, kt\u00f3rzy wzi\u0119li udzia\u0142 w imprezie rekreacyjnej z okazji Dnia Dziecka na terenie zespo\u0142u pa\u0142acowo-parkowego w \u0141abu\u0144kach Pierwszych. Przedsi\u0119wzi\u0119cie \u201eRado\u015b\u0107 z pomagania\u201d by\u0142o podsumowaniem akcji: \u201ePola Nadziei\u201d i \u201eZbi\u00f3rka Nakr\u0119tek\u201d prowadzonych na rzecz Hospicjum &#8220;Santa Galla&#8221;.<\/strong><\/p>\n<p><!--more--><br \/>\nW wydarzeniu wzi\u0119\u0142y udzia\u0142 dzieci z Gminy \u0141abunie oraz delegacje szk\u00f3\u0142 z powiatu zamojskiego, tomaszowskiego, bi\u0142gorajskiego i hrubieszowskiego. Zgromadzonych uczestnik\u00f3w imprezy przywita\u0142 W\u00f3jt Gminy \u0141abunie, Antoni Wojciech Turczyn oraz dyrektor Hospicjum &#8220;Santa Galla&#8221; \u2013 ks. Micha\u0142 Przybysz, kt\u00f3rzy zaprosili wszystkich do zabawy i z\u0142o\u017cyli \u017cyczenia najwa\u017cniejszym go\u015bciom tego wydarzenia \u2013 dzieciom. W\u00f3jt Gminy \u0141abunie podzi\u0119kowa\u0142 wsp\u00f3\u0142organizatorom oraz wolontariuszom za przygotowanie imprezy, a najm\u0142odszym z okazji Dnia Dziecka \u017cyczy\u0142 du\u017co u\u015bmiechu i spe\u0142nienia marze\u0144. Swoj\u0105 obecno\u015bci\u0105 uczestnik\u00f3w imprezy zaszczyci\u0142 tak\u017ce ksi\u0105dz Bp dr hab. Mariusz Leszczy\u0144ski.<br \/>\nJu\u017c od godziny 10:00 najm\u0142odsi mogli korzysta\u0107 z kilkunastu atrakcji. Na ch\u0119tnych czeka\u0142y konkursy z nagrodami, plac zabaw z dmuchanymi zje\u017cd\u017calniami, trampolina, du\u017ce hu\u015btawki, zje\u017cd\u017calnie linowe, przeja\u017cd\u017cki na koniu rasy arabskiej i malowanie twarzy. Ch\u0119tni mogli tak\u017ce zwiedza\u0107 mini zoo. Delegacje szkolne ze wszystkich powiat\u00f3w Zamojszczyzny serwowa\u0142y natomiast do godz. 13:00 pokazy taneczne, akrobatyczne i aktorskie. Po po\u0142udniu rozpocz\u0105\u0142 si\u0119 Gminny Dzie\u0144 Dziecka z konkursami i atrakcjami dla najm\u0142odszych mieszka\u0144c\u00f3w gminy \u0141abunie.<br \/>\n&nbsp;<br \/>\nNa uczestnik\u00f3w wydarzenia czeka\u0142y darmowe smako\u0142yki bez ogranicze\u0144. By\u0142 grill, domowe ciasta, lody i napoje.<br \/>\n&nbsp;<br \/>\nImpreza \u201eRado\u015b\u0107 z pomagania 2018\u201d by\u0142a finansowana przez Stowarzyszenie Przyjaci\u00f3\u0142 Hospicjum \u201eSanta Galla\u201d ze \u015brodk\u00f3w pozyskanych z otwartego konkursu ofert na realizacj\u0119 zada\u0144 po\u017cytku publicznego przeprowadzonego przez Gmin\u0119 \u0141abunie oraz z bud\u017cetu Gminy \u0141abunie, kt\u00f3ra zafundowa\u0142a najm\u0142odszym plac zabaw z dmuchanymi zje\u017cd\u017calniami i innymi urz\u0105dzeniami do zabaw na \u015bwie\u017cym powietrzu.<br \/>\n&nbsp;<br \/>\nOrganizatorami imprezy byli: Stowarzyszenie Przyjaci\u00f3\u0142 Hospicjum Santa Galla w \u0141abu\u0144kach Pierwszych i Gmina \u0141abunie. Pocz\u0119stunek przygotowa\u0142y Panie z Ko\u0142a Gospody\u0144 Wiejskich w \u0141abu\u0144kach Pierwszych. Nad bezpiecze\u0144stwem uczestnik\u00f3w czuwali stra\u017cacy z OSP w \u0141abuniach i \u0141abu\u0144kach Pierwszych.<br \/>\n&nbsp;<br \/>\n[lg_folder folder=&#8221;20180529\/&#8221; count=&#8221;60&#8243; paging=&#8221;false&#8221;]<\/p>\n","protected":false},"excerpt":{"rendered":"<p>Pokazy ta\u0144ca, wyst\u0119py zespo\u0142\u00f3w wokalnych, konkursy z nagrodami, zje\u017cd\u017canie po linie nad ziemi\u0105, przeja\u017cd\u017cki na koniu rasy arabskiej, zwiedzanie mini zoo i mn\u00f3stwo darmowych smako\u0142yk\u00f3w \u2013 takie atrakcje czeka\u0142y we wtorek, 29 maja na tych, kt\u00f3rzy wzi\u0119li udzia\u0142 w imprezie rekreacyjnej z okazji Dnia Dziecka na terenie zespo\u0142u pa\u0142acowo-parkowego w \u0141abu\u0144kach Pierwszych. Przedsi\u0119wzi\u0119cie \u201eRado\u015b\u0107 z [&hellip;]<\/p>\n","protected":false},"author":7,"featured_media":8677,"comment_status":"closed","ping_status":"closed","sticky":false,"template":"","format":"standard","meta":{"footnotes":""},"categories":[1],"tags":[],"class_list":["post-8676","post","type-post","status-publish","format-standard","has-post-thumbnail","hentry","category-wpisy","clearfix"],"_links":{"self":[{"href":"https:\/\/www.labunie.com.pl\/index.php?rest_route=\/wp\/v2\/posts\/8676","targetHints":{"allow":["GET"]}}],"collection":[{"href":"https:\/\/www.labunie.com.pl\/index.php?rest_route=\/wp\/v2\/posts"}],"about":[{"href":"https:\/\/www.labunie.com.pl\/index.php?rest_route=\/wp\/v2\/types\/post"}],"author":[{"embeddable":true,"href":"https:\/\/www.labunie.com.pl\/index.php?rest_route=\/wp\/v2\/users\/7"}],"replies":[{"embeddable":true,"href":"https:\/\/www.labunie.com.pl\/index.php?rest_route=%2Fwp%2Fv2%2Fcomments&post=8676"}],"version-history":[{"count":2,"href":"https:\/\/www.labunie.com.pl\/index.php?rest_route=\/wp\/v2\/posts\/8676\/revisions"}],"predecessor-version":[{"id":8679,"href":"https:\/\/www.labunie.com.pl\/index.php?rest_route=\/wp\/v2\/posts\/8676\/revisions\/8679"}],"wp:featuredmedia":[{"embeddable":true,"href":"https:\/\/www.labunie.com.pl\/index.php?rest_route=\/wp\/v2\/media\/8677"}],"wp:attachment":[{"href":"https:\/\/www.labunie.com.pl\/index.php?rest_route=%2Fwp%2Fv2%2Fmedia&parent=8676"}],"wp:term":[{"taxonomy":"category","embeddable":true,"href":"https:\/\/www.labunie.com.pl\/index.php?rest_route=%2Fwp%2Fv2%2Fcategories&post=8676"},{"taxonomy":"post_tag","embeddable":true,"href":"https:\/\/www.labunie.com.pl\/index.php?rest_route=%2Fwp%2Fv2%2Ftags&post=8676"}],"curies":[{"name":"wp","href":"https:\/\/api.w.org\/{rel}","templated":true}]}}