{"id":8591,"date":"2018-05-17T10:09:43","date_gmt":"2018-05-17T08:09:43","guid":{"rendered":"https:\/\/www.labunie.com.pl\/?p=8591"},"modified":"2018-05-17T10:09:43","modified_gmt":"2018-05-17T08:09:43","slug":"informacja-dla-przedsiebiorcow-2","status":"publish","type":"post","link":"https:\/\/www.labunie.com.pl\/?p=8591","title":{"rendered":"Informacja dla przedsi\u0119biorc\u00f3w"},"content":{"rendered":"<p style=\"text-align: center;\"><strong>Uwaga! <\/strong><\/p>\n<p>&nbsp;<br \/>\n<strong>Je\u015bli Twoja firma by\u0142a za\u0142o\u017cona <span style=\"text-decoration: underline;\">przed 1 stycznia 2012 roku<\/span> i zosta\u0142a przeniesiona do CEIDG z gminnej ewidencji &#8211; upewnij si\u0119, \u017ce na wpisie znajduje si\u0119 numer PESEL. Je\u015bli go na nim nie ma i nie uzupe\u0142nisz go <span style=\"text-decoration: underline;\">do 19 maja 2018 roku<\/span> &#8211; wpis b\u0119dzie podlega\u0142 wykre\u015bleniu z urz\u0119du.<\/strong><\/p>\n<p style=\"text-align: center;\"><!--more--><br \/>\n&nbsp;<br \/>\n<strong>Jak sprawdzi\u0107, czy PESEL jest na wpisie?<\/strong>\n<\/p>\n<p>&nbsp;<\/p>\n<ol>\n<li>Znajd\u017a sw\u00f3j wpis w bazie przedsi\u0119biorc\u00f3w i zobacz w historii wpisu, czy sk\u0142ada\u0142e\u015b jakie\u015b wnioski po 1 stycznia 2012 roku. Je\u015bli tak &#8211; ju\u017c uzupe\u0142ni\u0142e\u015b PESEL i nie musisz nic robi\u0107.<\/li>\n<li>Je\u017celi nie sk\u0142ada\u0142e\u015b wniosk\u00f3w po 1 stycznia 2012 roku, znajd\u017a sw\u00f3j wpis w bazie przedsi\u0119biorc\u00f3w i zobacz, czy pod statusem dzia\u0142alno\u015bci jest informacja &#8220;wpis nie przeszed\u0142 weryfikacji, przyczyna: braku numeru PESEL&#8221;. Je\u015bli jest &#8211; udaj si\u0119 do dowolnego urz\u0119du gminy, \u017ceby uzupe\u0142ni\u0107 dane.<\/li>\n<li>Nie mo\u017cesz znale\u017a\u0107 wpisu lub nie sk\u0142ada\u0142e\u015b \u017cadnych wniosk\u00f3w przez CEIDG? Udaj si\u0119 do dowolnego urz\u0119du gminy, gdzie urz\u0119dnik odnajdzie Tw\u00f3j wpis i sprawdzi, czy jest na nim PESEL. Je\u015bli go nie ma &#8211; od razu przyjmie od Ciebie wniosek o zmian\u0119, na kt\u00f3rym uzupe\u0142nisz brakuj\u0105ce dane.<\/li>\n<\/ol>\n<p>&nbsp;<br \/>\n&nbsp;<\/p>\n<p style=\"text-align: center;\"><strong>Co je\u015bli nie zd\u0105\u017cysz uzupe\u0142ni\u0107 numeru PESEL do 19 maja 2018 r.<br \/>\ni wpis zostanie wykre\u015blony z urz\u0119du? <\/strong><\/p>\n<p>&nbsp;<br \/>\nB\u0119dziesz m\u00f3g\u0142 wyst\u0105pi\u0107 do Ministra Przedsi\u0119biorczo\u015bci i Technologii o przywr\u00f3cenie wpisu i umieszczenie na nim brakuj\u0105cych danych. Pismo b\u0119dzie trzeba przes\u0142a\u0107 do Departamentu Ma\u0142ych i \u015arednich Przedsi\u0119biorstw w Ministerstwie Przedsi\u0119biorczo\u015bci i Technologii na adres <a href=\"mailto:sekretariatDMP@mpit.gov.pl\"><strong>sekretariatDMP@mpit.gov.pl<\/strong><\/a> lub poczt\u0105 tradycyjn\u0105 na adres: Plac Trzech Krzy\u017cy 3\/5, 00-507 Warszawa.&#8221;<\/p>\n","protected":false},"excerpt":{"rendered":"<p>Uwaga! &nbsp; Je\u015bli Twoja firma by\u0142a za\u0142o\u017cona przed 1 stycznia 2012 roku i zosta\u0142a przeniesiona do CEIDG z gminnej ewidencji &#8211; upewnij si\u0119, \u017ce na wpisie znajduje si\u0119 numer PESEL. Je\u015bli go na nim nie ma i nie uzupe\u0142nisz go do 19 maja 2018 roku &#8211; wpis b\u0119dzie podlega\u0142 wykre\u015bleniu z urz\u0119du.<\/p>\n","protected":false},"author":7,"featured_media":924,"comment_status":"closed","ping_status":"closed","sticky":false,"template":"","format":"standard","meta":{"footnotes":""},"categories":[1],"tags":[],"class_list":["post-8591","post","type-post","status-publish","format-standard","has-post-thumbnail","hentry","category-wpisy","clearfix"],"_links":{"self":[{"href":"https:\/\/www.labunie.com.pl\/index.php?rest_route=\/wp\/v2\/posts\/8591","targetHints":{"allow":["GET"]}}],"collection":[{"href":"https:\/\/www.labunie.com.pl\/index.php?rest_route=\/wp\/v2\/posts"}],"about":[{"href":"https:\/\/www.labunie.com.pl\/index.php?rest_route=\/wp\/v2\/types\/post"}],"author":[{"embeddable":true,"href":"https:\/\/www.labunie.com.pl\/index.php?rest_route=\/wp\/v2\/users\/7"}],"replies":[{"embeddable":true,"href":"https:\/\/www.labunie.com.pl\/index.php?rest_route=%2Fwp%2Fv2%2Fcomments&post=8591"}],"version-history":[{"count":5,"href":"https:\/\/www.labunie.com.pl\/index.php?rest_route=\/wp\/v2\/posts\/8591\/revisions"}],"predecessor-version":[{"id":8599,"href":"https:\/\/www.labunie.com.pl\/index.php?rest_route=\/wp\/v2\/posts\/8591\/revisions\/8599"}],"wp:featuredmedia":[{"embeddable":true,"href":"https:\/\/www.labunie.com.pl\/index.php?rest_route=\/wp\/v2\/media\/924"}],"wp:attachment":[{"href":"https:\/\/www.labunie.com.pl\/index.php?rest_route=%2Fwp%2Fv2%2Fmedia&parent=8591"}],"wp:term":[{"taxonomy":"category","embeddable":true,"href":"https:\/\/www.labunie.com.pl\/index.php?rest_route=%2Fwp%2Fv2%2Fcategories&post=8591"},{"taxonomy":"post_tag","embeddable":true,"href":"https:\/\/www.labunie.com.pl\/index.php?rest_route=%2Fwp%2Fv2%2Ftags&post=8591"}],"curies":[{"name":"wp","href":"https:\/\/api.w.org\/{rel}","templated":true}]}}