{"id":8575,"date":"2018-05-16T12:42:37","date_gmt":"2018-05-16T10:42:37","guid":{"rendered":"https:\/\/www.labunie.com.pl\/?p=8575"},"modified":"2018-05-16T12:42:37","modified_gmt":"2018-05-16T10:42:37","slug":"pokoloruj-swoj-swiat-konkurs-dla-uczniow-szkol-podstawowych","status":"publish","type":"post","link":"https:\/\/www.labunie.com.pl\/?p=8575","title":{"rendered":"\u201ePokoloruj sw\u00f3j \u015bwiat\u201d \u2013 konkurs dla uczni\u00f3w szk\u00f3\u0142 podstawowych"},"content":{"rendered":"<p><strong>Samorz\u0105d Wojew\u00f3dztwa Lubelskiego zaprasza uczni\u00f3w szk\u00f3\u0142 podstawowych z naszego regionu do udzia\u0142u w konkursie plastycznym \u201ePokoloruj sw\u00f3j \u015awiat\u201d. Zadaniem uczestnik\u00f3w jest wykonanie plakatu ukazuj\u0105cego zanieczyszczenia cywilizacyjne oraz promuj\u0105cego zr\u00f3wnowa\u017cony rozw\u00f3j. <\/strong><br \/>\n<!--more--><br \/>\n<strong>Autorzy najciekawszych prac zostan\u0105 nagrodzeni tabletami, smartfonami i aparatami fotograficznymi ufundowanymi ze \u015brodk\u00f3w Wojew\u00f3dzkiego Funduszu Ochrony \u015arodowiska i Gospodarki Wodnej w Lublinie.<\/strong><br \/>\n&nbsp;<br \/>\n<img loading=\"lazy\" decoding=\"async\" class=\"aligncenter \" src=\"http:\/\/www.lubelskie.pl\/file\/2018\/05\/painter-2866183_960_720.jpg\" width=\"629\" height=\"354\" \/><br \/>\n&nbsp;<br \/>\nOrganizatorzy czekaj\u0105 na projekty:<\/p>\n<ul>\n<li>wykonane dowoln\u0105 technik\u0105 artystyczn\u0105 (samodzielnie lub przy pomocy opiekuna),<\/li>\n<li>w formacie A3 (wymiar przestrzenny: p\u0142aski),<\/li>\n<li>kt\u00f3re r\u00f3wnocze\u015bnie przedstawiaj\u0105 przeciwstawne oblicza \u015brodowiska \u2013 ska\u017cone i wolne od zanieczyszcze\u0144.<\/li>\n<\/ul>\n<p>&nbsp;<br \/>\nDo pracy nale\u017cy do\u0142\u0105czy\u0107 kr\u00f3tki opis pracy plastycznej, wskazuj\u0105c rodzaj przedstawionych zanieczyszcze\u0144 oraz spos\u00f3b im zapobiegania (maks. 20 zda\u0144).<br \/>\n&nbsp;<br \/>\nKonkurs przeprowadzony b\u0119dzie z podzia\u0142em na grupy wiekowe:<\/p>\n<ul>\n<li>grupa 1 \u2013 klasy I-IV,<\/li>\n<li>grupa 2 \u2013 klasy V-VIII.<\/li>\n<\/ul>\n<p>&nbsp;<br \/>\n<strong><span style=\"text-decoration: underline;\">Uwaga:<\/span> Prace uczni\u00f3w mog\u0105 zg\u0142asza\u0107 jedynie szko\u0142y podstawowe, przy czym jeden ucze\u0144 mo\u017ce wys\u0142a\u0107 maksymalnie jedn\u0105 prac\u0119, a jedna szko\u0142a \u2013 maksymalnie po trzy prace z ka\u017cdej grupy wiekowej.<\/strong><br \/>\n&nbsp;<br \/>\nZg\u0142oszenia prosimy przesy\u0142a\u0107 do 30 wrze\u015bnia 2018 r. (decyduje data wp\u0142ywu) na adres:<br \/>\nUrz\u0105d Marsza\u0142kowski Wojew\u00f3dztwa Lubelskiego w Lublinie<br \/>\nul. Artura Grottgera 4, 20-029 Lublin<br \/>\nz adnotacj\u0105: Departament Rolnictwa i \u015arodowiska \u2013 konkurs \u201ePokoloruj sw\u00f3j \u015awiat\u201d.<br \/>\n&nbsp;<br \/>\nKomisja konkursowa wy\u0142oni i nagrodzi 10 prac w ka\u017cdej grupie. Najzdolniejsi autorzy otrzymaj\u0105: tablety (za I miejsce), telefony kom\u00f3rkowe (II miejsce) oraz aparaty fotograficzne (III miejsce). Do pozosta\u0142ych wyr\u00f3\u017cnionych (miejsca IV-X) trafi\u0105 gry planszowe.<br \/>\n&nbsp;<br \/>\nSzczeg\u00f3\u0142owe informacje o konkursie mo\u017cna uzyska\u0107 pod numerem (81) 478 13 28 u Beaty Gajak z Departamentu Rolnictwa i \u015arodowiska UMWL.<br \/>\n&nbsp;<br \/>\n<strong><span style=\"text-decoration: underline;\">DO POBRANIA<\/span><br \/>\n<\/strong><\/p>\n<ul>\n<li><a href=\"http:\/\/www.lubelskie.pl\/file\/2018\/05\/REGULAMIN-KONKURSU.doc\" target=\"_blank\" rel=\"noopener\"><strong>Regulamin<\/strong><\/a><\/li>\n<li><a href=\"http:\/\/www.lubelskie.pl\/file\/2018\/05\/za%C5%82.-nr-1-Karta-zg%C5%82oszeniowa.doc\" target=\"_blank\" rel=\"noopener\"><strong>Karta zg\u0142oszeniowa + o\u015bwiadczenie rodzica\/opiekuna<\/strong><\/a><\/li>\n<li><a href=\"http:\/\/www.lubelskie.pl\/file\/2018\/05\/za%C5%82.-nr-2-Opis-merytoryczny-pracy.doc\" target=\"_blank\" rel=\"noopener\"><strong>Opis merytoryczny pracy<\/strong><\/a><\/li>\n<li><a href=\"http:\/\/www.lubelskie.pl\/file\/2018\/05\/za%C5%82.-nr-3-o%C5%9Bwiadczenie.doc\" target=\"_blank\" rel=\"noopener\"><strong>O\u015bwiadczenie szko\u0142y<\/strong><\/a><\/li>\n<\/ul>\n","protected":false},"excerpt":{"rendered":"<p>Samorz\u0105d Wojew\u00f3dztwa Lubelskiego zaprasza uczni\u00f3w szk\u00f3\u0142 podstawowych z naszego regionu do udzia\u0142u w konkursie plastycznym \u201ePokoloruj sw\u00f3j \u015awiat\u201d. Zadaniem uczestnik\u00f3w jest wykonanie plakatu ukazuj\u0105cego zanieczyszczenia cywilizacyjne oraz promuj\u0105cego zr\u00f3wnowa\u017cony rozw\u00f3j.<\/p>\n","protected":false},"author":7,"featured_media":8578,"comment_status":"closed","ping_status":"closed","sticky":false,"template":"","format":"standard","meta":{"footnotes":""},"categories":[1],"tags":[],"class_list":["post-8575","post","type-post","status-publish","format-standard","has-post-thumbnail","hentry","category-wpisy","clearfix"],"_links":{"self":[{"href":"https:\/\/www.labunie.com.pl\/index.php?rest_route=\/wp\/v2\/posts\/8575","targetHints":{"allow":["GET"]}}],"collection":[{"href":"https:\/\/www.labunie.com.pl\/index.php?rest_route=\/wp\/v2\/posts"}],"about":[{"href":"https:\/\/www.labunie.com.pl\/index.php?rest_route=\/wp\/v2\/types\/post"}],"author":[{"embeddable":true,"href":"https:\/\/www.labunie.com.pl\/index.php?rest_route=\/wp\/v2\/users\/7"}],"replies":[{"embeddable":true,"href":"https:\/\/www.labunie.com.pl\/index.php?rest_route=%2Fwp%2Fv2%2Fcomments&post=8575"}],"version-history":[{"count":5,"href":"https:\/\/www.labunie.com.pl\/index.php?rest_route=\/wp\/v2\/posts\/8575\/revisions"}],"predecessor-version":[{"id":8582,"href":"https:\/\/www.labunie.com.pl\/index.php?rest_route=\/wp\/v2\/posts\/8575\/revisions\/8582"}],"wp:featuredmedia":[{"embeddable":true,"href":"https:\/\/www.labunie.com.pl\/index.php?rest_route=\/wp\/v2\/media\/8578"}],"wp:attachment":[{"href":"https:\/\/www.labunie.com.pl\/index.php?rest_route=%2Fwp%2Fv2%2Fmedia&parent=8575"}],"wp:term":[{"taxonomy":"category","embeddable":true,"href":"https:\/\/www.labunie.com.pl\/index.php?rest_route=%2Fwp%2Fv2%2Fcategories&post=8575"},{"taxonomy":"post_tag","embeddable":true,"href":"https:\/\/www.labunie.com.pl\/index.php?rest_route=%2Fwp%2Fv2%2Ftags&post=8575"}],"curies":[{"name":"wp","href":"https:\/\/api.w.org\/{rel}","templated":true}]}}