{"id":8498,"date":"2018-05-10T11:29:09","date_gmt":"2018-05-10T09:29:09","guid":{"rendered":"https:\/\/www.labunie.com.pl\/?p=8498"},"modified":"2018-05-10T11:33:31","modified_gmt":"2018-05-10T09:33:31","slug":"8498","status":"publish","type":"post","link":"https:\/\/www.labunie.com.pl\/?p=8498","title":{"rendered":"Zaproszenie na bezp\u0142atne szkolenia"},"content":{"rendered":"<p><strong>Forum Aktywizacji Obszar\u00f3w Wiejskich zaprasza na bezp\u0142atne szkolenia &#8220;Organizacje wiejskie w procesie stanowienia prawa&#8221;. Cykl szkoleniowy skierowany jest do przedstawicieli organizacji pozarz\u0105dowych dzia\u0142aj\u0105cych na terenie wsi i\/lub ma\u0142ych miejscowo\u015bci, jak r\u00f3wnie\u017c do przedstawicieli w\u0142adz gmin i powiat\u00f3w zaanga\u017cowanych spo\u0142ecznie.<\/strong><br \/>\n<!--more--><br \/>\n&nbsp;<br \/>\nZaj\u0119cia poprowadz\u0105 eksperci posiadaj\u0105cy do\u015bwiadczenie w popularyzacji wiedzy prawniczej oraz trenerzy z wieloletnim do\u015bwiadczeniem w praktycznej dzia\u0142alno\u015bci i animacji spo\u0142ecznej w terenie. I Modu\u0142 obejmuje 12 godzin zaj\u0119\u0107 w wielu lokalizacjach w Polsce. Zagadnienia przedstawione w I Module b\u0119d\u0105 kontynuowane i poszerzane w Module II, kt\u00f3ry obejmie tak\u017ce inne aspekty zwi\u0105zane ze stanowieniem prawa (zaplanowane na II p\u00f3\u0142rocze 2017 r.).<br \/>\n&nbsp;<br \/>\nW module pierwszym, zaplanowanym od kwietnia do lipca br. w\u0142\u0105cznie, uczestnicy uszczeg\u00f3\u0142owiaj\u0105 i porz\u0105dkuj\u0105 wiedz\u0119 o tym, czym jest proces stanowienia prawa, poznaj\u0105 najwa\u017cniejsze narz\u0119dzia uczestnictwa w tym procesie. Zaj\u0119cia b\u0119d\u0105 oparte na zasadzie interakcji, przek\u0142adaj\u0105c zagadnienia teoretyczne na realia \u017cycia codziennego, problemy z kt\u00f3rym ka\u017cdy z uczestnik\u00f3w mia\u0142 lub mo\u017ce mie\u0107 do czynienia w praktyce. Zaj\u0119cia poprzedza dyskusja mi\u0119dzy uczestnikami o ich do\u015bwiadczeniach praktycznych w tym zakresie.<br \/>\n&nbsp;<br \/>\nTematyka szkolenia:<\/p>\n<ul>\n<li>Proces stanowienia prawa \u2013 jak tworzy si\u0119 prawo, kto mo\u017ce stanowi\u0107 prawo, jakie s\u0105 g\u0142\u00f3wne \u017ar\u00f3d\u0142a prawa oraz kompetencje poszczeg\u00f3lnych szczebli administracji publicznej (rz\u0105dowej i samorz\u0105dowej).<\/li>\n<li>Finansowe skutki tworzenia prawa \u2013 na poziomie gminy i na poziomie organizacji.<\/li>\n<li>Proces dobrej legislacji, jakie s\u0105 ramy czasowe problemu legislacyjnego, na co obywatele maj\u0105 wp\u0142yw.<\/li>\n<li>Monitoring proces\u00f3w stanowienia prawa \u2013 funkcje i narz\u0119dzia.<\/li>\n<\/ul>\n<p>&nbsp;<br \/>\nTerminy i miejsca szkole\u0144: (dzie\u0144 1: 10.30-18.00, dzie\u0144 2: 9.00-16.00)<\/p>\n<ul>\n<li>17-18. 05. 2018 r., Lublin<\/li>\n<li>28-29. 06. 2018 r., Kazimierz Dolny nad Wis\u0142\u0105<\/li>\n<\/ul>\n<p>&nbsp;<br \/>\nWi\u0119cej informacji: <a href=\"http:\/\/prawonawsi.pl\/aktualnosci\/szkolenia-podstawowe\/\">http:\/\/prawonawsi.pl\/aktualnosci\/szkolenia-podstawowe\/<\/a><br \/>\n&nbsp;<br \/>\nRekrutacja: <a href=\"http:\/\/prawonawsi.pl\/rekrutacja\/\">http:\/\/prawonawsi.pl\/rekrutacja\/<\/a><br \/>\n&nbsp;<br \/>\nUdzia\u0142 w szkoleniu jest nieodp\u0142atny. Organizator zapewnia nocleg i wy\u017cywienie, dojazd we w\u0142asnym zakresie.<br \/>\n&nbsp;<br \/>\nKontakt: Julika Tatur z Forum Aktywizacji Obszar\u00f3w Wiejskich (lider projektu), adres e-mail: <a href=\"mailto:ika.tatur@faow.org.pl\">ika.tatur@faow.org.pl<\/a><br \/>\n&nbsp;<br \/>\nSekretariat FAOW<br \/>\nForum Aktywizacji Obszar\u00f3w Wiejskich<br \/>\nul. Smolna 34 lok.7<br \/>\n00-375 Warszawa,<br \/>\n&nbsp;<br \/>\n<a href=\"http:\/\/www.faow.org.pl\">www.faow.org.pl<\/a><br \/>\n&nbsp;<br \/>\ntel. 22 826 28 84<\/p>\n","protected":false},"excerpt":{"rendered":"<p>Forum Aktywizacji Obszar\u00f3w Wiejskich zaprasza na bezp\u0142atne szkolenia &#8220;Organizacje wiejskie w procesie stanowienia prawa&#8221;. Cykl szkoleniowy skierowany jest do przedstawicieli organizacji pozarz\u0105dowych dzia\u0142aj\u0105cych na terenie wsi i\/lub ma\u0142ych miejscowo\u015bci, jak r\u00f3wnie\u017c do przedstawicieli w\u0142adz gmin i powiat\u00f3w zaanga\u017cowanych spo\u0142ecznie.<\/p>\n","protected":false},"author":7,"featured_media":8499,"comment_status":"closed","ping_status":"closed","sticky":false,"template":"","format":"standard","meta":{"footnotes":""},"categories":[1],"tags":[],"class_list":["post-8498","post","type-post","status-publish","format-standard","has-post-thumbnail","hentry","category-wpisy","clearfix"],"_links":{"self":[{"href":"https:\/\/www.labunie.com.pl\/index.php?rest_route=\/wp\/v2\/posts\/8498","targetHints":{"allow":["GET"]}}],"collection":[{"href":"https:\/\/www.labunie.com.pl\/index.php?rest_route=\/wp\/v2\/posts"}],"about":[{"href":"https:\/\/www.labunie.com.pl\/index.php?rest_route=\/wp\/v2\/types\/post"}],"author":[{"embeddable":true,"href":"https:\/\/www.labunie.com.pl\/index.php?rest_route=\/wp\/v2\/users\/7"}],"replies":[{"embeddable":true,"href":"https:\/\/www.labunie.com.pl\/index.php?rest_route=%2Fwp%2Fv2%2Fcomments&post=8498"}],"version-history":[{"count":5,"href":"https:\/\/www.labunie.com.pl\/index.php?rest_route=\/wp\/v2\/posts\/8498\/revisions"}],"predecessor-version":[{"id":8505,"href":"https:\/\/www.labunie.com.pl\/index.php?rest_route=\/wp\/v2\/posts\/8498\/revisions\/8505"}],"wp:featuredmedia":[{"embeddable":true,"href":"https:\/\/www.labunie.com.pl\/index.php?rest_route=\/wp\/v2\/media\/8499"}],"wp:attachment":[{"href":"https:\/\/www.labunie.com.pl\/index.php?rest_route=%2Fwp%2Fv2%2Fmedia&parent=8498"}],"wp:term":[{"taxonomy":"category","embeddable":true,"href":"https:\/\/www.labunie.com.pl\/index.php?rest_route=%2Fwp%2Fv2%2Fcategories&post=8498"},{"taxonomy":"post_tag","embeddable":true,"href":"https:\/\/www.labunie.com.pl\/index.php?rest_route=%2Fwp%2Fv2%2Ftags&post=8498"}],"curies":[{"name":"wp","href":"https:\/\/api.w.org\/{rel}","templated":true}]}}