{"id":8487,"date":"2018-05-10T09:22:08","date_gmt":"2018-05-10T07:22:08","guid":{"rendered":"https:\/\/www.labunie.com.pl\/?p=8487"},"modified":"2018-05-10T09:22:08","modified_gmt":"2018-05-10T07:22:08","slug":"w-ramach-prow-2014-2020-2","status":"publish","type":"post","link":"https:\/\/www.labunie.com.pl\/?p=8487","title":{"rendered":"W ramach PROW 2014-2020"},"content":{"rendered":"<p><strong>9 maja W\u00f3jt Antoni Wojciech Turczyn i Skarbnik Agnieszka Niemczuk w siedzibie Departamentu PROW w Lublinie w obecno\u015bci Zast\u0119pcy Dyrektora Departamentu PROW Mateusza Winiarskiego podpisali umow\u0119 na realizacj\u0119 projektu pt. \u201eUtworzenie Izby Pami\u0119ci w \u0141abuniach i doposa\u017cenie istniej\u0105cej Izby Muzealnej w Barchaczowie\u201d. Zako\u0144czenie projektu planowane jest na 30 czerwca 2019 r. Kwota uzyskanej pomocy wynosi 39 883,00 z\u0142.<\/strong><br \/>\n<!--more--><br \/>\n&nbsp;<br \/>\n<div id='pe-gallery-1' class='pe-gallery pe-gallery-8487 columns-3 img-size-medium'><div class='pe-row'><div class='col-md-4'><figure tabindex='0' class='pe-gallery-item ' ><div class='pe-gallery-image landscape'>\n\t\t\t\t\t\t\t<a href=\"https:\/\/www.labunie.com.pl\/wp-content\/uploads\/2018\/05\/0002-1.jpg\" data-rel=\"lightbox-gallery-xg9FHLjG\" data-rl_title=\"\" data-rl_caption=\"\" title=\"\"><img loading=\"lazy\" decoding=\"async\" width=\"300\" height=\"225\" src=\"https:\/\/www.labunie.com.pl\/wp-content\/uploads\/2018\/05\/0002-1-300x225.jpg\" class=\"attachment-medium size-medium\" alt=\"0002 1\" data-no-retina=\"\" aria-describedby=\"gallery-1-8489\" srcset=\"https:\/\/www.labunie.com.pl\/wp-content\/uploads\/2018\/05\/0002-1-300x225.jpg 300w, https:\/\/www.labunie.com.pl\/wp-content\/uploads\/2018\/05\/0002-1-768x576.jpg 768w, https:\/\/www.labunie.com.pl\/wp-content\/uploads\/2018\/05\/0002-1.jpg 1000w\" sizes=\"auto, (max-width: 300px) 100vw, 300px\" \/><\/a>\n\t\t\t\t\t\t<\/div><figcaption class='wp-caption-text pe-gallery-caption'>\n\t\t\t\t\t\t\t\t0002 1\n\t\t\t\t\t\t\t<\/figcaption><\/figure><\/div><div class='col-md-4'><figure tabindex='0' class='pe-gallery-item ' ><div class='pe-gallery-image landscape'>\n\t\t\t\t\t\t\t<a href=\"https:\/\/www.labunie.com.pl\/wp-content\/uploads\/2018\/05\/0001-1.jpg\" data-rel=\"lightbox-gallery-xg9FHLjG\" data-rl_title=\"\" data-rl_caption=\"\" title=\"\"><img loading=\"lazy\" decoding=\"async\" width=\"300\" height=\"225\" src=\"https:\/\/www.labunie.com.pl\/wp-content\/uploads\/2018\/05\/0001-1-300x225.jpg\" class=\"attachment-medium size-medium\" alt=\"0001 1\" data-no-retina=\"\" aria-describedby=\"gallery-1-8488\" srcset=\"https:\/\/www.labunie.com.pl\/wp-content\/uploads\/2018\/05\/0001-1-300x225.jpg 300w, https:\/\/www.labunie.com.pl\/wp-content\/uploads\/2018\/05\/0001-1-768x576.jpg 768w, https:\/\/www.labunie.com.pl\/wp-content\/uploads\/2018\/05\/0001-1.jpg 1000w\" sizes=\"auto, (max-width: 300px) 100vw, 300px\" \/><\/a>\n\t\t\t\t\t\t<\/div><figcaption class='wp-caption-text pe-gallery-caption'>\n\t\t\t\t\t\t\t\t0001 1\n\t\t\t\t\t\t\t<\/figcaption><\/figure><\/div><\/div><\/div>\n<br \/>\n&nbsp;<\/p>\n<table>\n<tbody>\n<tr>\n<td><a href=\"https:\/\/www.facebook.com\/prowadzilubelskie\/\"><img loading=\"lazy\" decoding=\"async\" class=\"alignright size-full wp-image-4963\" src=\"https:\/\/www.labunie.com.pl\/wp-content\/uploads\/2017\/01\/fb_i.png\" alt=\"\" width=\"50\" height=\"50\" \/><\/a><\/td>\n<td><a href=\"https:\/\/www.facebook.com\/prowadzilubelskie\">www.facebook.com\/prowadzilubelskie<\/a><\/td>\n<\/tr>\n<\/tbody>\n<\/table>\n<p>&nbsp;<br \/>\n<img decoding=\"async\" class=\"aligncenter\" src=\"https:\/\/www.labunie.com.pl\/wp-content\/uploads\/2017\/10\/ue-lgd-leader-prow.png\" \/><\/p>\n","protected":false},"excerpt":{"rendered":"<p>9 maja W\u00f3jt Antoni Wojciech Turczyn i Skarbnik Agnieszka Niemczuk w siedzibie Departamentu PROW w Lublinie w obecno\u015bci Zast\u0119pcy Dyrektora Departamentu PROW Mateusza Winiarskiego podpisali umow\u0119 na realizacj\u0119 projektu pt. \u201eUtworzenie Izby Pami\u0119ci w \u0141abuniach i doposa\u017cenie istniej\u0105cej Izby Muzealnej w Barchaczowie\u201d. Zako\u0144czenie projektu planowane jest na 30 czerwca 2019 r. Kwota uzyskanej pomocy wynosi [&hellip;]<\/p>\n","protected":false},"author":7,"featured_media":8497,"comment_status":"closed","ping_status":"closed","sticky":false,"template":"","format":"standard","meta":{"footnotes":""},"categories":[1],"tags":[],"class_list":["post-8487","post","type-post","status-publish","format-standard","has-post-thumbnail","hentry","category-wpisy","clearfix"],"_links":{"self":[{"href":"https:\/\/www.labunie.com.pl\/index.php?rest_route=\/wp\/v2\/posts\/8487","targetHints":{"allow":["GET"]}}],"collection":[{"href":"https:\/\/www.labunie.com.pl\/index.php?rest_route=\/wp\/v2\/posts"}],"about":[{"href":"https:\/\/www.labunie.com.pl\/index.php?rest_route=\/wp\/v2\/types\/post"}],"author":[{"embeddable":true,"href":"https:\/\/www.labunie.com.pl\/index.php?rest_route=\/wp\/v2\/users\/7"}],"replies":[{"embeddable":true,"href":"https:\/\/www.labunie.com.pl\/index.php?rest_route=%2Fwp%2Fv2%2Fcomments&post=8487"}],"version-history":[{"count":5,"href":"https:\/\/www.labunie.com.pl\/index.php?rest_route=\/wp\/v2\/posts\/8487\/revisions"}],"predecessor-version":[{"id":8496,"href":"https:\/\/www.labunie.com.pl\/index.php?rest_route=\/wp\/v2\/posts\/8487\/revisions\/8496"}],"wp:featuredmedia":[{"embeddable":true,"href":"https:\/\/www.labunie.com.pl\/index.php?rest_route=\/wp\/v2\/media\/8497"}],"wp:attachment":[{"href":"https:\/\/www.labunie.com.pl\/index.php?rest_route=%2Fwp%2Fv2%2Fmedia&parent=8487"}],"wp:term":[{"taxonomy":"category","embeddable":true,"href":"https:\/\/www.labunie.com.pl\/index.php?rest_route=%2Fwp%2Fv2%2Fcategories&post=8487"},{"taxonomy":"post_tag","embeddable":true,"href":"https:\/\/www.labunie.com.pl\/index.php?rest_route=%2Fwp%2Fv2%2Ftags&post=8487"}],"curies":[{"name":"wp","href":"https:\/\/api.w.org\/{rel}","templated":true}]}}