{"id":8440,"date":"2018-05-07T11:00:34","date_gmt":"2018-05-07T09:00:34","guid":{"rendered":"https:\/\/www.labunie.com.pl\/?p=8440"},"modified":"2018-05-07T11:00:34","modified_gmt":"2018-05-07T09:00:34","slug":"ogolnopolski-dzien-strazaka-osp","status":"publish","type":"post","link":"https:\/\/www.labunie.com.pl\/?p=8440","title":{"rendered":"Og\u00f3lnopolski Dzie\u0144 Stra\u017caka OSP"},"content":{"rendered":"<p><strong>4 maja w na Zamku Kr\u00f3lewskim w Warszawie odby\u0142 si\u0119 Og\u00f3lnopolski Dzie\u0144 Stra\u017caka OSP zorganizowany przez Zarz\u0105d G\u0142\u00f3wny Zwi\u0105zku Ochotniczych Stra\u017cy Po\u017carnych RP. Obchody \u015bwi\u0119ta by\u0142y okazj\u0105 odznaczenia 53 jednostek z ca\u0142ej Polski najwy\u017cszym odznaczeniem Zwi\u0105zku &#8211; Z\u0142otym Znakiem. W\u015br\u00f3d odznaczonych znalaz\u0142a si\u0119 obchodz\u0105ca w tym roku jubileusz 100-lecia OSP \u0141abu\u0144ki.<\/strong><\/p>\n<p><!--more--><br \/>\n&nbsp;<br \/>\nOdznaczenie wr\u0119czy\u0142 Prezes Zarz\u0105du G\u0142\u00f3wnego ZOSP RP dh Waldemar Pawlak.<br \/>\n&nbsp;<br \/>\nOchotnicz\u0105 Stra\u017c Po\u017carn\u0105 \u0141abu\u0144ki reprezentowali: dh Mariusz Branecki, dh Jaros\u0142aw Ludowski, dh Marcin Zygmunt oraz Prezes Honorowy Oddzia\u0142u Gminnego ZOSP RP w \u0141abuniach &#8211; Antoni Wojciech Turczyn.<br \/>\n&nbsp;<br \/>\n<img loading=\"lazy\" decoding=\"async\" class=\"wp-image-8442 aligncenter\" src=\"https:\/\/www.labunie.com.pl\/wp-content\/uploads\/2018\/05\/zzz_osp_labunki.png\" alt=\"\" width=\"629\" height=\"895\" \/>\u00a0<br \/>\n&nbsp;<br \/>\n[lg_folder folder=&#8221;20180504\/&#8221; count=&#8221;15&#8243; paging=&#8221;false&#8221;]<\/p>\n<p>&nbsp;<\/p>\n","protected":false},"excerpt":{"rendered":"<p>4 maja w na Zamku Kr\u00f3lewskim w Warszawie odby\u0142 si\u0119 Og\u00f3lnopolski Dzie\u0144 Stra\u017caka OSP zorganizowany przez Zarz\u0105d G\u0142\u00f3wny Zwi\u0105zku Ochotniczych Stra\u017cy Po\u017carnych RP. Obchody \u015bwi\u0119ta by\u0142y okazj\u0105 odznaczenia 53 jednostek z ca\u0142ej Polski najwy\u017cszym odznaczeniem Zwi\u0105zku &#8211; Z\u0142otym Znakiem. W\u015br\u00f3d odznaczonych znalaz\u0142a si\u0119 obchodz\u0105ca w tym roku jubileusz 100-lecia OSP \u0141abu\u0144ki.<\/p>\n","protected":false},"author":7,"featured_media":8441,"comment_status":"closed","ping_status":"closed","sticky":false,"template":"","format":"standard","meta":{"footnotes":""},"categories":[1],"tags":[],"class_list":["post-8440","post","type-post","status-publish","format-standard","has-post-thumbnail","hentry","category-wpisy","clearfix"],"_links":{"self":[{"href":"https:\/\/www.labunie.com.pl\/index.php?rest_route=\/wp\/v2\/posts\/8440","targetHints":{"allow":["GET"]}}],"collection":[{"href":"https:\/\/www.labunie.com.pl\/index.php?rest_route=\/wp\/v2\/posts"}],"about":[{"href":"https:\/\/www.labunie.com.pl\/index.php?rest_route=\/wp\/v2\/types\/post"}],"author":[{"embeddable":true,"href":"https:\/\/www.labunie.com.pl\/index.php?rest_route=\/wp\/v2\/users\/7"}],"replies":[{"embeddable":true,"href":"https:\/\/www.labunie.com.pl\/index.php?rest_route=%2Fwp%2Fv2%2Fcomments&post=8440"}],"version-history":[{"count":5,"href":"https:\/\/www.labunie.com.pl\/index.php?rest_route=\/wp\/v2\/posts\/8440\/revisions"}],"predecessor-version":[{"id":8448,"href":"https:\/\/www.labunie.com.pl\/index.php?rest_route=\/wp\/v2\/posts\/8440\/revisions\/8448"}],"wp:featuredmedia":[{"embeddable":true,"href":"https:\/\/www.labunie.com.pl\/index.php?rest_route=\/wp\/v2\/media\/8441"}],"wp:attachment":[{"href":"https:\/\/www.labunie.com.pl\/index.php?rest_route=%2Fwp%2Fv2%2Fmedia&parent=8440"}],"wp:term":[{"taxonomy":"category","embeddable":true,"href":"https:\/\/www.labunie.com.pl\/index.php?rest_route=%2Fwp%2Fv2%2Fcategories&post=8440"},{"taxonomy":"post_tag","embeddable":true,"href":"https:\/\/www.labunie.com.pl\/index.php?rest_route=%2Fwp%2Fv2%2Ftags&post=8440"}],"curies":[{"name":"wp","href":"https:\/\/api.w.org\/{rel}","templated":true}]}}