{"id":8434,"date":"2018-05-04T21:03:21","date_gmt":"2018-05-04T19:03:21","guid":{"rendered":"https:\/\/www.labunie.com.pl\/?p=8434"},"modified":"2018-05-07T07:11:32","modified_gmt":"2018-05-07T05:11:32","slug":"majowe-swieta","status":"publish","type":"post","link":"https:\/\/www.labunie.com.pl\/?p=8434","title":{"rendered":"Majowe \u015bwi\u0119ta"},"content":{"rendered":"<p><strong>3 maja 2018 r. w ko\u015bciele parafialnym w \u0141abuniach odprawiono uroczyst\u0105 Msz\u0119 \u015bwi\u0119t\u0105 w intencji Ojczyzny &#8211; w zwi\u0105zku z przypadaj\u0105c\u0105 w tym dniu 227. rocznic\u0105 uchwalenia Konstytucji 3 Maja oraz w intencji Stra\u017cak\u00f3w i ich rodzin z okazji obchodzonego 4. maja Dnia Stra\u017caka.<\/strong><\/p>\n<p><!--more--><br \/>\n&nbsp;<br \/>\n&nbsp;<br \/>\n&nbsp;<br \/>\nW uroczysto\u015bci udzia\u0142 wzi\u0119\u0142y w\u0142adze Gminy \u0141abunie, dyrektorzy szk\u00f3\u0142, poczty sztandarowe: gminny, Ochotniczych Stra\u017cy Po\u017carnych, szk\u00f3\u0142 podstawowych, \u015brodowisk kombatanckich, organizacji spo\u0142ecznych a tak\u017ce stra\u017cacy-ochotnicy i Mieszka\u0144cy.<br \/>\n&nbsp;<br \/>\n\u0141abu\u0144skie obchody \u015awi\u0119ta Narodowego Trzeciego Maja rozpocz\u0119\u0142y si\u0119 prezentacj\u0105 rysu historycznego wydarze\u0144 z 1791 r. Akademi\u0119 przygotowali uczniowie ze Szko\u0142y Podstawowej w \u0141abuniach pracuj\u0105cy pod kierunkiem nauczycieli Doroty So\u0142oduchy i Doroty Chmury.<br \/>\n&nbsp;<br \/>\nOkoliczno\u015bciowe przem\u00f3wienie wyg\u0142osi\u0142 W\u00f3jt Gminy \u0141abunie Antoni Wojciech Turczyn przypominaj\u0105c zebranym znaczenie i histori\u0119 ustanowienia obchodzonych \u015bwi\u0105t; druhom z\u0142o\u017cy\u0142 \u017cyczenia.<br \/>\n&nbsp;<br \/>\nUroczyst\u0105 Msz\u0119 \u015bw. u\u015bwietnion\u0105 wyst\u0119pem \u0142abu\u0144skiej orkiestry d\u0119tej celebrowali ks. Piotr Rawlik i ks. Mariusz Pastuszak.<br \/>\n&nbsp;<br \/>\n[lg_folder folder=&#8221;20180503\/&#8221; count=&#8221;35&#8243; paging=&#8221;false&#8221;]<\/p>\n","protected":false},"excerpt":{"rendered":"<p>3 maja 2018 r. w ko\u015bciele parafialnym w \u0141abuniach odprawiono uroczyst\u0105 Msz\u0119 \u015bwi\u0119t\u0105 w intencji Ojczyzny &#8211; w zwi\u0105zku z przypadaj\u0105c\u0105 w tym dniu 227. rocznic\u0105 uchwalenia Konstytucji 3 Maja oraz w intencji Stra\u017cak\u00f3w i ich rodzin z okazji obchodzonego 4. maja Dnia Stra\u017caka.<\/p>\n","protected":false},"author":7,"featured_media":8436,"comment_status":"closed","ping_status":"closed","sticky":false,"template":"","format":"standard","meta":{"footnotes":""},"categories":[1],"tags":[],"class_list":["post-8434","post","type-post","status-publish","format-standard","has-post-thumbnail","hentry","category-wpisy","clearfix"],"_links":{"self":[{"href":"https:\/\/www.labunie.com.pl\/index.php?rest_route=\/wp\/v2\/posts\/8434","targetHints":{"allow":["GET"]}}],"collection":[{"href":"https:\/\/www.labunie.com.pl\/index.php?rest_route=\/wp\/v2\/posts"}],"about":[{"href":"https:\/\/www.labunie.com.pl\/index.php?rest_route=\/wp\/v2\/types\/post"}],"author":[{"embeddable":true,"href":"https:\/\/www.labunie.com.pl\/index.php?rest_route=\/wp\/v2\/users\/7"}],"replies":[{"embeddable":true,"href":"https:\/\/www.labunie.com.pl\/index.php?rest_route=%2Fwp%2Fv2%2Fcomments&post=8434"}],"version-history":[{"count":4,"href":"https:\/\/www.labunie.com.pl\/index.php?rest_route=\/wp\/v2\/posts\/8434\/revisions"}],"predecessor-version":[{"id":8439,"href":"https:\/\/www.labunie.com.pl\/index.php?rest_route=\/wp\/v2\/posts\/8434\/revisions\/8439"}],"wp:featuredmedia":[{"embeddable":true,"href":"https:\/\/www.labunie.com.pl\/index.php?rest_route=\/wp\/v2\/media\/8436"}],"wp:attachment":[{"href":"https:\/\/www.labunie.com.pl\/index.php?rest_route=%2Fwp%2Fv2%2Fmedia&parent=8434"}],"wp:term":[{"taxonomy":"category","embeddable":true,"href":"https:\/\/www.labunie.com.pl\/index.php?rest_route=%2Fwp%2Fv2%2Fcategories&post=8434"},{"taxonomy":"post_tag","embeddable":true,"href":"https:\/\/www.labunie.com.pl\/index.php?rest_route=%2Fwp%2Fv2%2Ftags&post=8434"}],"curies":[{"name":"wp","href":"https:\/\/api.w.org\/{rel}","templated":true}]}}