{"id":8371,"date":"2018-04-25T12:54:32","date_gmt":"2018-04-25T10:54:32","guid":{"rendered":"https:\/\/www.labunie.com.pl\/?p=8371"},"modified":"2018-04-25T13:14:41","modified_gmt":"2018-04-25T11:14:41","slug":"finisaz-wystawy-spotkanie-autorskie-z-dr-beata-kozaczynska","status":"publish","type":"post","link":"https:\/\/www.labunie.com.pl\/?p=8371","title":{"rendered":"Finisa\u017c wystawy &#8211; spotkanie autorskie z dr Beat\u0105 Kozaczy\u0144sk\u0105"},"content":{"rendered":"<p><strong>3 maja o godz. 12.30 w zespole pa\u0142acowo-parkowym w \u0141abuniach (aula Starowieyskiego, Oficyna prawa) odb\u0119dzie si\u0119 finisa\u017c wystawy &#8220;Ocalone z transport\u00f3w Dzieci Zamojszczyzny&#8221; i spotkanie autorskie z dr Beat\u0105 Kozaczy\u0144sk\u0105 z Uniwersytetu Przyrodniczo-Humanistycznego w Siedlcach.<\/strong><br \/>\n<!--more--><br \/>\n&nbsp;<br \/>\n&nbsp;<br \/>\nAutorka wyg\u0142osi wyk\u0142ad historyczny (ok. 1-1,5 godz.) wraz z prezentacj\u0105 multimedialn\u0105 fotografii nt. los\u00f3w polskich dzieci &#8220;bezwarto\u015bciowych rasowo&#8221; z Zamojszczyzny, uratowanych z &#8220;transport\u00f3w \u015bmierci&#8221; w dystrykcie warszawskim zim\u0105 1942\/1943 r. Po wyk\u0142adzie b\u0119dzie mo\u017cna porozmawia\u0107 z Autork\u0105.<br \/>\n&nbsp;<br \/>\n&nbsp;<\/p>\n<p style=\"text-align: right;\"><img loading=\"lazy\" decoding=\"async\" class=\"size-full wp-image-8374 aligncenter\" src=\"https:\/\/www.labunie.com.pl\/wp-content\/uploads\/2018\/04\/bkozaczynska.jpg\" alt=\"\" width=\"630\" height=\"649\" srcset=\"https:\/\/www.labunie.com.pl\/wp-content\/uploads\/2018\/04\/bkozaczynska.jpg 630w, https:\/\/www.labunie.com.pl\/wp-content\/uploads\/2018\/04\/bkozaczynska-291x300.jpg 291w\" sizes=\"auto, (max-width: 630px) 100vw, 630px\" \/><br \/>\n<em><span style=\"font-size: 8pt;\">\u00a0f<\/span><span style=\"font-size: 8pt;\">ot. Piotr Piela<\/span><\/em><\/p>\n<p>&nbsp;<br \/>\nNa terenie zespo\u0142u pa\u0142acowo-parkowego w dniu wydarzenia obowi\u0105zuje zakaz parkowania. Dost\u0119pne parkingi: ul. Parkowa i Orzechowa.<\/p>\n","protected":false},"excerpt":{"rendered":"<p>3 maja o godz. 12.30 w zespole pa\u0142acowo-parkowym w \u0141abuniach (aula Starowieyskiego, Oficyna prawa) odb\u0119dzie si\u0119 finisa\u017c wystawy &#8220;Ocalone z transport\u00f3w Dzieci Zamojszczyzny&#8221; i spotkanie autorskie z dr Beat\u0105 Kozaczy\u0144sk\u0105 z Uniwersytetu Przyrodniczo-Humanistycznego w Siedlcach.<\/p>\n","protected":false},"author":7,"featured_media":8321,"comment_status":"closed","ping_status":"closed","sticky":false,"template":"","format":"standard","meta":{"footnotes":""},"categories":[1],"tags":[],"class_list":["post-8371","post","type-post","status-publish","format-standard","has-post-thumbnail","hentry","category-wpisy","clearfix"],"_links":{"self":[{"href":"https:\/\/www.labunie.com.pl\/index.php?rest_route=\/wp\/v2\/posts\/8371","targetHints":{"allow":["GET"]}}],"collection":[{"href":"https:\/\/www.labunie.com.pl\/index.php?rest_route=\/wp\/v2\/posts"}],"about":[{"href":"https:\/\/www.labunie.com.pl\/index.php?rest_route=\/wp\/v2\/types\/post"}],"author":[{"embeddable":true,"href":"https:\/\/www.labunie.com.pl\/index.php?rest_route=\/wp\/v2\/users\/7"}],"replies":[{"embeddable":true,"href":"https:\/\/www.labunie.com.pl\/index.php?rest_route=%2Fwp%2Fv2%2Fcomments&post=8371"}],"version-history":[{"count":5,"href":"https:\/\/www.labunie.com.pl\/index.php?rest_route=\/wp\/v2\/posts\/8371\/revisions"}],"predecessor-version":[{"id":8391,"href":"https:\/\/www.labunie.com.pl\/index.php?rest_route=\/wp\/v2\/posts\/8371\/revisions\/8391"}],"wp:featuredmedia":[{"embeddable":true,"href":"https:\/\/www.labunie.com.pl\/index.php?rest_route=\/wp\/v2\/media\/8321"}],"wp:attachment":[{"href":"https:\/\/www.labunie.com.pl\/index.php?rest_route=%2Fwp%2Fv2%2Fmedia&parent=8371"}],"wp:term":[{"taxonomy":"category","embeddable":true,"href":"https:\/\/www.labunie.com.pl\/index.php?rest_route=%2Fwp%2Fv2%2Fcategories&post=8371"},{"taxonomy":"post_tag","embeddable":true,"href":"https:\/\/www.labunie.com.pl\/index.php?rest_route=%2Fwp%2Fv2%2Ftags&post=8371"}],"curies":[{"name":"wp","href":"https:\/\/api.w.org\/{rel}","templated":true}]}}