{"id":8359,"date":"2018-04-24T10:59:35","date_gmt":"2018-04-24T08:59:35","guid":{"rendered":"https:\/\/www.labunie.com.pl\/?p=8359"},"modified":"2018-04-30T09:20:03","modified_gmt":"2018-04-30T07:20:03","slug":"73-rocznica-mordu-na-zolnierzach-ak-bch-i-ludnosci-labuniek","status":"publish","type":"post","link":"https:\/\/www.labunie.com.pl\/?p=8359","title":{"rendered":"73. rocznica mordu na \u017co\u0142nierzach AK, BCh i ludno\u015bci \u0141abuniek"},"content":{"rendered":"<p><strong>22 kwietnia 2018 r. w ko\u015bciele parafialnym w \u0141abuniach odprawiona zosta\u0142a uroczysta Msza \u015bwi\u0119ta w rocznic\u0119 \u015bmierci por. Edwarda Lachawca ps. \u201eKonrad\u201d, partyzant\u00f3w, \u017co\u0142nierzy Armii Krajowej i Batalion\u00f3w Ch\u0142opskich, ludno\u015bci cywilnej zamordowanej przez NKWD i UB a tak\u017ce ofiar samos\u0105d\u00f3w wojennych.<\/strong><\/p>\n<p><!--more--><br \/>\n&nbsp;<br \/>\n&nbsp;<br \/>\nRys historyczny tych tragicznych wydarze\u0144 przedstawi\u0142a Teresa Zwolan \u2013 Przewodnicz\u0105ca Komisji Spo\u0142ecznej Rady Gminy \u0141abunie.<br \/>\n&nbsp;<br \/>\nPo Mszy \u015bw. z udzia\u0142em poczt\u00f3w sztandarowych W\u00f3jt Gminy \u0141abunie Antoni Wojciech Turczyn i Wiceprzewodnicz\u0105ca Rady Gminy \u0141abunie El\u017cbieta Ku\u017ama, Sekretarz Bogumi\u0142a Maziarczuk, cz\u0142onkowie Polskiego Zwi\u0105zku By\u0142ych Wi\u0119\u017ani\u00f3w Politycznych Hitlerowskich Wi\u0119zie\u0144 i Oboz\u00f3w Koncentracyjnych \u2013 Ko\u0142o w \u0141abuniach, dyrektorzy szk\u00f3\u0142 z\u0142o\u017cyli kwiaty przy pomniku \u201ePoleg\u0142ym w walkach o niepodleg\u0142\u0105 Polsk\u0119 w latach 1939 \u2013 1945\u201d na cmentarzu parafialnym w \u0141abuniach i zapalili znicze.<br \/>\n&nbsp;<br \/>\n[lg_folder folder=&#8221;20180422\/&#8221; count=&#8221;23&#8243; paging=&#8221;false&#8221;]<\/p>\n<p><em>W imieniu Spo\u0142eczno\u015bci Gminy \u0141abunie sk\u0142adam podzi\u0119kowania pocztom sztandarowym: gminnemu, organizacji kombatanckich, OSP, szk\u00f3\u0142 oraz wszystkim osobom uczestnicz\u0105cym w uroczysto\u015bci. Podzi\u0119kowania sk\u0142adam r\u00f3wnie\u017c ksi\u0119dzu proboszczowi Piotrowi Rawlikowi za celebrowanie uroczysto\u015bci oraz koncelebransom ks. Aleksandrowi Sieciechowiczowi ks.Rajmundowi Curowi.<\/em><\/p>\n<p style=\"text-align: right;\"><em>W\u00f3jt Gminy \u0141abunie<\/em><br \/>\n<em> Antoni Wojciech Turczyn<\/em><\/p>\n","protected":false},"excerpt":{"rendered":"<p>22 kwietnia 2018 r. w ko\u015bciele parafialnym w \u0141abuniach odprawiona zosta\u0142a uroczysta Msza \u015bwi\u0119ta w rocznic\u0119 \u015bmierci por. Edwarda Lachawca ps. \u201eKonrad\u201d, partyzant\u00f3w, \u017co\u0142nierzy Armii Krajowej i Batalion\u00f3w Ch\u0142opskich, ludno\u015bci cywilnej zamordowanej przez NKWD i UB a tak\u017ce ofiar samos\u0105d\u00f3w wojennych.<\/p>\n","protected":false},"author":7,"featured_media":8360,"comment_status":"closed","ping_status":"closed","sticky":false,"template":"","format":"standard","meta":{"footnotes":""},"categories":[1],"tags":[],"class_list":["post-8359","post","type-post","status-publish","format-standard","has-post-thumbnail","hentry","category-wpisy","clearfix"],"_links":{"self":[{"href":"https:\/\/www.labunie.com.pl\/index.php?rest_route=\/wp\/v2\/posts\/8359","targetHints":{"allow":["GET"]}}],"collection":[{"href":"https:\/\/www.labunie.com.pl\/index.php?rest_route=\/wp\/v2\/posts"}],"about":[{"href":"https:\/\/www.labunie.com.pl\/index.php?rest_route=\/wp\/v2\/types\/post"}],"author":[{"embeddable":true,"href":"https:\/\/www.labunie.com.pl\/index.php?rest_route=\/wp\/v2\/users\/7"}],"replies":[{"embeddable":true,"href":"https:\/\/www.labunie.com.pl\/index.php?rest_route=%2Fwp%2Fv2%2Fcomments&post=8359"}],"version-history":[{"count":3,"href":"https:\/\/www.labunie.com.pl\/index.php?rest_route=\/wp\/v2\/posts\/8359\/revisions"}],"predecessor-version":[{"id":8410,"href":"https:\/\/www.labunie.com.pl\/index.php?rest_route=\/wp\/v2\/posts\/8359\/revisions\/8410"}],"wp:featuredmedia":[{"embeddable":true,"href":"https:\/\/www.labunie.com.pl\/index.php?rest_route=\/wp\/v2\/media\/8360"}],"wp:attachment":[{"href":"https:\/\/www.labunie.com.pl\/index.php?rest_route=%2Fwp%2Fv2%2Fmedia&parent=8359"}],"wp:term":[{"taxonomy":"category","embeddable":true,"href":"https:\/\/www.labunie.com.pl\/index.php?rest_route=%2Fwp%2Fv2%2Fcategories&post=8359"},{"taxonomy":"post_tag","embeddable":true,"href":"https:\/\/www.labunie.com.pl\/index.php?rest_route=%2Fwp%2Fv2%2Ftags&post=8359"}],"curies":[{"name":"wp","href":"https:\/\/api.w.org\/{rel}","templated":true}]}}