{"id":8342,"date":"2018-04-18T10:15:40","date_gmt":"2018-04-18T08:15:40","guid":{"rendered":"https:\/\/www.labunie.com.pl\/?p=8342"},"modified":"2018-04-18T10:15:40","modified_gmt":"2018-04-18T08:15:40","slug":"byl-taki-czas","status":"publish","type":"post","link":"https:\/\/www.labunie.com.pl\/?p=8342","title":{"rendered":"By\u0142 taki czas\u2026"},"content":{"rendered":"<p><strong>Wierszem \u201eBy\u0142 taki czas\u2026\u201d organizatorzy powitali wszystkich przyby\u0142ych go\u015bci: W\u00f3jta Gminy \u0141abunie Antoniego Wojciecha Turczyna, Wiceprzewodnicz\u0105c\u0105 Rady Gminy El\u017cbiet\u0119 Ku\u017am\u0119, Przewodnicz\u0105c\u0105 Komisji ds. Spo\u0142ecznych Rady Gminy Teres\u0119 Zwolan, s. Ma\u0142gorzat\u0119 Rydzewsk\u0105 z siostrami FMM, ks. prof. Czes\u0142awa Galka, kierownika biblioteki Bogdana Szyku\u0142\u0119 i mieszka\u0144c\u00f3w ze szczeg\u00f3lnym uk\u0142onem wobec tych, kt\u00f3rzy zechcieli zaszczyci\u0107 spotkanie swoj\u0105 obecno\u015bci\u0105:<\/strong><\/p>\n<p><!--more--><strong>ocalonych z transportu Dzieci Zamojszczyzny w osobach &#8211; Bamburska Halina, D\u0119bkowska Janina, Drong Emilia, Jastrz\u0119bski Boles\u0142aw, Karchut Jan, Kostrubiec Roman, Koza Tadeusz, Lewicka Marianna, \u0141aba Marianna, Mulawa Stanis\u0142awa, Niemczuk Stanis\u0142aw, Niemczuk Wac\u0142aw, Pilip Lucyna, Radzikiewicz Anna, Radzykiewicz Genowefa, Skraban Krystyna, Soko\u0142owska Krystyna, Zast\u0105pi\u0142o Zofia, Trusek Teresa Maria, Kudyk Lucyna, Niemczuk Janina.<\/strong><br \/>\n&nbsp;<br \/>\nCelem tego spotkania by\u0142a prezentacja niezwyk\u0142ej wystawy dr Beaty Kozaczy\u0144skiej, wys\u0142uchanie wyk\u0142adu ks. prof. Czes\u0142awa Galka, ale przede wszystkim pr\u00f3ba uzupe\u0142nienia luki w istniej\u0105cych opracowaniach historycznych. Dotychczas organizatorom uda\u0142o si\u0119 dotrze\u0107 do kilku os\u00f3b i spisa\u0107 ich wspomnienia publikowane na \u0142amach <em>Informatora Gminy \u0141abunie IG\u0141A<\/em>, ale docelowym zamierzeniem jest dotarcie do jak najwi\u0119kszej liczby \u015bwiadk\u00f3w tych traumatycznych wydarze\u0144 by utrwali\u0107 w postaci publikacji ka\u017cde s\u0142owo, zdanie, \u017ceby pami\u0119\u0107 o Dzieciach Zamojszczyzny nie umkn\u0119\u0142a, bo z r\u00f3\u017cnych powod\u00f3w w\u0105tek wysiedle\u0144 Gminy \u0141abunie jest nieobecny.<br \/>\n&nbsp;<br \/>\nW trakcie wydarzenia W\u00f3jt wr\u0119czy\u0142 Romanowi Kostrubcowi i Wac\u0142awowi Niemczukowi &#8211; cz\u0142onkom Polskiego Zwi\u0105zku By\u0142ych Wi\u0119\u017ani\u00f3w Politycznych Hitlerowskich Wi\u0119zie\u0144 i Oboz\u00f3w Koncentracyjnych &#8211; Ko\u0142o w \u0141abuniach podzi\u0119kowania za szczeg\u00f3lne zaanga\u017cowanie w piel\u0119gnowanie pami\u0119ci o Dzieciach Zamojszczyzny.<br \/>\n&nbsp;<br \/>\nPiosenk\u0119 \u201eKruk\u201d o bezlitosnych oprawcach czasu II wojny \u015bw. za\u015bpiewa\u0142a Janina Niemczuk z \u0141abu\u0144. Minut\u0105 ciszy uczczono pami\u0119\u0107 Tych, kt\u00f3rzy do dom\u00f3w swoich nie wr\u00f3cili\u2026 W ramach podzi\u0119kowa\u0144 za przybycie W\u00f3jt Gminy \u0141abunie wr\u0119czy\u0142 go\u015bciom s\u0142odki upominek.<br \/>\n&nbsp;<br \/>\nPo spotkaniu pozosta\u0142y ciche rozmowy o tamtych dniach, kiedy nagle \u015bmiech dzieci zamieni\u0142 si\u0119 w ich nieustaj\u0105cy p\u0142acz\u2026 i wpisy do w\u0119druj\u0105cej razem z wystaw\u0105 Kroniki.<br \/>\n&nbsp;<br \/>\n[lg_folder folder=&#8221;20180417\/&#8221; count=&#8221;14&#8243; paging=&#8221;false&#8221;]<\/p>\n<p><em>Organizatorzy: Referat Promocji i Rozwoju Gminy i Biblioteka Publiczna Gminy \u0141abunie dzi\u0119kuj\u0105 za okazan\u0105 pomoc wszystkim, kt\u00f3rzy przyczynili si\u0119 do mi\u0142ej atmosfery podczas spotkania.<\/em><\/p>\n","protected":false},"excerpt":{"rendered":"<p>Wierszem \u201eBy\u0142 taki czas\u2026\u201d organizatorzy powitali wszystkich przyby\u0142ych go\u015bci: W\u00f3jta Gminy \u0141abunie Antoniego Wojciecha Turczyna, Wiceprzewodnicz\u0105c\u0105 Rady Gminy El\u017cbiet\u0119 Ku\u017am\u0119, Przewodnicz\u0105c\u0105 Komisji ds. Spo\u0142ecznych Rady Gminy Teres\u0119 Zwolan, s. Ma\u0142gorzat\u0119 Rydzewsk\u0105 z siostrami FMM, ks. prof. Czes\u0142awa Galka, kierownika biblioteki Bogdana Szyku\u0142\u0119 i mieszka\u0144c\u00f3w ze szczeg\u00f3lnym uk\u0142onem wobec tych, kt\u00f3rzy zechcieli zaszczyci\u0107 spotkanie swoj\u0105 obecno\u015bci\u0105:<\/p>\n","protected":false},"author":7,"featured_media":8321,"comment_status":"closed","ping_status":"closed","sticky":false,"template":"","format":"standard","meta":{"footnotes":""},"categories":[1],"tags":[],"class_list":["post-8342","post","type-post","status-publish","format-standard","has-post-thumbnail","hentry","category-wpisy","clearfix"],"_links":{"self":[{"href":"https:\/\/www.labunie.com.pl\/index.php?rest_route=\/wp\/v2\/posts\/8342","targetHints":{"allow":["GET"]}}],"collection":[{"href":"https:\/\/www.labunie.com.pl\/index.php?rest_route=\/wp\/v2\/posts"}],"about":[{"href":"https:\/\/www.labunie.com.pl\/index.php?rest_route=\/wp\/v2\/types\/post"}],"author":[{"embeddable":true,"href":"https:\/\/www.labunie.com.pl\/index.php?rest_route=\/wp\/v2\/users\/7"}],"replies":[{"embeddable":true,"href":"https:\/\/www.labunie.com.pl\/index.php?rest_route=%2Fwp%2Fv2%2Fcomments&post=8342"}],"version-history":[{"count":3,"href":"https:\/\/www.labunie.com.pl\/index.php?rest_route=\/wp\/v2\/posts\/8342\/revisions"}],"predecessor-version":[{"id":8345,"href":"https:\/\/www.labunie.com.pl\/index.php?rest_route=\/wp\/v2\/posts\/8342\/revisions\/8345"}],"wp:featuredmedia":[{"embeddable":true,"href":"https:\/\/www.labunie.com.pl\/index.php?rest_route=\/wp\/v2\/media\/8321"}],"wp:attachment":[{"href":"https:\/\/www.labunie.com.pl\/index.php?rest_route=%2Fwp%2Fv2%2Fmedia&parent=8342"}],"wp:term":[{"taxonomy":"category","embeddable":true,"href":"https:\/\/www.labunie.com.pl\/index.php?rest_route=%2Fwp%2Fv2%2Fcategories&post=8342"},{"taxonomy":"post_tag","embeddable":true,"href":"https:\/\/www.labunie.com.pl\/index.php?rest_route=%2Fwp%2Fv2%2Ftags&post=8342"}],"curies":[{"name":"wp","href":"https:\/\/api.w.org\/{rel}","templated":true}]}}