{"id":8310,"date":"2018-04-13T09:14:46","date_gmt":"2018-04-13T07:14:46","guid":{"rendered":"https:\/\/www.labunie.com.pl\/?p=8310"},"modified":"2018-04-13T09:14:46","modified_gmt":"2018-04-13T07:14:46","slug":"targi-pracy-2018","status":"publish","type":"post","link":"https:\/\/www.labunie.com.pl\/?p=8310","title":{"rendered":"Targi Pracy 2018"},"content":{"rendered":"<p><strong>Zapraszamy do uczestnictwa w Targach Pracy, kt\u00f3re odb\u0119d\u0105 si\u0119 18 kwietnia 2018 r. w godz. 9:30-14:00 w Targach Lublin S.A. przy ul. Dworcowej 11 w Lublinie (Park Ludowy).<\/strong><\/p>\n<p><strong>Udzia\u0142 w imprezie jest bezp\u0142atny.<\/strong><\/p>\n<p><!--more--><br \/>\n&nbsp;<br \/>\n&nbsp;<\/p>\n<p><strong>Targi Pracy 2018<\/strong> to najwi\u0119ksze tego typu cykliczne wydarzenie w wojew\u00f3dztwie lubelskim i zarazem jedno z najstarszych i najwi\u0119kszych w Polsce. Z roku na rok inicjatywa ta przyci\u0105ga coraz wi\u0119ksz\u0105 ilo\u015b\u0107 zainteresowanych pracodawc\u00f3w i os\u00f3b poszukuj\u0105cych pracy. W ubieg\u0142ym roku swoje stoiska wystawi\u0142o <strong>ponad 145 pracodawc\u00f3w<\/strong><strong> i <\/strong><strong>przedstawicieli instytucji rynku pracy<\/strong>. Co roku prezentuj\u0105ce si\u0119 firmy przedstawia\u0142y ponad <strong>1000 ofert pracy<\/strong> na r\u00f3\u017cnorodne stanowiska, przede wszystkim z bran\u017c: handlowej, us\u0142ugowej, gastronomicznej, informatycznej, budowlanej i finansowej. Targi odwiedza oko\u0142o <strong>10 000 os\u00f3b.<\/strong><\/p>\n<p>&nbsp;<\/p>\n<p>Serdecznie zapraszamy osoby bezrobotne, poszukuj\u0105ce pracy, absolwent\u00f3w i student\u00f3w oraz osoby pracuj\u0105ce chc\u0105ce zmieni\u0107 dotychczasowe zatrudnienie lub kwalifikacje zawodowe. Osoby poszukuj\u0105ce informacji o mo\u017cliwo\u015bci pozyskania \u015brodk\u00f3w na za\u0142o\u017cenie oraz rozszerzenie dzia\u0142alno\u015bci gospodarczej te\u017c znajd\u0105 co\u015b dla siebie. Na miejscu odbywa\u0107 si\u0119 b\u0119d\u0105 r\u00f3wnie\u017c bezp\u0142atne konsultacje na temat dofinansowania dzia\u0142alno\u015bci gospodarczej ze \u015brodk\u00f3w unijnych, a doradcy zawodowi pomog\u0105 w poprawnym zbudowaniu dokument\u00f3w aplikacyjnych.<\/p>\n<p>&nbsp;<\/p>\n<p>Mi\u0142o nam poinformowa\u0107, \u017ce w 2018 roku patronat honorowy nad imprez\u0105 obj\u0119li: <strong>Minister Rodziny, Pracy i Polityki Spo\u0142ecznej<\/strong>, <strong>Wojewoda Lubelski<\/strong>, <strong>Marsza\u0142ek Wojew\u00f3dztwa Lubelskiego<\/strong>, <strong>Prezydent Miasta Lublin<\/strong>, <strong>Lubelski Kurator O\u015bwiaty<\/strong> oraz <strong>Komendant Wojew\u00f3dzki OHP<\/strong>.<\/p>\n<p>&nbsp;<\/p>\n<p>Jak co roku organizatorem przedsi\u0119wzi\u0119cia jest <strong>Miejski Urz\u0105d Pracy w Lublinie,<\/strong> a wsp\u00f3\u0142organizatorami s\u0105: Wy\u017csza Szko\u0142a Ekonomii Innowacji w Lublinie, Centrum Edukacji i Pracy M\u0142odzie\u017cy OHP w Lublinie oraz Wojew\u00f3dzki Sztab Wojskowy w Lublinie, O\u015brodek Aktywizacji Zawodowej.<\/p>\n<p>&nbsp;<\/p>\n<p>Targi Pracy 2018 to niepowtarzalna okazja do poznania lubelskiego rynku pracy, zapotrzebowania na zawody oraz mo\u017cliwo\u015b\u0107 bezpo\u015bredniego kontaktu z pracodawcami.<\/p>\n<p>&nbsp;<\/p>\n<p><img loading=\"lazy\" decoding=\"async\" src=\"https:\/\/www.labunie.com.pl\/wp-content\/uploads\/2018\/04\/targi_pracy_2018.jpg\" alt=\"\" width=\"630\" height=\"890\" class=\"alignright size-full wp-image-8318\" srcset=\"https:\/\/www.labunie.com.pl\/wp-content\/uploads\/2018\/04\/targi_pracy_2018.jpg 630w, https:\/\/www.labunie.com.pl\/wp-content\/uploads\/2018\/04\/targi_pracy_2018-212x300.jpg 212w\" sizes=\"auto, (max-width: 630px) 100vw, 630px\" \/><\/p>\n","protected":false},"excerpt":{"rendered":"<p>Zapraszamy do uczestnictwa w Targach Pracy, kt\u00f3re odb\u0119d\u0105 si\u0119 18 kwietnia 2018 r. w godz. 9:30-14:00 w Targach Lublin S.A. przy ul. Dworcowej 11 w Lublinie (Park Ludowy). Udzia\u0142 w imprezie jest bezp\u0142atny.<\/p>\n","protected":false},"author":7,"featured_media":8311,"comment_status":"closed","ping_status":"closed","sticky":false,"template":"","format":"standard","meta":{"footnotes":""},"categories":[1],"tags":[],"class_list":["post-8310","post","type-post","status-publish","format-standard","has-post-thumbnail","hentry","category-wpisy","clearfix"],"_links":{"self":[{"href":"https:\/\/www.labunie.com.pl\/index.php?rest_route=\/wp\/v2\/posts\/8310","targetHints":{"allow":["GET"]}}],"collection":[{"href":"https:\/\/www.labunie.com.pl\/index.php?rest_route=\/wp\/v2\/posts"}],"about":[{"href":"https:\/\/www.labunie.com.pl\/index.php?rest_route=\/wp\/v2\/types\/post"}],"author":[{"embeddable":true,"href":"https:\/\/www.labunie.com.pl\/index.php?rest_route=\/wp\/v2\/users\/7"}],"replies":[{"embeddable":true,"href":"https:\/\/www.labunie.com.pl\/index.php?rest_route=%2Fwp%2Fv2%2Fcomments&post=8310"}],"version-history":[{"count":5,"href":"https:\/\/www.labunie.com.pl\/index.php?rest_route=\/wp\/v2\/posts\/8310\/revisions"}],"predecessor-version":[{"id":8319,"href":"https:\/\/www.labunie.com.pl\/index.php?rest_route=\/wp\/v2\/posts\/8310\/revisions\/8319"}],"wp:featuredmedia":[{"embeddable":true,"href":"https:\/\/www.labunie.com.pl\/index.php?rest_route=\/wp\/v2\/media\/8311"}],"wp:attachment":[{"href":"https:\/\/www.labunie.com.pl\/index.php?rest_route=%2Fwp%2Fv2%2Fmedia&parent=8310"}],"wp:term":[{"taxonomy":"category","embeddable":true,"href":"https:\/\/www.labunie.com.pl\/index.php?rest_route=%2Fwp%2Fv2%2Fcategories&post=8310"},{"taxonomy":"post_tag","embeddable":true,"href":"https:\/\/www.labunie.com.pl\/index.php?rest_route=%2Fwp%2Fv2%2Ftags&post=8310"}],"curies":[{"name":"wp","href":"https:\/\/api.w.org\/{rel}","templated":true}]}}