{"id":8305,"date":"2018-04-12T09:29:20","date_gmt":"2018-04-12T07:29:20","guid":{"rendered":"https:\/\/www.labunie.com.pl\/?p=8305"},"modified":"2018-04-12T09:29:20","modified_gmt":"2018-04-12T07:29:20","slug":"dzien-pamieci-ofiar-zbrodni-katynskiej-4","status":"publish","type":"post","link":"https:\/\/www.labunie.com.pl\/?p=8305","title":{"rendered":"Dzie\u0144 Pami\u0119ci Ofiar Zbrodni Katy\u0144skiej"},"content":{"rendered":"<p><strong>11 kwietnia w\u0142adze gminy w towarzystwie spo\u0142eczno\u015bci uczniowskiej, przedszkolak\u00f3w, pracownik\u00f3w jednostek organizacyjnych, przedstawicieli organizacji spo\u0142ecznych i mieszka\u0144c\u00f3w z\u0142o\u017cyli kwiaty i zapalili znicze przy tablicach pami\u0105tkowych i D\u0119bach Katy\u0144skich w \u0141abuniach, W\u00f3lce \u0141abu\u0144skiej i Wierzbiu oraz na cmentarzu parafialnym w \u0141abuniach.<\/strong><br \/>\n<!--more--><br \/>\n&nbsp;<br \/>\n[lg_folder folder=&#8221;20180411\/&#8221;   paging=&#8221;false&#8221;]<\/p>\n","protected":false},"excerpt":{"rendered":"<p>11 kwietnia w\u0142adze gminy w towarzystwie spo\u0142eczno\u015bci uczniowskiej, przedszkolak\u00f3w, pracownik\u00f3w jednostek organizacyjnych, przedstawicieli organizacji spo\u0142ecznych i mieszka\u0144c\u00f3w z\u0142o\u017cyli kwiaty i zapalili znicze przy tablicach pami\u0105tkowych i D\u0119bach Katy\u0144skich w \u0141abuniach, W\u00f3lce \u0141abu\u0144skiej i Wierzbiu oraz na cmentarzu parafialnym w \u0141abuniach.<\/p>\n","protected":false},"author":7,"featured_media":8307,"comment_status":"closed","ping_status":"closed","sticky":false,"template":"","format":"standard","meta":{"footnotes":""},"categories":[1],"tags":[],"class_list":["post-8305","post","type-post","status-publish","format-standard","has-post-thumbnail","hentry","category-wpisy","clearfix"],"_links":{"self":[{"href":"https:\/\/www.labunie.com.pl\/index.php?rest_route=\/wp\/v2\/posts\/8305","targetHints":{"allow":["GET"]}}],"collection":[{"href":"https:\/\/www.labunie.com.pl\/index.php?rest_route=\/wp\/v2\/posts"}],"about":[{"href":"https:\/\/www.labunie.com.pl\/index.php?rest_route=\/wp\/v2\/types\/post"}],"author":[{"embeddable":true,"href":"https:\/\/www.labunie.com.pl\/index.php?rest_route=\/wp\/v2\/users\/7"}],"replies":[{"embeddable":true,"href":"https:\/\/www.labunie.com.pl\/index.php?rest_route=%2Fwp%2Fv2%2Fcomments&post=8305"}],"version-history":[{"count":2,"href":"https:\/\/www.labunie.com.pl\/index.php?rest_route=\/wp\/v2\/posts\/8305\/revisions"}],"predecessor-version":[{"id":8309,"href":"https:\/\/www.labunie.com.pl\/index.php?rest_route=\/wp\/v2\/posts\/8305\/revisions\/8309"}],"wp:featuredmedia":[{"embeddable":true,"href":"https:\/\/www.labunie.com.pl\/index.php?rest_route=\/wp\/v2\/media\/8307"}],"wp:attachment":[{"href":"https:\/\/www.labunie.com.pl\/index.php?rest_route=%2Fwp%2Fv2%2Fmedia&parent=8305"}],"wp:term":[{"taxonomy":"category","embeddable":true,"href":"https:\/\/www.labunie.com.pl\/index.php?rest_route=%2Fwp%2Fv2%2Fcategories&post=8305"},{"taxonomy":"post_tag","embeddable":true,"href":"https:\/\/www.labunie.com.pl\/index.php?rest_route=%2Fwp%2Fv2%2Ftags&post=8305"}],"curies":[{"name":"wp","href":"https:\/\/api.w.org\/{rel}","templated":true}]}}