{"id":8262,"date":"2018-04-15T08:00:46","date_gmt":"2018-04-15T06:00:46","guid":{"rendered":"https:\/\/www.labunie.com.pl\/?p=8262"},"modified":"2018-04-04T12:26:03","modified_gmt":"2018-04-04T10:26:03","slug":"zaproszenie-46","status":"publish","type":"post","link":"https:\/\/www.labunie.com.pl\/?p=8262","title":{"rendered":"Zaproszenie"},"content":{"rendered":"<p><strong>W\u00f3jt Gminy \u0141abunie i Proboszcz Parafii \u0141abunie zapraszaj\u0105 22 kwietnia na obchody 73. rocznicy mordu dokonanego przez NKWD na \u017co\u0142nierzach Armii Krajowej, Batalion\u00f3w Ch\u0142opskich i ludno\u015bci cywilnej \u0141abuniek.<br \/>\nUroczysto\u015bci rozpoczn\u0105 si\u0119 Msz\u0105 \u015bw. o godz. 10:00 w ko\u015bciele parafialnym w \u0141abuniach.<\/strong><\/p>\n","protected":false},"excerpt":{"rendered":"<p>W\u00f3jt Gminy \u0141abunie i Proboszcz Parafii \u0141abunie zapraszaj\u0105 22 kwietnia na obchody 73. rocznicy mordu dokonanego przez NKWD na \u017co\u0142nierzach Armii Krajowej, Batalion\u00f3w Ch\u0142opskich i ludno\u015bci cywilnej \u0141abuniek. Uroczysto\u015bci rozpoczn\u0105 si\u0119 Msz\u0105 \u015bw. o godz. 10:00 w ko\u015bciele parafialnym w \u0141abuniach.<\/p>\n","protected":false},"author":7,"featured_media":8263,"comment_status":"closed","ping_status":"closed","sticky":false,"template":"","format":"standard","meta":{"footnotes":""},"categories":[1],"tags":[],"class_list":["post-8262","post","type-post","status-publish","format-standard","has-post-thumbnail","hentry","category-wpisy","clearfix"],"_links":{"self":[{"href":"https:\/\/www.labunie.com.pl\/index.php?rest_route=\/wp\/v2\/posts\/8262","targetHints":{"allow":["GET"]}}],"collection":[{"href":"https:\/\/www.labunie.com.pl\/index.php?rest_route=\/wp\/v2\/posts"}],"about":[{"href":"https:\/\/www.labunie.com.pl\/index.php?rest_route=\/wp\/v2\/types\/post"}],"author":[{"embeddable":true,"href":"https:\/\/www.labunie.com.pl\/index.php?rest_route=\/wp\/v2\/users\/7"}],"replies":[{"embeddable":true,"href":"https:\/\/www.labunie.com.pl\/index.php?rest_route=%2Fwp%2Fv2%2Fcomments&post=8262"}],"version-history":[{"count":1,"href":"https:\/\/www.labunie.com.pl\/index.php?rest_route=\/wp\/v2\/posts\/8262\/revisions"}],"predecessor-version":[{"id":8264,"href":"https:\/\/www.labunie.com.pl\/index.php?rest_route=\/wp\/v2\/posts\/8262\/revisions\/8264"}],"wp:featuredmedia":[{"embeddable":true,"href":"https:\/\/www.labunie.com.pl\/index.php?rest_route=\/wp\/v2\/media\/8263"}],"wp:attachment":[{"href":"https:\/\/www.labunie.com.pl\/index.php?rest_route=%2Fwp%2Fv2%2Fmedia&parent=8262"}],"wp:term":[{"taxonomy":"category","embeddable":true,"href":"https:\/\/www.labunie.com.pl\/index.php?rest_route=%2Fwp%2Fv2%2Fcategories&post=8262"},{"taxonomy":"post_tag","embeddable":true,"href":"https:\/\/www.labunie.com.pl\/index.php?rest_route=%2Fwp%2Fv2%2Ftags&post=8262"}],"curies":[{"name":"wp","href":"https:\/\/api.w.org\/{rel}","templated":true}]}}