{"id":8183,"date":"2018-03-26T13:27:38","date_gmt":"2018-03-26T11:27:38","guid":{"rendered":"https:\/\/www.labunie.com.pl\/?p=8183"},"modified":"2018-04-04T12:05:59","modified_gmt":"2018-04-04T10:05:59","slug":"dar-serca-dla-malego-ksiecia","status":"publish","type":"post","link":"https:\/\/www.labunie.com.pl\/?p=8183","title":{"rendered":"Podsumowanie 9. Gminnego Konkursu Plastycznego \u201ePrzed Wielkanoc\u0105\u201d"},"content":{"rendered":"<p><strong>25 marca w sali konferencyjnej Domu Kultury w \u0141abuniach podsumowano 9. edycj\u0119 Gminnego Konkursu Plastycznego \u201ePrzed Wielkanoc\u0105\u201d pod Patronatem W\u00f3jta Gminy \u0141abunie Antoniego Wojciecha Turczyna.<\/strong><\/p>\n<p><!--more--><br \/>\n&nbsp;<br \/>\n&nbsp;<br \/>\n&nbsp;<br \/>\nWr\u0119czono s\u0142odkie upominki, wys\u0142uchano wierszy autorstwa <strong>Alicji Saputy<\/strong> z \u0141abu\u0144 odczytanych przez ucznia <strong>Patryka Jandu\u0142\u0119<\/strong> z Majdanu Ruszowskiego i sam\u0105 autork\u0119, wykonano pami\u0105tkowe zdj\u0119cia, niemal\u017ce wykupiono wszystkie prace zrobione przez dzieci i doros\u0142ych mieszka\u0144c\u00f3w gminy.<br \/>\n&nbsp;<br \/>\n[lg_folder folder=&#8221;20180325\/&#8221; count=&#8221;33&#8243; paging=&#8221;false&#8221;]<br \/>\nOd wielu lat podczas fina\u0142u konkursu odbywa si\u0119 kiermasz, z kt\u00f3rego doch\u00f3d w ca\u0142o\u015bci jest przeznaczony dla Podopiecznych Lubelskiego Hospicjum dla Dzieci im. Ma\u0142ego Ksi\u0119cia. W dniu kiermaszu zebrano kwot\u0119 <strong>1148,71 z\u0142<\/strong>. Nie jest to ostateczna kwota darowizny. Prace s\u0105 nadal do zakupienia (dzi\u015b w urz\u0119dzie pok. 10, od jutra w bibliotece).<br \/>\n&nbsp;<br \/>\nDecyzj\u0105 Komisji i Organizator\u00f3w nieodebrane upominki zostan\u0105 w dniu jutrzejszym przekazane Podopiecznym Lubelskiego Hospicjum dla Dzieci im. Ma\u0142ego Ksi\u0119cia.<br \/>\n&nbsp;<\/p>\n<h3 style=\"text-align: center;\"><em><strong>Dzi\u0119kujemy za dar serca, za to, \u017ce co roku jeste\u015bcie z nami!<\/strong><\/em><\/h3>\n<p>&nbsp;<\/p>\n<blockquote class=\"wp-embedded-content\" data-secret=\"WhGKNWBfFN\"><p><a href=\"https:\/\/www.labunie.com.pl\/2018\/03\/protokol-9-edycji-gminnego-konkursu-plastycznego-przed-wielkanoca-pod-patronatem-wojta-gminy-labunie\/\">Protok\u00f3\u0142 9. edycji Gminnego Konkursu Plastycznego \u201ePrzed Wielkanoc\u0105\u201d pod patronatem W\u00f3jta Gminy \u0141abunie<\/a><\/p><\/blockquote>\n<p><iframe loading=\"lazy\" class=\"wp-embedded-content\" sandbox=\"allow-scripts\" security=\"restricted\" style=\"position: absolute; clip: rect(1px, 1px, 1px, 1px);\" title=\"&#8222;Protok\u00f3\u0142 9. edycji Gminnego Konkursu Plastycznego \u201ePrzed Wielkanoc\u0105\u201d pod patronatem W\u00f3jta Gminy \u0141abunie&#8221; &#8212; Urz\u0105d Gminy \u0141abunie\" src=\"https:\/\/www.labunie.com.pl\/2018\/03\/protokol-9-edycji-gminnego-konkursu-plastycznego-przed-wielkanoca-pod-patronatem-wojta-gminy-labunie\/embed\/#?secret=WhGKNWBfFN\" data-secret=\"WhGKNWBfFN\" width=\"600\" height=\"338\" frameborder=\"0\" marginwidth=\"0\" marginheight=\"0\" scrolling=\"no\"><\/iframe><\/p>\n<p>&nbsp;<\/p>\n","protected":false},"excerpt":{"rendered":"<p>25 marca w sali konferencyjnej Domu Kultury w \u0141abuniach podsumowano 9. edycj\u0119 Gminnego Konkursu Plastycznego \u201ePrzed Wielkanoc\u0105\u201d pod Patronatem W\u00f3jta Gminy \u0141abunie Antoniego Wojciecha Turczyna.<\/p>\n","protected":false},"author":7,"featured_media":8185,"comment_status":"closed","ping_status":"closed","sticky":false,"template":"","format":"standard","meta":{"footnotes":""},"categories":[1],"tags":[],"class_list":["post-8183","post","type-post","status-publish","format-standard","has-post-thumbnail","hentry","category-wpisy","clearfix"],"_links":{"self":[{"href":"https:\/\/www.labunie.com.pl\/index.php?rest_route=\/wp\/v2\/posts\/8183","targetHints":{"allow":["GET"]}}],"collection":[{"href":"https:\/\/www.labunie.com.pl\/index.php?rest_route=\/wp\/v2\/posts"}],"about":[{"href":"https:\/\/www.labunie.com.pl\/index.php?rest_route=\/wp\/v2\/types\/post"}],"author":[{"embeddable":true,"href":"https:\/\/www.labunie.com.pl\/index.php?rest_route=\/wp\/v2\/users\/7"}],"replies":[{"embeddable":true,"href":"https:\/\/www.labunie.com.pl\/index.php?rest_route=%2Fwp%2Fv2%2Fcomments&post=8183"}],"version-history":[{"count":5,"href":"https:\/\/www.labunie.com.pl\/index.php?rest_route=\/wp\/v2\/posts\/8183\/revisions"}],"predecessor-version":[{"id":8251,"href":"https:\/\/www.labunie.com.pl\/index.php?rest_route=\/wp\/v2\/posts\/8183\/revisions\/8251"}],"wp:featuredmedia":[{"embeddable":true,"href":"https:\/\/www.labunie.com.pl\/index.php?rest_route=\/wp\/v2\/media\/8185"}],"wp:attachment":[{"href":"https:\/\/www.labunie.com.pl\/index.php?rest_route=%2Fwp%2Fv2%2Fmedia&parent=8183"}],"wp:term":[{"taxonomy":"category","embeddable":true,"href":"https:\/\/www.labunie.com.pl\/index.php?rest_route=%2Fwp%2Fv2%2Fcategories&post=8183"},{"taxonomy":"post_tag","embeddable":true,"href":"https:\/\/www.labunie.com.pl\/index.php?rest_route=%2Fwp%2Fv2%2Ftags&post=8183"}],"curies":[{"name":"wp","href":"https:\/\/api.w.org\/{rel}","templated":true}]}}