{"id":8175,"date":"2018-03-26T13:17:33","date_gmt":"2018-03-26T11:17:33","guid":{"rendered":"https:\/\/www.labunie.com.pl\/?p=8175"},"modified":"2018-03-26T14:47:16","modified_gmt":"2018-03-26T12:47:16","slug":"misterium-paschalne-w-labuniach","status":"publish","type":"post","link":"https:\/\/www.labunie.com.pl\/?p=8175","title":{"rendered":"Misterium Paschalne w \u0141abuniach"},"content":{"rendered":"<p><strong>Ju\u017c po raz czwarty Stowarzyszenie na Rzecz Rozwoju Gminy \u0141abunie we wsp\u00f3\u0142pracy z Parafi\u0105 Rzymskokatolick\u0105 pw. Matki Bo\u017cej Szkaplerznej i Gmin\u0105 \u0141abunie zorganizowa\u0142o w dniu 23 marca 2018 r. Misterium Paschalne. W pi\u0105tkowy wiecz\u00f3r, msza \u015bwi\u0119ta w ko\u015bciele parafialnym w \u0141abuniach zgromadzi\u0142a wszystkich aktor\u00f3w Teatru Pasyjnego oraz wiernych pragn\u0105cych uczestniczy\u0107 w Drodze Krzy\u017cowej Jezusa.<\/strong><\/p>\n<p style=\"text-align: justify;\"><!--more--><br \/>\n&nbsp;<br \/>\nNa placu ko\u015bcielnym aktorzy &#8211; przedstawiciele wszystkich so\u0142ectw naszej gminy odegrali sceny &#8220;Ostatniej Wieczerzy&#8221;, &#8220;Modlitwy Jezusa w Ogr\u00f3jcu&#8221;, &#8220;S\u0105du przed Pi\u0142atem&#8221;. Po wydaniu wyroku ukrzy\u017cowania Jezusa kolejne stacje Drogi Krzy\u017cowej odrywane by\u0142y w drodze &#8211; ulic\u0105 Ko\u015bcieln\u0105 i Parkow\u0105. Kulminacyjne sceny rozegra\u0142y si\u0119 w Zespole Pa\u0142acowo-Parkowym Si\u00f3str Franciszkanek. Rol\u0119 Golgoty spe\u0142ni\u0142 taras i schody Pa\u0142acu Szeptyckich. W tym roku na Golgocie pojawi\u0142y si\u0119 trzy krzy\u017ce, na kt\u00f3rych ukrzy\u017cowano dw\u00f3ch \u0142otr\u00f3w i Jezusa. W inscenizacji Misterium wzi\u0119\u0142o udzia\u0142 oko\u0142o czterdziestu aktor\u00f3w. Wielkie emocjonalne zaanga\u017cowanie. w odrywanie r\u00f3l wprowadzi\u0142o nast\u00f3j powagi, zadumy i wzruszenia. Na szczeg\u00f3ln\u0105 uwag\u0119 zas\u0142uguje mistrzowsko zagrana rola Jezusa ,przez ksi\u0119dza Mariusza Pastuszaka \u2013wikariusza parafii \u0141abunie. Scena z\u0142o\u017cenia martwego Jezusa w ramiona Matki oraz pie\u015b\u0144 &#8220;Lament Matki cz\u0142owieczej&#8221; poruszy\u0142y serca i wzruszy\u0142y uczestnik\u00f3w do \u0142ez.<\/p>\n<p>&nbsp;<\/p>\n<p style=\"text-align: justify;\">P\u0142on\u0105ce pochodnie w r\u0119kach stra\u017cak\u00f3w o\u015bwietlaj\u0105ce ukrzy\u017cowanego Jezusa, przepi\u0119kny, anielski \u015bpiew Si\u00f3str Franciszkanek pot\u0119gowa\u0142y prze\u017cycia duchowe bardzo licznie zebranych wiernych.<\/p>\n<p>&nbsp;<br \/>\n&nbsp;<\/p>\n<h3 style=\"text-align: center;\"><strong>MISTERIUM M\u0118KI PA\u0143SKIEJ 2018 r.<\/strong><br \/>\nObsada artystyczna<\/h3>\n<p>&nbsp;<\/p>\n<ul>\n<li>Jezus &#8211; ks. Mariusz Pastuszak<\/li>\n<li>\u015bw. Maryja &#8211; Halina Piskorz<\/li>\n<li>\u015bw. Weronika &#8211; Agnieszka G\u00f3rska<\/li>\n<li>Pi\u0142at &#8211; Andrzej Grula<\/li>\n<li>\u017cona Pi\u0142ata &#8211; Ewa Mulawa<\/li>\n<li>\u015bw. Magdalena &#8211; Danuta Wiater<\/li>\n<li>\u015bw. Szymon &#8211; Stanis\u0142aw Kycko<\/li>\n<li>Barabasz &#8211; Stanis\u0142aw Kycko<\/li>\n<li>\u0141otr- Kacper Halej<\/li>\n<li>\u0141otr &#8211; Kacper Kobieluch<\/li>\n<\/ul>\n<p>&nbsp;<\/p>\n<p><span style=\"text-decoration: underline;\"><strong>APOSTO\u0141OWIE<\/strong><\/span><\/p>\n<ul>\n<li>Aposto\u0142 &#8211; Mariusz Ga\u0142ek<\/li>\n<li>Aposto\u0142 (\u015bw. Piotr) &#8211; Artur Branecki<\/li>\n<li>Aposto\u0142 (Judasz) &#8211; Wies\u0142aw Zimerman<\/li>\n<li>Aposto\u0142 &#8211; Pawe\u0142 Mr\u00f3z<\/li>\n<li>Aposto\u0142 &#8211; Miros\u0142aw Wolski<\/li>\n<li>Aposto\u0142 &#8211; Zbigniew Soko\u0142owski<\/li>\n<li>Aposto\u0142 &#8211; Marek G\u00f3ra<\/li>\n<li>Aposto\u0142 &#8211; Pawe\u0142 Robak<\/li>\n<li>Aposto\u0142 (Jan) &#8211; Kacper Swatowski<\/li>\n<li>Aposto\u0142 &#8211; Mariusz S\u0142upski<\/li>\n<li>Aposto\u0142 &#8211; Antoni Soko\u0142owski<\/li>\n<li>Aposto\u0142 &#8211; Ryszard Siwiec<\/li>\n<\/ul>\n<p>&nbsp;<\/p>\n<p><span style=\"text-decoration: underline;\"><strong>NIEWIASTY<\/strong><\/span><\/p>\n<ul>\n<li>\u017bona Kleofasa &#8211; Zofia Kycko<\/li>\n<li>Niewiasta (kobieta w Ogrodzie Oliwnym) &#8211; Halina Wa\u0142aszyk<\/li>\n<li>Niewiasta p\u0142acz\u0105ca &#8211; Marzena Nowosad<\/li>\n<li>Niewiasta p\u0142acz\u0105ca &#8211; Wioleta Witkowska<\/li>\n<li>Osoba z t\u0142umu &#8211; Teresa Zwolan<\/li>\n<li>Niewiasta p\u0142acz\u0105ca &#8211; Dorota Szczepuch<\/li>\n<li>Niewiasta p\u0142acz\u0105ca &#8211; El\u017cbieta Ku\u017ama<\/li>\n<li>Niewiasta p\u0142acz\u0105ca &#8211; Anna Kapera<\/li>\n<li>Niewiasta p\u0142acz\u0105ca &#8211; Renata Helman<\/li>\n<\/ul>\n<p>&nbsp;<\/p>\n<p><span style=\"text-decoration: underline;\"><strong>\u017bO\u0141NIERZE<\/strong><\/span><\/p>\n<ul>\n<li>Setnik &#8211; Andrzej Kapera<\/li>\n<li>\u017co\u0142nierz &#8211; Bogus\u0142aw Szast<\/li>\n<li>\u017co\u0142nierz &#8211; Mariusz Halej<\/li>\n<li>\u017co\u0142nierz &#8211; Przemys\u0142aw Bryk<\/li>\n<li>\u017co\u0142nierz &#8211; Ryszard H\u0142obi\u0142<\/li>\n<li>\u017co\u0142nierz &#8211; Edwrd Bryk<\/li>\n<li>\u017co\u0142nierz &#8211; Rafa\u0142 Mazur<\/li>\n<li>\u017co\u0142nierz &#8211; Janusz Magdziak<\/li>\n<\/ul>\n<p>&nbsp;<\/p>\n<p><span style=\"text-decoration: underline;\"><strong>LEKTORZY<\/strong><\/span><\/p>\n<ul>\n<li>Lektor I &#8211; Piotr Witkowski<\/li>\n<li>Lektor II &#8211; Karol Niemczycki<\/li>\n<\/ul>\n<p>&nbsp;<\/p>\n<ul>\n<li>Nag\u0142o\u015bnienie: Miros\u0142aw Policha<\/li>\n<li>Oprawa muzyczna: Siostry Franciszkanki Misjonarki Maryi, organista Parafii \u0141abunie<\/li>\n<li>Przygotowanie: Golgoty: Adam Knia\u017a, Pawe\u0142 Paszt<\/li>\n<li>Zapewnienie bezpiecze\u0144stwa: OSP Gminy \u0141abunie, Policja<\/li>\n<\/ul>\n<p>&nbsp;<br \/>\n<a href=\"https:\/\/www.labunie.com.pl\/wp-content\/uploads\/2018\/03\/mist_18d.jpg\" data-rel=\"lightbox-gallery-HHHaD8LA\" data-rl_title=\"\" data-rl_caption=\"\" title=\"\"><img loading=\"lazy\" decoding=\"async\" class=\"size-full wp-image-8194 aligncenter\" src=\"https:\/\/www.labunie.com.pl\/wp-content\/uploads\/2018\/03\/mist_18m.jpg\" alt=\"\" width=\"630\" height=\"225\" srcset=\"https:\/\/www.labunie.com.pl\/wp-content\/uploads\/2018\/03\/mist_18m.jpg 630w, https:\/\/www.labunie.com.pl\/wp-content\/uploads\/2018\/03\/mist_18m-300x107.jpg 300w\" sizes=\"auto, (max-width: 630px) 100vw, 630px\" \/><\/a><br \/>\n&nbsp;<\/p>\n<p style=\"text-align: right;\"><em><span style=\"font-size: 8pt;\">Prezes<br \/>\nStowarzyszenia na Rzecz Rozwoju Gminy \u0141abunie<\/span><\/em><br \/>\n<em><span style=\"font-size: 8pt;\">Danuta Bosiak<\/span><\/em><\/p>\n<p>&nbsp;<\/p>\n<p style=\"text-align: right;\"><em><span style=\"font-size: 8pt;\">Wiceceprezes<br \/>\nStowarzyszenia na Rzecz Rozwoju Gminy \u0141abunie<\/span><\/em><br \/>\n<em><span style=\"font-size: 8pt;\">Halina Piskorz<\/span><\/em><\/p>\n<p>&nbsp;<br \/>\n[lg_folder folder=&#8221;20180323\/&#8221; count=&#8221;69&#8243; paging=&#8221;false&#8221;]<\/p>\n","protected":false},"excerpt":{"rendered":"<p>Ju\u017c po raz czwarty Stowarzyszenie na Rzecz Rozwoju Gminy \u0141abunie we wsp\u00f3\u0142pracy z Parafi\u0105 Rzymskokatolick\u0105 pw. Matki Bo\u017cej Szkaplerznej i Gmin\u0105 \u0141abunie zorganizowa\u0142o w dniu 23 marca 2018 r. Misterium Paschalne. W pi\u0105tkowy wiecz\u00f3r, msza \u015bwi\u0119ta w ko\u015bciele parafialnym w \u0141abuniach zgromadzi\u0142a wszystkich aktor\u00f3w Teatru Pasyjnego oraz wiernych pragn\u0105cych uczestniczy\u0107 w Drodze Krzy\u017cowej Jezusa.<\/p>\n","protected":false},"author":7,"featured_media":8177,"comment_status":"closed","ping_status":"closed","sticky":false,"template":"","format":"standard","meta":{"footnotes":""},"categories":[1],"tags":[],"class_list":["post-8175","post","type-post","status-publish","format-standard","has-post-thumbnail","hentry","category-wpisy","clearfix"],"_links":{"self":[{"href":"https:\/\/www.labunie.com.pl\/index.php?rest_route=\/wp\/v2\/posts\/8175","targetHints":{"allow":["GET"]}}],"collection":[{"href":"https:\/\/www.labunie.com.pl\/index.php?rest_route=\/wp\/v2\/posts"}],"about":[{"href":"https:\/\/www.labunie.com.pl\/index.php?rest_route=\/wp\/v2\/types\/post"}],"author":[{"embeddable":true,"href":"https:\/\/www.labunie.com.pl\/index.php?rest_route=\/wp\/v2\/users\/7"}],"replies":[{"embeddable":true,"href":"https:\/\/www.labunie.com.pl\/index.php?rest_route=%2Fwp%2Fv2%2Fcomments&post=8175"}],"version-history":[{"count":5,"href":"https:\/\/www.labunie.com.pl\/index.php?rest_route=\/wp\/v2\/posts\/8175\/revisions"}],"predecessor-version":[{"id":8197,"href":"https:\/\/www.labunie.com.pl\/index.php?rest_route=\/wp\/v2\/posts\/8175\/revisions\/8197"}],"wp:featuredmedia":[{"embeddable":true,"href":"https:\/\/www.labunie.com.pl\/index.php?rest_route=\/wp\/v2\/media\/8177"}],"wp:attachment":[{"href":"https:\/\/www.labunie.com.pl\/index.php?rest_route=%2Fwp%2Fv2%2Fmedia&parent=8175"}],"wp:term":[{"taxonomy":"category","embeddable":true,"href":"https:\/\/www.labunie.com.pl\/index.php?rest_route=%2Fwp%2Fv2%2Fcategories&post=8175"},{"taxonomy":"post_tag","embeddable":true,"href":"https:\/\/www.labunie.com.pl\/index.php?rest_route=%2Fwp%2Fv2%2Ftags&post=8175"}],"curies":[{"name":"wp","href":"https:\/\/api.w.org\/{rel}","templated":true}]}}