{"id":8140,"date":"2018-03-23T10:15:39","date_gmt":"2018-03-23T09:15:39","guid":{"rendered":"https:\/\/www.labunie.com.pl\/?p=8140"},"modified":"2018-03-23T10:15:39","modified_gmt":"2018-03-23T09:15:39","slug":"protokol-9-edycji-gminnego-konkursu-plastycznego-przed-wielkanoca-pod-patronatem-wojta-gminy-labunie","status":"publish","type":"post","link":"https:\/\/www.labunie.com.pl\/?p=8140","title":{"rendered":"Protok\u00f3\u0142 9. edycji Gminnego Konkursu Plastycznego \u201ePrzed Wielkanoc\u0105\u201d pod patronatem W\u00f3jta Gminy \u0141abunie"},"content":{"rendered":"<p><strong>21 marca 2018 roku komisja konkursowa w sk\u0142adzie Teresa Zwolan \u2013 Przewodnicz\u0105ca oraz cz\u0142onkowie &#8211; Henryka Wiater, Adam Knia\u017a i Agnieszka Piela \u2013 Sekretarz konkursu, dokona\u0142a oceny 268 prac zg\u0142oszonych na konkurs. Komisja ocenia\u0142a prace w trzech kategoriach: <em>Kartka \u015bwi\u0105teczna<\/em>, <em>Pisanka<\/em>, <em>Stroik<\/em>.<\/strong><\/p>\n<p><!--more--><br \/>\n&nbsp;<br \/>\n&nbsp;<br \/>\nKomisja nagrodzi\u0142a 68 prac w trzech kategoriach konkursowych. Z uwagi na g\u0142\u00f3wn\u0105 ide\u0119 konkursu, jak\u0105 jest wsparcie Lubelskiego Hospicjum dla Dzieci im. \u201eMa\u0142ego Ksi\u0119cia\u201d, Jury postanowi\u0142o przyzna\u0107 200 r\u00f3wnorz\u0119dnych wyr\u00f3\u017cnie\u0144, wyra\u017caj\u0105c jednocze\u015bnie nadziej\u0119, \u017ce tak liczny udzia\u0142 mieszka\u0144c\u00f3w gminy \u0141abunie wynika zar\u00f3wno z potrzeby prezentacji w\u0142asnych umiej\u0119tno\u015bci i talent\u00f3w, jak i z ch\u0119ci do\u0142o\u017cenia cegie\u0142ki do szczytnego celu, jaki przy\u015bwieca konkursowi. Organizatorzy dzi\u0119kuj\u0105 uczestnikom konkursu i wszystkim osobom uczniom, rodzicom i nauczycielom zaanga\u017cowanym w przygotowanie prac konkursowych.<br \/>\n&nbsp;<\/p>\n<h3 style=\"text-align: center;\"><strong>Nagrodzeni w kategorii <em>Kartka \u015bwi\u0105teczna<\/em><\/strong><br \/>\n(zg\u0142oszono 108 prac):<\/h3>\n<p>&nbsp;<br \/>\n<em><span style=\"text-decoration: underline;\">I miejsce:<\/span><\/em><\/p>\n<ul>\n<li><strong>Mr\u00f3z Natalia<\/strong> kl. 0 &#8211; SP \u0141abu\u0144ki Pierwsze,<\/li>\n<li><strong>Branecka Lena<\/strong> \u2013 PP \u0141abunie,<\/li>\n<li><strong>Bryk Julia<\/strong> \u2013 PP \u0141abunie,<\/li>\n<li><strong>Skiba Marlena<\/strong> kl. 0 \u2013 SP \u0141abu\u0144ki Pierwsze,<\/li>\n<li><strong>Soko\u0142owska Emilia<\/strong> kl. IV \u2013 SP \u0141abunie,<\/li>\n<\/ul>\n<p>&nbsp;<br \/>\n<em><span style=\"text-decoration: underline;\">II miejsce:<\/span><\/em><\/p>\n<ul>\n<li><strong>Pi\u0142at Marcel<\/strong> kl. I &#8211; SP \u0141abu\u0144ki Pierwsze,<\/li>\n<li><strong>Siwiec Lena<\/strong> kl. 0 &#8211; SP \u0141abu\u0144ki Pierwsze,<\/li>\n<li><strong>Lalik Jakub<\/strong> \u2013 PP \u0141abunie,<\/li>\n<li><strong>Gromek Lena<\/strong> kl. I \u2013 SP \u0141abunie,<\/li>\n<li><strong>Jastrz\u0119bska Maria<\/strong> kl. I \u2013 SP \u0141abunie,<\/li>\n<li><strong>Podpryga Wiktoria<\/strong> kl. I \u2013 SP \u0141abunie,<\/li>\n<\/ul>\n<p>&nbsp;<br \/>\n<em><span style=\"text-decoration: underline;\">III miejsce:<\/span><\/em><\/p>\n<ul>\n<li><strong>S\u0142upski Mi\u0142osz<\/strong> kl. 0 \u2013 SP \u0141abunie,<\/li>\n<li><strong>Wilkiewicz Wiktoria<\/strong> kl. IV &#8211; SP \u0141abu\u0144ki Pierwsze,<\/li>\n<li><strong>D\u0119bkowska Zuzanna<\/strong> kl. I \u2013 SP \u0141abunie,<\/li>\n<li><strong>Lupa Maja<\/strong> kl.0 \u2013 SP \u0141abunie,<\/li>\n<li><strong>Zubrzycka<\/strong> <strong>Anna<\/strong> kl. I \u2013 SP \u0141abunie,<\/li>\n<li><strong>Wolska Hania<\/strong> kl. 0 \u2013 SP \u0141abunie,<\/li>\n<li><strong>Marcel Greszta<\/strong> &#8211; SP \u0141abunie,<\/li>\n<\/ul>\n<p>&nbsp;<br \/>\n<em><span style=\"text-decoration: underline;\">I miejsce:<\/span> <\/em><\/p>\n<ul>\n<li><strong>Kostrubiec Justyna<\/strong> \u2013 Rusz\u00f3w.<\/li>\n<\/ul>\n<p>&nbsp;<br \/>\n&nbsp;<\/p>\n<h3 style=\"text-align: center;\"><strong>Nagrodzeni w kategorii <em>Pisanka<\/em><\/strong><br \/>\n(wp\u0142yn\u0119\u0142y 104 prace):<\/h3>\n<p><em><span style=\"text-decoration: underline;\"> I miejsce:<\/span><\/em><\/p>\n<ul>\n<li><strong>Ciuraszkiewicz<\/strong> <strong>Weronika<\/strong> kl. V &#8211; SP \u0141abu\u0144ki Pierwsze,<\/li>\n<li><strong>Krupa Amelia<\/strong> kl. II \u2013 SP \u0141abunie,<\/li>\n<li><strong>Smalcuga Natalia<\/strong> kl. II \u2013 SP \u0141abunie,<\/li>\n<li><strong>Tomasiak Aleksandra<\/strong> kl. V &#8211; SP \u0141abu\u0144ki Pierwsze,<\/li>\n<li><strong>Kulpa Pawe\u0142<\/strong> kl. VI &#8211; SP \u0141abu\u0144ki Pierwsze,<\/li>\n<li><strong>Rycak Daria<\/strong> kl. II \u2013 SP \u0141abunie,<\/li>\n<li><strong>Tymczuk Dawid <\/strong>klasa IV &#8211; SP \u0141abu\u0144ki Pierwsze,<\/li>\n<\/ul>\n<p>&nbsp;<br \/>\n<em><span style=\"text-decoration: underline;\">II miejsce:<\/span><\/em><\/p>\n<ul>\n<li><strong>Jastrz\u0119bska Ilona<\/strong> kl. IV \u2013 SP \u0141abunie,<\/li>\n<li><strong>Palonka Wiktoria<\/strong> kl. III &#8211; SP \u0141abu\u0144ki Pierwsze,<\/li>\n<li><strong>D\u0119bkowski Mi\u0142osz<\/strong> kl. III \u2013 SP \u0141abunie,<\/li>\n<li><strong>Sawka Emilia<\/strong> kl. VI &#8211; SP \u0141abu\u0144ki Pierwsze,<\/li>\n<li><strong>Mo\u0142doch Szymon<\/strong> kl. VI &#8211; SP \u0141abu\u0144ki Pierwsze,<\/li>\n<li><strong>Lalik Magdalena<\/strong> kl. IV \u2013 SP \u0141abunie,<\/li>\n<li><strong>Tymczuk Kacper<\/strong> kl. III &#8211; SP \u0141abu\u0144ki Pierwsze,<\/li>\n<li><strong>G\u00f3rska Amelia<\/strong> kl. II \u2013 SP \u0141abunie,<\/li>\n<\/ul>\n<p>&nbsp;<br \/>\n<em><span style=\"text-decoration: underline;\">III miejsce:<\/span><\/em><\/p>\n<ul>\n<li><strong>G\u00f3ra Anna<\/strong> kl. III &#8211; SP \u0141abu\u0144ki Pierwsze,<\/li>\n<li><strong>Rycak Patrycja<\/strong> kl. IV \u2013 SP \u0141abunie,<\/li>\n<li><strong>Helman Karolina<\/strong> kl. II \u2013 SP \u0141abunie,<\/li>\n<li><strong>Soko\u0142owska Patrycja<\/strong> kl. I \u2013 SP \u0141abunie,<\/li>\n<li><strong>Soko\u0142owski Dominik<\/strong> kl. I \u2013 SP \u0141abunie,<\/li>\n<li><strong>Jastrz\u0119bski Marcin<\/strong> kl. II \u2013 SP \u0141abunie,<\/li>\n<li><strong>Ho\u0142ys Oliwier<\/strong> kl. II \u2013 SP \u0141abunie,<\/li>\n<li><strong>Turczyn Weronika<\/strong> kl. III &#8211; SP \u0141abu\u0144ki Pierwsze,<\/li>\n<li><strong>Starszuk Bart\u0142omiej<\/strong> kl. III &#8211; SP \u0141abu\u0144ki Pierwsze,<\/li>\n<li><strong>\u017buk Oliwia<\/strong> kl. I \u2013 SP \u0141abunie,<\/li>\n<li><strong>Ma\u0142ys Julia<\/strong> kl. I \u2013 \u0141abunie,<\/li>\n<li><strong>Turczyn Lena<\/strong> kl. 0 &#8211; SP \u0141abu\u0144ki Pierwsze,<\/li>\n<\/ul>\n<p>&nbsp;<br \/>\n<em><span style=\"text-decoration: underline;\">I miejsce:<\/span> <\/em><\/p>\n<ul>\n<li><strong>Wiater Danuta<\/strong> \u2013 Rusz\u00f3w,<\/li>\n<li><strong>Swaczyna Anna<\/strong> \u2013 Rusz\u00f3w.<\/li>\n<\/ul>\n<p>&nbsp;<br \/>\n&nbsp;<\/p>\n<h3 style=\"text-align: center;\"><strong>Nagrodzeni w kategorii <em>Stroik<\/em><\/strong><br \/>\n(zg\u0142oszono 56 prac)<\/h3>\n<p><em><span style=\"text-decoration: underline;\">I miejsce:<\/span><\/em><\/p>\n<ul>\n<li><strong>Ga\u0142ek Krystian<\/strong> kl. V \u2013 SP \u0141abunie,<\/li>\n<li><strong>Py\u015b Paulina<\/strong> kl. V \u2013 SP \u0141abunie,<\/li>\n<li><strong>Pokrywka Dawid<\/strong> kl. I \u2013 SP \u0141abunie,<\/li>\n<li><strong>Chwedyk Emilia<\/strong> \u2013 PP \u0141abunie,<\/li>\n<li><strong>Szeremeta Wiktoria<\/strong> kl. IV \u2013 SP \u0141abunie,<\/li>\n<\/ul>\n<p>&nbsp;<br \/>\n<em><span style=\"text-decoration: underline;\">II miejsce:<\/span><\/em><\/p>\n<ul>\n<li><strong>Flak Amelia<\/strong> kl. III &#8211; SP \u0141abu\u0144ki Pierwsze,<\/li>\n<li><strong>Karchut Kinga<\/strong> kl. V \u2013 SP \u0141abunie,<\/li>\n<li><strong>\u015aliwi\u0144ska Milena<\/strong> kl. I \u2013 \u0141abunie,<\/li>\n<li><strong>Topolski Hubert<\/strong> kl. II \u2013 SP \u0141abunie,<\/li>\n<li><strong>Semczuk Kornelia<\/strong> \u2013 SP \u0141abu\u0144ki Pierwsze,<\/li>\n<li><strong>W\u00f3jcik Jakub<\/strong> kl. V \u2013 SP \u0141abunie,<\/li>\n<\/ul>\n<p>&nbsp;<br \/>\n<em><span style=\"text-decoration: underline;\">III miejsce:<\/span><\/em><\/p>\n<ul>\n<li><strong>Burdzy Patrycja<\/strong> kl. V &#8211; SP \u0141abu\u0144ki Pierwsze,<\/li>\n<li><strong>Rybicka Zuzanna<\/strong> \u2013 PP \u0141abu\u0144ki Pierwsze,<\/li>\n<li><strong>\u015aliwi\u0144ska Martyna<\/strong> kl. V \u2013 SP \u0141abunie,<\/li>\n<li><strong>Kowalczuk Miko\u0142aj<\/strong> &#8211; SP \u0141abu\u0144ki Pierwsze,<\/li>\n<li><strong>Michniak Katarzyna<\/strong> kl. V \u2013 SP \u0141abunie,<\/li>\n<\/ul>\n<p>&nbsp;<br \/>\n<em><span style=\"text-decoration: underline;\">I miejsce:<\/span><\/em><\/p>\n<ul>\n<li><strong>Murmyd\u0142owska Beata<\/strong> \u2013 Br\u00f3dek,<\/li>\n<\/ul>\n<p>&nbsp;<br \/>\n<em><span style=\"text-decoration: underline;\">II miejsce:<\/span><\/em><\/p>\n<ul>\n<li><strong>Synowiec Beata<\/strong> \u2013 \u0141abunie,<\/li>\n<\/ul>\n<p>&nbsp;<br \/>\n<em><span style=\"text-decoration: underline;\">III miejsce:<\/span><\/em><\/p>\n<ul>\n<li><strong>Byczek Stanis\u0142awa<\/strong> \u2013 \u0141abu\u0144ki Pierwsze,<\/li>\n<li><strong>Bo\u0107 Jadwiga<\/strong> \u2013 Rusz\u00f3w.<\/li>\n<\/ul>\n<p>&nbsp;<br \/>\n&nbsp;<br \/>\nWyr\u00f3\u017cniaj\u0105c wszystkich uczestnik\u00f3w komisja postanowi\u0142a podkre\u015bli\u0107 \u2013 nie tyle efektowno\u015b\u0107 prac, ile sam\u0105 warto\u015b\u0107 udzia\u0142u w konkursie, kt\u00f3ry z uwagi na charytatywny charakter wpisuje si\u0119 jednocze\u015bnie w \u0142abu\u0144skie Anio\u0142owo, czyli gminne obchody 10. rocznicy \u015bmierci Ireny Sendlerowej i 20. rocznicy \u015bmierci Zbigniewa Herberta.<br \/>\n&nbsp;<br \/>\nKomisja zauwa\u017ca niepokoj\u0105ce odchodzenie od tradycyjnego wymiaru \u015bwi\u0105t Wielkanocnych, szukaj\u0105c usprawiedliwienia w tytule konkursu \u201ePrzed Wielkanoc\u0105\u201d.<br \/>\n&nbsp;<br \/>\nPrace z\u0142o\u017cone na konkurs zgodnie z regulaminem przechodz\u0105 na w\u0142asno\u015b\u0107 organizatora i zostaj\u0105 przekazane na licytacj\u0119, kt\u00f3ra przeprowadzona zostanie w dniu wr\u0119czenia nagr\u00f3d. Upominki, kt\u00f3re nie zostan\u0105 odebrane w dniu konkursu \u2013 pozostaj\u0105 w dyspozycji organizator\u00f3w.<br \/>\n&nbsp;<br \/>\nWr\u0119czenie s\u0142odkich upomink\u00f3w odb\u0119dzie si\u0119 <strong>25 marca (niedziela) godz. 14.00<\/strong> w sali konferencyjnej Domu Kultury ul. Parkowa 9 w \u0141abuniach.<br \/>\n&nbsp;<\/p>\n<p style=\"text-align: center;\"><em><strong>Zach\u0119camy i zapraszamy!<\/strong><\/em><\/p>\n<p>&nbsp;<br \/>\n<div id='pe-gallery-1' class='pe-gallery pe-gallery-8140 columns-4 img-size-medium'><div class='pe-row'><div class='col-md-3'><figure tabindex='0' class='pe-gallery-item ' ><div class='pe-gallery-image portrait'>\n\t\t\t\t\t\t\t<a href=\"https:\/\/www.labunie.com.pl\/wp-content\/uploads\/2018\/03\/0001-3.jpg\" data-rel=\"lightbox-gallery-gSnlNaBK\" data-rl_title=\"\" data-rl_caption=\"\" title=\"\"><img loading=\"lazy\" decoding=\"async\" width=\"225\" height=\"300\" src=\"https:\/\/www.labunie.com.pl\/wp-content\/uploads\/2018\/03\/0001-3-225x300.jpg\" class=\"attachment-medium size-medium\" alt=\"0001 3\" data-no-retina=\"\" aria-describedby=\"gallery-1-8144\" srcset=\"https:\/\/www.labunie.com.pl\/wp-content\/uploads\/2018\/03\/0001-3-225x300.jpg 225w, https:\/\/www.labunie.com.pl\/wp-content\/uploads\/2018\/03\/0001-3-768x1024.jpg 768w, https:\/\/www.labunie.com.pl\/wp-content\/uploads\/2018\/03\/0001-3.jpg 1500w\" sizes=\"auto, (max-width: 225px) 100vw, 225px\" \/><\/a>\n\t\t\t\t\t\t<\/div><figcaption class='wp-caption-text pe-gallery-caption'>\n\t\t\t\t\t\t\t\t0001 3\n\t\t\t\t\t\t\t<\/figcaption><\/figure><\/div><div class='col-md-3'><figure tabindex='0' class='pe-gallery-item ' ><div class='pe-gallery-image landscape'>\n\t\t\t\t\t\t\t<a href=\"https:\/\/www.labunie.com.pl\/wp-content\/uploads\/2018\/03\/0002-3.jpg\" data-rel=\"lightbox-gallery-gSnlNaBK\" data-rl_title=\"\" data-rl_caption=\"\" title=\"\"><img loading=\"lazy\" decoding=\"async\" width=\"300\" height=\"225\" src=\"https:\/\/www.labunie.com.pl\/wp-content\/uploads\/2018\/03\/0002-3-300x225.jpg\" class=\"attachment-medium size-medium\" alt=\"0002 3\" data-no-retina=\"\" aria-describedby=\"gallery-1-8145\" srcset=\"https:\/\/www.labunie.com.pl\/wp-content\/uploads\/2018\/03\/0002-3-300x225.jpg 300w, https:\/\/www.labunie.com.pl\/wp-content\/uploads\/2018\/03\/0002-3-768x576.jpg 768w, https:\/\/www.labunie.com.pl\/wp-content\/uploads\/2018\/03\/0002-3-1024x768.jpg 1024w, https:\/\/www.labunie.com.pl\/wp-content\/uploads\/2018\/03\/0002-3.jpg 2000w\" sizes=\"auto, (max-width: 300px) 100vw, 300px\" \/><\/a>\n\t\t\t\t\t\t<\/div><figcaption class='wp-caption-text pe-gallery-caption'>\n\t\t\t\t\t\t\t\t0002 3\n\t\t\t\t\t\t\t<\/figcaption><\/figure><\/div><div class='col-md-3'><figure tabindex='0' class='pe-gallery-item ' ><div class='pe-gallery-image landscape'>\n\t\t\t\t\t\t\t<a href=\"https:\/\/www.labunie.com.pl\/wp-content\/uploads\/2018\/03\/0003-3.jpg\" data-rel=\"lightbox-gallery-gSnlNaBK\" data-rl_title=\"\" data-rl_caption=\"\" title=\"\"><img loading=\"lazy\" decoding=\"async\" width=\"300\" height=\"225\" src=\"https:\/\/www.labunie.com.pl\/wp-content\/uploads\/2018\/03\/0003-3-300x225.jpg\" class=\"attachment-medium size-medium\" alt=\"0003 3\" data-no-retina=\"\" aria-describedby=\"gallery-1-8146\" srcset=\"https:\/\/www.labunie.com.pl\/wp-content\/uploads\/2018\/03\/0003-3-300x225.jpg 300w, https:\/\/www.labunie.com.pl\/wp-content\/uploads\/2018\/03\/0003-3-768x576.jpg 768w, https:\/\/www.labunie.com.pl\/wp-content\/uploads\/2018\/03\/0003-3-1024x768.jpg 1024w, https:\/\/www.labunie.com.pl\/wp-content\/uploads\/2018\/03\/0003-3.jpg 2000w\" sizes=\"auto, (max-width: 300px) 100vw, 300px\" \/><\/a>\n\t\t\t\t\t\t<\/div><figcaption class='wp-caption-text pe-gallery-caption'>\n\t\t\t\t\t\t\t\t0003 3\n\t\t\t\t\t\t\t<\/figcaption><\/figure><\/div><div class='col-md-3'><figure tabindex='0' class='pe-gallery-item ' ><div class='pe-gallery-image portrait'>\n\t\t\t\t\t\t\t<a href=\"https:\/\/www.labunie.com.pl\/wp-content\/uploads\/2018\/03\/0004-3.jpg\" data-rel=\"lightbox-gallery-gSnlNaBK\" data-rl_title=\"\" data-rl_caption=\"\" title=\"\"><img loading=\"lazy\" decoding=\"async\" width=\"225\" height=\"300\" src=\"https:\/\/www.labunie.com.pl\/wp-content\/uploads\/2018\/03\/0004-3-225x300.jpg\" class=\"attachment-medium size-medium\" alt=\"0004 3\" data-no-retina=\"\" aria-describedby=\"gallery-1-8147\" srcset=\"https:\/\/www.labunie.com.pl\/wp-content\/uploads\/2018\/03\/0004-3-225x300.jpg 225w, https:\/\/www.labunie.com.pl\/wp-content\/uploads\/2018\/03\/0004-3-768x1024.jpg 768w, https:\/\/www.labunie.com.pl\/wp-content\/uploads\/2018\/03\/0004-3.jpg 1500w\" sizes=\"auto, (max-width: 225px) 100vw, 225px\" \/><\/a>\n\t\t\t\t\t\t<\/div><figcaption class='wp-caption-text pe-gallery-caption'>\n\t\t\t\t\t\t\t\t0004 3\n\t\t\t\t\t\t\t<\/figcaption><\/figure><\/div><\/div><\/div>\n<\/p>\n","protected":false},"excerpt":{"rendered":"<p>21 marca 2018 roku komisja konkursowa w sk\u0142adzie Teresa Zwolan \u2013 Przewodnicz\u0105ca oraz cz\u0142onkowie &#8211; Henryka Wiater, Adam Knia\u017a i Agnieszka Piela \u2013 Sekretarz konkursu, dokona\u0142a oceny 268 prac zg\u0142oszonych na konkurs. Komisja ocenia\u0142a prace w trzech kategoriach: Kartka \u015bwi\u0105teczna, Pisanka, Stroik.<\/p>\n","protected":false},"author":7,"featured_media":7805,"comment_status":"closed","ping_status":"closed","sticky":false,"template":"","format":"standard","meta":{"footnotes":""},"categories":[1],"tags":[],"class_list":["post-8140","post","type-post","status-publish","format-standard","has-post-thumbnail","hentry","category-wpisy","clearfix"],"_links":{"self":[{"href":"https:\/\/www.labunie.com.pl\/index.php?rest_route=\/wp\/v2\/posts\/8140","targetHints":{"allow":["GET"]}}],"collection":[{"href":"https:\/\/www.labunie.com.pl\/index.php?rest_route=\/wp\/v2\/posts"}],"about":[{"href":"https:\/\/www.labunie.com.pl\/index.php?rest_route=\/wp\/v2\/types\/post"}],"author":[{"embeddable":true,"href":"https:\/\/www.labunie.com.pl\/index.php?rest_route=\/wp\/v2\/users\/7"}],"replies":[{"embeddable":true,"href":"https:\/\/www.labunie.com.pl\/index.php?rest_route=%2Fwp%2Fv2%2Fcomments&post=8140"}],"version-history":[{"count":5,"href":"https:\/\/www.labunie.com.pl\/index.php?rest_route=\/wp\/v2\/posts\/8140\/revisions"}],"predecessor-version":[{"id":8152,"href":"https:\/\/www.labunie.com.pl\/index.php?rest_route=\/wp\/v2\/posts\/8140\/revisions\/8152"}],"wp:featuredmedia":[{"embeddable":true,"href":"https:\/\/www.labunie.com.pl\/index.php?rest_route=\/wp\/v2\/media\/7805"}],"wp:attachment":[{"href":"https:\/\/www.labunie.com.pl\/index.php?rest_route=%2Fwp%2Fv2%2Fmedia&parent=8140"}],"wp:term":[{"taxonomy":"category","embeddable":true,"href":"https:\/\/www.labunie.com.pl\/index.php?rest_route=%2Fwp%2Fv2%2Fcategories&post=8140"},{"taxonomy":"post_tag","embeddable":true,"href":"https:\/\/www.labunie.com.pl\/index.php?rest_route=%2Fwp%2Fv2%2Ftags&post=8140"}],"curies":[{"name":"wp","href":"https:\/\/api.w.org\/{rel}","templated":true}]}}