{"id":8095,"date":"2018-02-21T16:17:39","date_gmt":"2018-02-21T15:17:39","guid":{"rendered":"https:\/\/www.labunie.com.pl\/?p=8095"},"modified":"2018-03-21T16:27:01","modified_gmt":"2018-03-21T15:27:01","slug":"informacja-o-zasadach-dokonywania-zgloszen-kandydatow-na-funkcje-urzednikow-wyborczych-na-terenie-dzialalnosci-delegatury-kbw-w-zamosciu","status":"publish","type":"post","link":"https:\/\/www.labunie.com.pl\/?p=8095","title":{"rendered":"Informacja o zasadach dokonywania zg\u0142osze\u0144 kandydat\u00f3w na funkcj\u0119 urz\u0119dnik\u00f3w wyborczych na terenie dzia\u0142alno\u015bci Delegatury KBW w Zamo\u015bciu"},"content":{"rendered":"<p><strong>Z dniem 19 lutego 2018 r., wesz\u0142a w \u017cycie uchwa\u0142a Pa\u0144stwowej Komisji Wyborczej w sprawie okre\u015blenia liczby, trybu i warunk\u00f3w powo\u0142ywania urz\u0119dnik\u00f3w wyborczych. W zwi\u0105zku z powy\u017cszym Delegatura Krajowego Biura Wyborczego w Zamo\u015bciu informuj\u0119 o zasadach naboru kandydat\u00f3w na urz\u0119dnik\u00f3w wyborczych na terenie Miasta Zamo\u015b\u0107, Powiatu Bi\u0142gorajskiego, Powiatu Hrubieszowskiego, Powiatu Tomaszowskiego oraz Powiatu Zamojskiego.<\/strong><br \/>\n<!--more--><\/p>\n<p>&nbsp;<br \/>\nUrz\u0119dnik wyborczy jest powo\u0142ywany przez Szefa Krajowego Biura Wyborczego w danej gminie na okres 6 lat. Wykonuje swoje zadania od dnia zarz\u0105dzenia w\u0142a\u015bciwych wybor\u00f3w do dnia rozstrzygni\u0119cia protest\u00f3w wyborczych oraz w innych sytuacjach, gdy jest to konieczne.<br \/>\n&nbsp;<br \/>\nKandydaci do pe\u0142nienia funkcji urz\u0119dnika wyborczego musz\u0105 spe\u0142nia\u0107 nast\u0119puj\u0105ce kryteria:<\/p>\n<ul>\n<li>posiada\u0107 wykszta\u0142cenie wy\u017csze;<\/li>\n<li>nie mog\u0105 by\u0107 kandydatami w wyborach w okr\u0119gu, w sk\u0142ad kt\u00f3rego wchodzi gmina w\u0142a\u015bciwa dla obszaru dzia\u0142ania urz\u0119dnika wyborczego, komisarzem wyborczym, pe\u0142nomocnikiem wyborczym, pe\u0142nomocnikiem finansowym, m\u0119\u017cem zaufania lub cz\u0142onkiem komisji wyborczej;<\/li>\n<li>nie mog\u0105 wykonywa\u0107 swojej funkcji w gminie, na obszarze kt\u00f3rej ma miejsce ich zatrudnienie;<\/li>\n<li>nie mog\u0105 by\u0107 uj\u0119ci w sta\u0142ym rejestrze wyborc\u00f3w obj\u0119tym zakresem ich dzia\u0142ania. Powy\u017cszy warunek, nie dotyczy miast na prawach powiatu;<\/li>\n<li>nie mog\u0105 by\u0107 cz\u0142onkami partii politycznych ani prowadzi\u0107 dzia\u0142alno\u015bci publicznej niedaj\u0105cej si\u0119 pogodzi\u0107 z pe\u0142nion\u0105 funkcj\u0105;<\/li>\n<li>nie mog\u0105 by\u0107 skazanymi prawomocnym wyrokiem za przest\u0119pstwo umy\u015blne \u015bcigane z oskar\u017cenia publicznego lub umy\u015blne przest\u0119pstwo skarbowe;<\/li>\n<li>musz\u0105 pracowa\u0107 w organach administracji rz\u0105dowej, samorz\u0105dowej lub jednostkach im podleg\u0142ych lub przez nie nadzorowanych.<\/li>\n<\/ul>\n<p>&nbsp;<br \/>\nZg\u0142oszenie nale\u017cy przes\u0142a\u0107 za po\u015brednictwem plac\u00f3wki pocztowej lub dostarczy\u0107 osobi\u015bcie <span style=\"text-decoration: underline;\"><strong>w godzinach urz\u0119dowania do dnia 13 marca 2018 r.<\/strong><\/span>, na adres:<br \/>\n&nbsp;<\/p>\n<p style=\"padding-left: 30px;\"><strong>Delegatura Krajowego Biura Wyborczego w Zamo\u015bciu<\/strong><br \/>\n<strong>ul. Partyzant\u00f3w 3, pok. 230<\/strong><br \/>\n<strong>22-400 Zamo\u015b\u0107<\/strong><\/p>\n<p>&nbsp;<br \/>\nZg\u0142oszenie powinno zawiera\u0107:<\/p>\n<ul>\n<li>wype\u0142niony kwestionariusz zg\u0142oszeniowy kandydata na urz\u0119dnika wyborczego<br \/>\n(Za\u0142\u0105cznik do uchwa\u0142y Pa\u0144stwowej Komisji Wyborczej z dnia 19 lutego 2018 r. w sprawie okre\u015blenia liczby, trybu i warunk\u00f3w powo\u0142ywania urz\u0119dnik\u00f3w wyborczych.)<\/li>\n<li>kopi\u0119 dokumentu potwierdzaj\u0105cego posiadanie wykszta\u0142cenia wy\u017cszego.<\/li>\n<\/ul>\n<p>Nie b\u0119d\u0105 rozpatrywane zg\u0142oszenia, kt\u00f3re nie b\u0119d\u0119 spe\u0142nia\u0142y podanych powy\u017cej wymog\u00f3w i dostarczone po wyznaczonym terminie (decyduje data wp\u0142ywu zg\u0142oszenia do Delegatury).<br \/>\n&nbsp;<br \/>\nDodatkowe informacj\u0119 na temat naboru mo\u017cna uzyska\u0107 na stronie: <strong>http:\/\/zamosc.kbw.gov.pl\/<\/strong> oraz pod numerem telefonu: 84 638 47 03. Pe\u0142en opis rekrutacji zawiera Uchwa\u0142a Pa\u0144stwowej Komisji Wyborczej z dnia 19 lutego 2018 r. w sprawie okre\u015blania liczby, trybu i warunk\u00f3w powo\u0142ywania urz\u0119dnik\u00f3w wyborczych.<br \/>\n&nbsp;<\/p>\n<p style=\"text-align: right;\"><em>Dyrektor Delegatury KBW<\/em><br \/>\n<em>w Zamo\u015bciu<\/em><br \/>\n<em>Anna Chrzan<\/em><\/p>\n<p>&nbsp;<\/p>\n<table style=\"width: 600px;\">\n<tbody>\n<tr>\n<td style=\"width: 10px;\"><a href=\"https:\/\/www.labunie.com.pl\/wp-content\/uploads\/2018\/02\/Wyci\u0105g-z-Kodeksu-Wyborczego-dotycz\u0105cego-Korpusu-Urz\u0119dnik\u00f3w-Wyborczych.pdf\"><img loading=\"lazy\" decoding=\"async\" class=\"alignright size-full wp-image-1477\" src=\"https:\/\/www.labunie.com.pl\/wp-content\/uploads\/2015\/07\/pdf.png\" alt=\"\" width=\"50\" height=\"50\" \/><\/a><\/td>\n<td style=\"width: 401px;\"><a href=\"https:\/\/www.labunie.com.pl\/wp-content\/uploads\/2018\/02\/Wyci\u0105g-z-Kodeksu-Wyborczego-dotycz\u0105cego-Korpusu-Urz\u0119dnik\u00f3w-Wyborczych.pdf\">Wyci\u0105g z Kodeksu Wyborczego dotycz\u0105cego Korpusu Urz\u0119dnik\u00f3w Wyborczych<\/a><\/td>\n<\/tr>\n<tr>\n<td style=\"width: 10px;\"><a href=\"https:\/\/www.labunie.com.pl\/wp-content\/uploads\/2018\/02\/Urz\u0119dnik-Wyborczy-zg\u0142oszenie.pdf\"><img loading=\"lazy\" decoding=\"async\" class=\"alignright size-full wp-image-1477\" src=\"https:\/\/www.labunie.com.pl\/wp-content\/uploads\/2015\/07\/pdf.png\" alt=\"\" width=\"50\" height=\"50\" \/><\/a><\/td>\n<td style=\"width: 401px;\"><a href=\"https:\/\/www.labunie.com.pl\/wp-content\/uploads\/2018\/02\/Urz\u0119dnik-Wyborczy-zg\u0142oszenie.pdf\">Wz\u00f3r zg\u0142oszenia kandydata na urz\u0119dnika wyborczego<\/a><\/td>\n<\/tr>\n<tr>\n<td style=\"width: 10px;\"><a href=\"https:\/\/www.labunie.com.pl\/wp-content\/uploads\/2018\/02\/Wz\u00f3r-zg\u0142oszenia-urz\u0119dnika-wyborczego-1.doc\"><img loading=\"lazy\" decoding=\"async\" class=\"alignright size-full wp-image-1484\" src=\"https:\/\/www.labunie.com.pl\/wp-content\/uploads\/2015\/07\/doc1.png\" alt=\"\" width=\"50\" height=\"50\" \/><\/a><\/td>\n<td style=\"width: 10px;\"><a href=\"https:\/\/www.labunie.com.pl\/wp-content\/uploads\/2018\/02\/Wz\u00f3r-zg\u0142oszenia-urz\u0119dnika-wyborczego-1.doc\">Wz\u00f3r zg\u0142oszenia kandydata na urz\u0119dnika wyborczego &#8211; wersja do edycji<\/a><\/td>\n<\/tr>\n<\/tbody>\n<\/table>\n<p>&nbsp;<\/p>\n","protected":false},"excerpt":{"rendered":"<p>Z dniem 19 lutego 2018 r., wesz\u0142a w \u017cycie uchwa\u0142a Pa\u0144stwowej Komisji Wyborczej w sprawie okre\u015blenia liczby, trybu i warunk\u00f3w powo\u0142ywania urz\u0119dnik\u00f3w wyborczych. W zwi\u0105zku z powy\u017cszym Delegatura Krajowego Biura Wyborczego w Zamo\u015bciu informuj\u0119 o zasadach naboru kandydat\u00f3w na urz\u0119dnik\u00f3w wyborczych na terenie Miasta Zamo\u015b\u0107, Powiatu Bi\u0142gorajskiego, Powiatu Hrubieszowskiego, Powiatu Tomaszowskiego oraz Powiatu Zamojskiego.<\/p>\n","protected":false},"author":7,"featured_media":1161,"comment_status":"closed","ping_status":"closed","sticky":false,"template":"","format":"standard","meta":{"footnotes":""},"categories":[1],"tags":[],"class_list":["post-8095","post","type-post","status-publish","format-standard","has-post-thumbnail","hentry","category-wpisy","clearfix"],"_links":{"self":[{"href":"https:\/\/www.labunie.com.pl\/index.php?rest_route=\/wp\/v2\/posts\/8095","targetHints":{"allow":["GET"]}}],"collection":[{"href":"https:\/\/www.labunie.com.pl\/index.php?rest_route=\/wp\/v2\/posts"}],"about":[{"href":"https:\/\/www.labunie.com.pl\/index.php?rest_route=\/wp\/v2\/types\/post"}],"author":[{"embeddable":true,"href":"https:\/\/www.labunie.com.pl\/index.php?rest_route=\/wp\/v2\/users\/7"}],"replies":[{"embeddable":true,"href":"https:\/\/www.labunie.com.pl\/index.php?rest_route=%2Fwp%2Fv2%2Fcomments&post=8095"}],"version-history":[{"count":2,"href":"https:\/\/www.labunie.com.pl\/index.php?rest_route=\/wp\/v2\/posts\/8095\/revisions"}],"predecessor-version":[{"id":8102,"href":"https:\/\/www.labunie.com.pl\/index.php?rest_route=\/wp\/v2\/posts\/8095\/revisions\/8102"}],"wp:featuredmedia":[{"embeddable":true,"href":"https:\/\/www.labunie.com.pl\/index.php?rest_route=\/wp\/v2\/media\/1161"}],"wp:attachment":[{"href":"https:\/\/www.labunie.com.pl\/index.php?rest_route=%2Fwp%2Fv2%2Fmedia&parent=8095"}],"wp:term":[{"taxonomy":"category","embeddable":true,"href":"https:\/\/www.labunie.com.pl\/index.php?rest_route=%2Fwp%2Fv2%2Fcategories&post=8095"},{"taxonomy":"post_tag","embeddable":true,"href":"https:\/\/www.labunie.com.pl\/index.php?rest_route=%2Fwp%2Fv2%2Ftags&post=8095"}],"curies":[{"name":"wp","href":"https:\/\/api.w.org\/{rel}","templated":true}]}}