{"id":8057,"date":"2018-03-19T07:36:23","date_gmt":"2018-03-19T06:36:23","guid":{"rendered":"https:\/\/www.labunie.com.pl\/?p=8057"},"modified":"2018-03-20T07:59:53","modified_gmt":"2018-03-20T06:59:53","slug":"osrodek-wsparcia-ekonomii-spolecznej-w-subregionie-chelmsko-zamojskim-projekt","status":"publish","type":"post","link":"https:\/\/www.labunie.com.pl\/?p=8057","title":{"rendered":"O\u015brodek Wsparcia Ekonomii Spo\u0142ecznej w Subregionie Che\u0142msko-Zamojskim &#8211; projekt"},"content":{"rendered":"<p><strong>Fundacja Rozwoju Lubelszczyzny w partnerstwie z Grup\u0105 Medialna ITM Sp. z o.o. realizuje projekt \u201eO\u015brodek Wsparcia Ekonomii Spo\u0142ecznej w Subregionie Che\u0142msko-Zamojskim\u201d z Dzia\u0142ania 11.3 Ekonomia spo\u0142eczna, wsp\u00f3\u0142finansowanego ze \u015brodk\u00f3w Europejskiego Funduszu Spo\u0142ecznego w ramach Regionalnego Programu Operacyjnego Wojew\u00f3dztwa Lubelskiego na lata 2014-2020.<\/strong><\/p>\n<p><!--more--><br \/>\n&nbsp;<br \/>\n<img loading=\"lazy\" decoding=\"async\" class=\"alignright size-full wp-image-8064\" src=\"https:\/\/www.labunie.com.pl\/wp-content\/uploads\/2018\/03\/projekt_ch-zm.jpg\" alt=\"\" width=\"630\" height=\"66\" srcset=\"https:\/\/www.labunie.com.pl\/wp-content\/uploads\/2018\/03\/projekt_ch-zm.jpg 630w, https:\/\/www.labunie.com.pl\/wp-content\/uploads\/2018\/03\/projekt_ch-zm-300x31.jpg 300w\" sizes=\"auto, (max-width: 630px) 100vw, 630px\" \/><br \/>\n&nbsp;<br \/>\nCelem projektu jest rozw\u00f3j potencja\u0142u sektora Ekonomii Spo\u0142ecznej w okresie 01.10.2017\u201330.09.2020r. w zakresie generowania miejsc pracy w Przedsi\u0119biorstwach Spo\u0142ecznych.<br \/>\n&nbsp;<br \/>\n<strong>Wszystkie oferowane dzia\u0142ania w projekcie s\u0105 bezp\u0142atne i realizowane zgodnie ze Standardami OWES.<\/strong><br \/>\n&nbsp;<br \/>\n<strong>W ramach dzia\u0142a\u0144 oferujemy:<\/strong><\/p>\n<ul>\n<li><strong>INFORMACJ\u0118<\/strong> o ekonomii spo\u0142ecznej i dzia\u0142aniach projektu.<\/li>\n<li><strong>PROMOCJ\u0118<\/strong> us\u0142ug \u015bwiadczonych przez podmioty ekonomii spo\u0142ecznej i przedsi\u0119biorstwa spo\u0142eczne.<\/li>\n<li><strong>US\u0141UGI<\/strong> <strong>ANIMACYJNE<\/strong> &#8211; wsparcie grup formalnych i nieformalnych, organizacji, \u015brodowisk w zakresie o\u017cywienia dzia\u0142a\u0144, tworzenia podmiot\u00f3w lub przedsi\u0119biorstw, zawi\u0105zywania partnerstw, pozyskiwania rozwi\u0105za\u0144 i funduszy na rozw\u00f3j \u015brodowiska itd. Uczestnictwo w spotkaniach animacyjnych mi\u0119dzybran\u017cowych i korporacyjnych, wyjazdowych warsztatach animacyjnych w najlepszych przedsi\u0119biorstwach spo\u0142ecznych w kraju.<\/li>\n<li><strong>SZKOLENIA<\/strong> dotycz\u0105ce procesu zak\u0142adania organizacji\/przedsi\u0119biorstwa spo\u0142ecznego, funkcjonowania i problem\u00f3w zwi\u0105zanych z ich funkcjonowaniem, przygotowania biznesplanu i dokumentacji niezb\u0119dnej do za\u0142o\u017cenia.<\/li>\n<li><strong>DORADZTWO<\/strong> na temat zak\u0142adania organizacji i przedsi\u0119biorstwa spo\u0142ecznego.<\/li>\n<li><strong>DOTACJ\u0118<\/strong> <strong>bezzwrotn\u0105<\/strong> na zak\u0142adanie sp\u00f3\u0142dzielni socjalnej w wysoko\u015bci <strong>do 24 000 z\u0142 na osob\u0119<\/strong> lub miejsce pracy wraz ze <strong>wsparciem pomostowym do 1200 z\u0142 przez pierwsze 6 miesi\u0119cy oraz do 800 z\u0142 przez kolejne 6 miesi\u0119cy<\/strong>. <strong>BON SZKOLENIOWY<\/strong> dla zatrudnionych pracownik\u00f3w przedsi\u0119biorstwa <strong>do warto\u015bci 3500 z\u0142 na osob\u0119<\/strong>.<\/li>\n<li><strong>DORADZTWO<\/strong> w prowadzeniu przedsi\u0119biorstwa spo\u0142ecznego w tym doradztwo prawne, ksi\u0119gowo-rachunkowe, marketingowe, osobowe. Doradztwo do\u015bwiadczonych ekspert\u00f3w z zakresu problem\u00f3w codziennego funkcjonowania organizacji czy przedsi\u0119biorstwa.<\/li>\n<li><strong>REFUNDACJA NA DOPOSA\u017bENIE LUB WYPOSA\u017bENIE<\/strong> stanowiska pracy w dzia\u0142aj\u0105cych przedsi\u0119biorstwach spo\u0142ecznych <strong>do 24 000 z\u0142<\/strong> <strong>na osob\u0119<\/strong>, po\u0142\u0105czone z subsydiowanym zatrudnieniem przez 12 miesi\u0119cy <strong>w wysoko\u015bci 1 000 z\u0142 na miesi\u0105c<\/strong>.<\/li>\n<li><strong>WSPARCIE INKUBATORA PRZEDSI\u0118BIORCZO\u015aCI SPO\u0141ECZNEJ<\/strong> w tym: sprz\u0119towe, kadrowe, doradcze itp. Dla organizacji kt\u00f3re zechc\u0105 si\u0119 ekonomizowa\u0107 (podj\u0119cie dzia\u0142alno\u015bci nieodp\u0142atnej, odp\u0142atnej po\u017cytku publicznego, podj\u0119cie dzia\u0142alno\u015bci gospodarczej), <strong>PAKIET US\u0141UG ROZWOJOWYCH O WARTO\u015aCI do 5000 z\u0142.<\/strong><\/li>\n<\/ul>\n<p>&nbsp;<br \/>\nMo\u017cliwo\u015b\u0107 korzystania przez przedsi\u0119biorstwa spo\u0142eczne i podmioty ekonomii spo\u0142ecznej ze wsparcia <strong>ZWROTNYCH INSTRUMENT\u00d3W FINANSOWYCH \u2013 PO\u017bYCZEK.<\/strong><br \/>\n&nbsp;<br \/>\n&nbsp;<br \/>\n<strong>ZG\u0141O\u015a SI\u0118 DO NASZEGO BIURA OWES:<\/strong><br \/>\n&nbsp;<\/p>\n<table style=\"width: 630px;\">\n<tbody>\n<tr>\n<td><strong>W CHE\u0141MIE<\/strong><\/p>\n<p><strong>Plac Niepodleg\u0142o\u015bci 1, pok. <\/strong><\/p>\n<p><strong>46; 21-200 Che\u0142m<\/strong><\/p>\n<p><strong>tel. 82 563 24 29<\/strong><\/td>\n<td><\/td>\n<td><strong>W ZAMO\u015aCIU<\/strong><\/p>\n<p><strong>ul. Pereca 2, pok. 7, 8, 9; <\/strong><\/p>\n<p><strong>22-400 Zamo\u015b\u0107<\/strong><\/p>\n<p><strong>tel. 84 627 11 81, 84 627 11 91<\/strong><\/td>\n<\/tr>\n<\/tbody>\n<\/table>\n<p>&nbsp;<br \/>\n&nbsp;<br \/>\n<img loading=\"lazy\" decoding=\"async\" class=\"alignright size-full wp-image-6739\" src=\"https:\/\/www.labunie.com.pl\/wp-content\/uploads\/2017\/09\/fe-lub-ue.png\" alt=\"\" width=\"630\" height=\"71\" srcset=\"https:\/\/www.labunie.com.pl\/wp-content\/uploads\/2017\/09\/fe-lub-ue.png 630w, https:\/\/www.labunie.com.pl\/wp-content\/uploads\/2017\/09\/fe-lub-ue-300x34.png 300w\" sizes=\"auto, (max-width: 630px) 100vw, 630px\" \/><\/p>\n<p style=\"text-align: center;\"><span style=\"font-family: arial,helvetica,sans-serif; font-size: 8pt;\">Projekt wsp\u00f3\u0142finansowany ze \u015brodk\u00f3w Unii Europejskiej w ramach Europejskiego Funduszu Spo\u0142ecznego<\/span><\/p>\n","protected":false},"excerpt":{"rendered":"<p>Fundacja Rozwoju Lubelszczyzny w partnerstwie z Grup\u0105 Medialna ITM Sp. z o.o. realizuje projekt \u201eO\u015brodek Wsparcia Ekonomii Spo\u0142ecznej w Subregionie Che\u0142msko-Zamojskim\u201d z Dzia\u0142ania 11.3 Ekonomia spo\u0142eczna, wsp\u00f3\u0142finansowanego ze \u015brodk\u00f3w Europejskiego Funduszu Spo\u0142ecznego w ramach Regionalnego Programu Operacyjnego Wojew\u00f3dztwa Lubelskiego na lata 2014-2020.<\/p>\n","protected":false},"author":7,"featured_media":8058,"comment_status":"closed","ping_status":"closed","sticky":false,"template":"","format":"standard","meta":{"footnotes":""},"categories":[1],"tags":[],"class_list":["post-8057","post","type-post","status-publish","format-standard","has-post-thumbnail","hentry","category-wpisy","clearfix"],"_links":{"self":[{"href":"https:\/\/www.labunie.com.pl\/index.php?rest_route=\/wp\/v2\/posts\/8057","targetHints":{"allow":["GET"]}}],"collection":[{"href":"https:\/\/www.labunie.com.pl\/index.php?rest_route=\/wp\/v2\/posts"}],"about":[{"href":"https:\/\/www.labunie.com.pl\/index.php?rest_route=\/wp\/v2\/types\/post"}],"author":[{"embeddable":true,"href":"https:\/\/www.labunie.com.pl\/index.php?rest_route=\/wp\/v2\/users\/7"}],"replies":[{"embeddable":true,"href":"https:\/\/www.labunie.com.pl\/index.php?rest_route=%2Fwp%2Fv2%2Fcomments&post=8057"}],"version-history":[{"count":5,"href":"https:\/\/www.labunie.com.pl\/index.php?rest_route=\/wp\/v2\/posts\/8057\/revisions"}],"predecessor-version":[{"id":8071,"href":"https:\/\/www.labunie.com.pl\/index.php?rest_route=\/wp\/v2\/posts\/8057\/revisions\/8071"}],"wp:featuredmedia":[{"embeddable":true,"href":"https:\/\/www.labunie.com.pl\/index.php?rest_route=\/wp\/v2\/media\/8058"}],"wp:attachment":[{"href":"https:\/\/www.labunie.com.pl\/index.php?rest_route=%2Fwp%2Fv2%2Fmedia&parent=8057"}],"wp:term":[{"taxonomy":"category","embeddable":true,"href":"https:\/\/www.labunie.com.pl\/index.php?rest_route=%2Fwp%2Fv2%2Fcategories&post=8057"},{"taxonomy":"post_tag","embeddable":true,"href":"https:\/\/www.labunie.com.pl\/index.php?rest_route=%2Fwp%2Fv2%2Ftags&post=8057"}],"curies":[{"name":"wp","href":"https:\/\/api.w.org\/{rel}","templated":true}]}}