{"id":8018,"date":"2018-03-21T08:48:13","date_gmt":"2018-03-21T07:48:13","guid":{"rendered":"https:\/\/www.labunie.com.pl\/?p=8018"},"modified":"2018-03-21T15:59:44","modified_gmt":"2018-03-21T14:59:44","slug":"wiosenna-akcja-szczepien-lisow-przeciwko-wsciekliznie","status":"publish","type":"post","link":"https:\/\/www.labunie.com.pl\/?p=8018","title":{"rendered":"Wiosenna akcja szczepie\u0144 lis\u00f3w przeciwko w\u015bciekli\u017anie"},"content":{"rendered":"<p><strong>W zwi\u0105zku z prognozowanymi niekorzystnymi warunkami atmosferycznymi, Lubelski Wojew\u00f3dzki Lekarz Weterynarii informuje, \u017ce przesuni\u0119ciu uleg\u0142 termin rozpocz\u0119cia wiosennej akcji szczepienia przeciwko w\u015bciekli\u017anie wolno \u017cyj\u0105cych lis\u00f3w. Nowy termin rozpocz\u0119cia szczepienia wyznaczono na 7 kwietnia; pozosta\u0142e ustalenia pozostaj\u0105 bez zmian.<\/strong><\/p>\n<p><!--more--><br \/>\n&nbsp;<\/p>\n<p style=\"text-align: center;\"><span style=\"text-decoration: underline;\"><strong>Komunikat Lubelskiego Wojew\u00f3dzkiego Lekarza Weterynarii<\/strong><\/span><\/p>\n<p>&nbsp;<br \/>\n<strong>Na podstawie \u00a710 pkt 1 rozporz\u0105dzenia Ministra Rolnictwa i Rozwoju Wsi z dnia 31 grudnia 2013 r. <em>w sprawie przeprowadzania ochronnych szczepie\u0144 lis\u00f3w wolno \u017cyj\u0105cych przeciwko w\u015bciekli\u017anie<\/em> (Dz. U. z 2013 r. poz. 1737) informuj\u0119, \u017ce na terenie wojew\u00f3dztwa lubelskiego zostanie przeprowadzone ochronne szczepienie lis\u00f3w wolno \u017cyj\u0105cych przeciwko w\u015bciekli\u017anie.<\/strong><br \/>\n&nbsp;<\/p>\n<ul>\n<li>Szczepionka b\u0119dzie zrzucana z samolotu w ilo\u015bci 20-30 dawek na 1 km kw.<\/li>\n<li>Zrzuty obejm\u0105 kompleksy le\u015bne, pola, \u0142\u0105ki z pomini\u0119ciem teren\u00f3w zabudowanych.<\/li>\n<li>Dawk\u0119 szczepionki stanowi blister aluminiowo-plastykowy wielko\u015bci oko\u0142o 3 cm, zawieraj\u0105cy szczepionk\u0119 zatopion\u0105 w przyn\u0119cie o intensywnym zapachu.<\/li>\n<li><strong>Nie wolno dotyka\u0107 szczepionki!!!<\/strong><\/li>\n<li>Je\u015bli szczepionka dostanie si\u0119 do ust, oczu, nosa lub skaleczenia sk\u00f3ry nale\u017cy niezw\u0142ocznie skontaktowa\u0107 si\u0119 z lekarzem.<\/li>\n<li>R\u0119ce lub inne nie zakryte cz\u0119\u015bci cia\u0142a, kt\u00f3re mia\u0142y kontakt ze szczepionk\u0105, nale\u017cy natychmiast dok\u0142adnie umy\u0107 wod\u0105 z myd\u0142em.<\/li>\n<li>Ka\u017cdy kontakt zwierz\u0105t domowych ze szczepionk\u0105 nale\u017cy zg\u0142osi\u0107 lekarzowi weterynarii.<\/li>\n<li>Przez dwa tygodnie po wy\u0142o\u017ceniu szczepionki nie nale\u017cy puszcza\u0107 wolno ps\u00f3w i kot\u00f3w, aby nie dosta\u0142y si\u0119 do miejsc, gdzie wy\u0142o\u017cono szczepionk\u0119.<\/li>\n<\/ul>\n<p>&nbsp;<\/p>\n<p style=\"text-align: right;\"><em><span style=\"font-size: 8pt;\">Lubelski Wojew\u00f3dzki Lekarz Weterynarii<\/span><\/em><br \/>\n<em><span style=\"font-size: 8pt;\"> (-) Pawe\u0142 Piotrowski<br \/>\n<\/span><\/em><\/p>\n","protected":false},"excerpt":{"rendered":"<p>W zwi\u0105zku z prognozowanymi niekorzystnymi warunkami atmosferycznymi, Lubelski Wojew\u00f3dzki Lekarz Weterynarii informuje, \u017ce przesuni\u0119ciu uleg\u0142 termin rozpocz\u0119cia wiosennej akcji szczepienia przeciwko w\u015bciekli\u017anie wolno \u017cyj\u0105cych lis\u00f3w. Nowy termin rozpocz\u0119cia szczepienia wyznaczono na 7 kwietnia; pozosta\u0142e ustalenia pozostaj\u0105 bez zmian.<\/p>\n","protected":false},"author":7,"featured_media":1149,"comment_status":"closed","ping_status":"closed","sticky":false,"template":"","format":"standard","meta":{"footnotes":""},"categories":[1],"tags":[],"class_list":["post-8018","post","type-post","status-publish","format-standard","has-post-thumbnail","hentry","category-wpisy","clearfix"],"_links":{"self":[{"href":"https:\/\/www.labunie.com.pl\/index.php?rest_route=\/wp\/v2\/posts\/8018","targetHints":{"allow":["GET"]}}],"collection":[{"href":"https:\/\/www.labunie.com.pl\/index.php?rest_route=\/wp\/v2\/posts"}],"about":[{"href":"https:\/\/www.labunie.com.pl\/index.php?rest_route=\/wp\/v2\/types\/post"}],"author":[{"embeddable":true,"href":"https:\/\/www.labunie.com.pl\/index.php?rest_route=\/wp\/v2\/users\/7"}],"replies":[{"embeddable":true,"href":"https:\/\/www.labunie.com.pl\/index.php?rest_route=%2Fwp%2Fv2%2Fcomments&post=8018"}],"version-history":[{"count":5,"href":"https:\/\/www.labunie.com.pl\/index.php?rest_route=\/wp\/v2\/posts\/8018\/revisions"}],"predecessor-version":[{"id":8076,"href":"https:\/\/www.labunie.com.pl\/index.php?rest_route=\/wp\/v2\/posts\/8018\/revisions\/8076"}],"wp:featuredmedia":[{"embeddable":true,"href":"https:\/\/www.labunie.com.pl\/index.php?rest_route=\/wp\/v2\/media\/1149"}],"wp:attachment":[{"href":"https:\/\/www.labunie.com.pl\/index.php?rest_route=%2Fwp%2Fv2%2Fmedia&parent=8018"}],"wp:term":[{"taxonomy":"category","embeddable":true,"href":"https:\/\/www.labunie.com.pl\/index.php?rest_route=%2Fwp%2Fv2%2Fcategories&post=8018"},{"taxonomy":"post_tag","embeddable":true,"href":"https:\/\/www.labunie.com.pl\/index.php?rest_route=%2Fwp%2Fv2%2Ftags&post=8018"}],"curies":[{"name":"wp","href":"https:\/\/api.w.org\/{rel}","templated":true}]}}