{"id":7932,"date":"2018-03-02T18:21:30","date_gmt":"2018-03-02T17:21:30","guid":{"rendered":"https:\/\/www.labunie.com.pl\/?p=7932"},"modified":"2018-03-02T18:26:14","modified_gmt":"2018-03-02T17:26:14","slug":"spokrewnieni-sluzba-ogolnopolska-akcja-honorowego-oddawania-krwi","status":"publish","type":"post","link":"https:\/\/www.labunie.com.pl\/?p=7932","title":{"rendered":"\u201espoKREWnieni s\u0142u\u017cb\u0105\u201d &#8211; og\u00f3lnopolska akcja honorowego oddawania krwi"},"content":{"rendered":"<p><strong>Wojewoda Lubelski Przemys\u0142aw Czarnek zaprasza wszystkich mieszka\u0144c\u00f3w wojew\u00f3dztwa lubelskiego do aktywnego udzia\u0142u w og\u00f3lnopolskiej akcji zbi\u00f3rki krwi pod has\u0142em \u201espoKREWnieni s\u0142u\u017cb\u0105\u201d.<\/strong><br \/>\n<strong>Akcja zwi\u0105zana jest z dniem 1 marca, w kt\u00f3rym obchodzimy Narodowy Dzie\u0144 Pami\u0119ci \u017bo\u0142nierzy Wykl\u0119tych. \u015awi\u0119to to zosta\u0142o ustanowione na cze\u015b\u0107 \u017co\u0142nierzy zbrojnego podziemia antykomunistycznego, kt\u00f3rzy przelali krew w obronie niepodleg\u0142o\u015bci Polski.<\/strong><\/p>\n<p><!--more--><br \/>\nZ okazji tych obchod\u00f3w pracownicy administracji pa\u0144stwowej, s\u0142u\u017cb, inspekcji i stra\u017cy chc\u0105 z\u0142o\u017cy\u0107 im ho\u0142d oddaj\u0105c krew potrzebuj\u0105cym: chorym i ofiarom wypadk\u00f3w. Krew jest bezcennym darem w czasie pokoju, r\u00f3wnie bezcennym jak ofiarna walka \u017bo\u0142nierzy Wykl\u0119tych o niepodleg\u0142o\u015b\u0107.<br \/>\n&nbsp;<br \/>\nDo akcji trwaj\u0105cej na terenie wojew\u00f3dztwa lubelskiego w dn. 1-31 marca 2018 roku mo\u017ce przy\u0142\u0105czy\u0107 si\u0119 ka\u017cdy z nas. Krew mo\u017cna odda\u0107 w siedzibie g\u0142\u00f3wnej oraz we wszystkich oddzia\u0142ach terenowych Regionalnego Centrum Krwiodawstwa i Krwiolecznictwa w Lublinie, a tak\u017ce podczas terenowych akcji poboru krwi organizowanych przez Centrum. Przy rejestracji trzeba poda\u0107 has\u0142o: \u201espoKREWnieni s\u0142u\u017cb\u0105\u201d.<br \/>\n&nbsp;<br \/>\nG\u0142\u00f3wna zbi\u00f3rka krwi odb\u0119dzie si\u0119 we wtorek, 20 marca 2018 roku w godzinach 8.30-14.00, w Sali Kolumnowej Lubelskiego Urz\u0119du Wojew\u00f3dzkiego w Lublinie (ul. Spokojna 4).<br \/>\n&nbsp;<br \/>\nUdzia\u0142 w zbi\u00f3rce krwi mo\u017ce wzi\u0105\u0107 ka\u017cdy pe\u0142noletni mieszkaniec naszego wojew\u00f3dztwa. Wszystkich ch\u0119tnych wraz z dokumentem to\u017csamo\u015bci zapraszamy do honorowego oddawania krwi w siedzibie Urz\u0119du.<br \/>\n&nbsp;<br \/>\nTakie wsp\u00f3lne dzia\u0142ania maj\u0105 da\u0107 poczucie wzajemnego wsparcia oraz integracji urz\u0119dnik\u00f3w oraz s\u0142u\u017cb wok\u00f3\u0142 idei honorowego krwiodawstwa. Pami\u0119tajmy o tym, \u017ce nasza krew jest bezcennym, cz\u0119sto jedynym ratuj\u0105cym zdrowie i \u017cycie, darem!<br \/>\n&nbsp;<br \/>\nPatronat nad og\u00f3lnopolsk\u0105 akcj\u0105 honorowego oddawania krwi \u201espoKREWnieni s\u0142u\u017cb\u0105\u201d obj\u0105\u0142 Minister Spraw Wewn\u0119trznych i Administracji oraz Minister Obrony Narodowej.<br \/>\n&nbsp;<br \/>\nPartnerem akcji jest Regionalne Centrum Krwiodawstwa i Krwiolecznictwa w Lublinie.<br \/>\n&nbsp;<br \/>\n<strong>Do\u0142\u0105cz do Honorowego Oddawania Krwi. Podaj has\u0142o \u201espoKREWnieni s\u0142u\u017cb\u0105\u201d.<\/strong><br \/>\n&nbsp;<br \/>\n<img loading=\"lazy\" decoding=\"async\" class=\"wp-image-7935 aligncenter\" src=\"https:\/\/www.labunie.com.pl\/wp-content\/uploads\/2018\/03\/spokrewnieni-net-728x1024.jpg\" alt=\"\" width=\"630\" height=\"886\" srcset=\"https:\/\/www.labunie.com.pl\/wp-content\/uploads\/2018\/03\/spokrewnieni-net-728x1024.jpg 728w, https:\/\/www.labunie.com.pl\/wp-content\/uploads\/2018\/03\/spokrewnieni-net-213x300.jpg 213w, https:\/\/www.labunie.com.pl\/wp-content\/uploads\/2018\/03\/spokrewnieni-net-768x1080.jpg 768w, https:\/\/www.labunie.com.pl\/wp-content\/uploads\/2018\/03\/spokrewnieni-net.jpg 1067w\" sizes=\"auto, (max-width: 630px) 100vw, 630px\" \/><br \/>\n&nbsp;<\/p>\n<table>\n<tbody>\n<tr>\n<td style=\"text-align: center;\" colspan=\"2\">\n<h3><strong>PRZYDATNE INFORMACJE<\/strong><\/h3>\n<\/td>\n<\/tr>\n<tr>\n<td><img loading=\"lazy\" decoding=\"async\" class=\"alignright size-full wp-image-4959\" src=\"https:\/\/www.labunie.com.pl\/wp-content\/uploads\/2017\/01\/www_i.png\" alt=\"\" width=\"50\" height=\"50\" \/><\/td>\n<td><a href=\"http:\/\/www.rckik.lublin.pl\/oddzia%C5%82y-terenowe.html\">Oddzia\u0142y terenowe RCKiK w Lublinie<\/a><\/td>\n<\/tr>\n<tr>\n<td><img loading=\"lazy\" decoding=\"async\" class=\"alignright size-full wp-image-4959\" src=\"https:\/\/www.labunie.com.pl\/wp-content\/uploads\/2017\/01\/www_i.png\" alt=\"\" width=\"50\" height=\"50\" \/><\/td>\n<td><a href=\"http:\/\/www.rckik.lublin.pl\/terenowe-akcje-poboru-krwi\/\">Terenowe akcje poboru krwi<\/a><\/td>\n<\/tr>\n<tr>\n<td><img loading=\"lazy\" decoding=\"async\" class=\"alignright size-full wp-image-4959\" src=\"https:\/\/www.labunie.com.pl\/wp-content\/uploads\/2017\/01\/www_i.png\" alt=\"\" width=\"50\" height=\"50\" \/><\/td>\n<td><a href=\"http:\/\/rckik.lublin.pl\/kto-moze-zostac-krwiodawca.html\">Informacje dla krwiodawc\u00f3w<\/a><\/td>\n<\/tr>\n<tr>\n<td><img loading=\"lazy\" decoding=\"async\" class=\"alignright size-full wp-image-4959\" src=\"https:\/\/www.labunie.com.pl\/wp-content\/uploads\/2017\/01\/www_i.png\" alt=\"\" width=\"50\" height=\"50\" \/><\/td>\n<td><a href=\"http:\/\/www.rckik.lublin.pl\/jak-si%C4%99-przygotowa%C4%87-do-oddania-krwi.html\">Jak przygotowa\u0107 si\u0119 do oddania krwi<\/a><\/td>\n<\/tr>\n<\/tbody>\n<\/table>\n<p>&nbsp;<\/p>\n","protected":false},"excerpt":{"rendered":"<p>Wojewoda Lubelski Przemys\u0142aw Czarnek zaprasza wszystkich mieszka\u0144c\u00f3w wojew\u00f3dztwa lubelskiego do aktywnego udzia\u0142u w og\u00f3lnopolskiej akcji zbi\u00f3rki krwi pod has\u0142em \u201espoKREWnieni s\u0142u\u017cb\u0105\u201d. Akcja zwi\u0105zana jest z dniem 1 marca, w kt\u00f3rym obchodzimy Narodowy Dzie\u0144 Pami\u0119ci \u017bo\u0142nierzy Wykl\u0119tych. \u015awi\u0119to to zosta\u0142o ustanowione na cze\u015b\u0107 \u017co\u0142nierzy zbrojnego podziemia antykomunistycznego, kt\u00f3rzy przelali krew w obronie niepodleg\u0142o\u015bci Polski.<\/p>\n","protected":false},"author":7,"featured_media":7933,"comment_status":"closed","ping_status":"closed","sticky":false,"template":"","format":"standard","meta":{"footnotes":""},"categories":[1],"tags":[],"class_list":["post-7932","post","type-post","status-publish","format-standard","has-post-thumbnail","hentry","category-wpisy","clearfix"],"_links":{"self":[{"href":"https:\/\/www.labunie.com.pl\/index.php?rest_route=\/wp\/v2\/posts\/7932","targetHints":{"allow":["GET"]}}],"collection":[{"href":"https:\/\/www.labunie.com.pl\/index.php?rest_route=\/wp\/v2\/posts"}],"about":[{"href":"https:\/\/www.labunie.com.pl\/index.php?rest_route=\/wp\/v2\/types\/post"}],"author":[{"embeddable":true,"href":"https:\/\/www.labunie.com.pl\/index.php?rest_route=\/wp\/v2\/users\/7"}],"replies":[{"embeddable":true,"href":"https:\/\/www.labunie.com.pl\/index.php?rest_route=%2Fwp%2Fv2%2Fcomments&post=7932"}],"version-history":[{"count":3,"href":"https:\/\/www.labunie.com.pl\/index.php?rest_route=\/wp\/v2\/posts\/7932\/revisions"}],"predecessor-version":[{"id":7938,"href":"https:\/\/www.labunie.com.pl\/index.php?rest_route=\/wp\/v2\/posts\/7932\/revisions\/7938"}],"wp:featuredmedia":[{"embeddable":true,"href":"https:\/\/www.labunie.com.pl\/index.php?rest_route=\/wp\/v2\/media\/7933"}],"wp:attachment":[{"href":"https:\/\/www.labunie.com.pl\/index.php?rest_route=%2Fwp%2Fv2%2Fmedia&parent=7932"}],"wp:term":[{"taxonomy":"category","embeddable":true,"href":"https:\/\/www.labunie.com.pl\/index.php?rest_route=%2Fwp%2Fv2%2Fcategories&post=7932"},{"taxonomy":"post_tag","embeddable":true,"href":"https:\/\/www.labunie.com.pl\/index.php?rest_route=%2Fwp%2Fv2%2Ftags&post=7932"}],"curies":[{"name":"wp","href":"https:\/\/api.w.org\/{rel}","templated":true}]}}