{"id":7867,"date":"2018-02-22T09:16:24","date_gmt":"2018-02-22T08:16:24","guid":{"rendered":"https:\/\/www.labunie.com.pl\/?p=7867"},"modified":"2018-02-22T09:16:24","modified_gmt":"2018-02-22T08:16:24","slug":"targi-pracy-w-lublinie-juz-16-marca","status":"publish","type":"post","link":"https:\/\/www.labunie.com.pl\/?p=7867","title":{"rendered":"Targi Pracy w Lublinie ju\u017c 16 marca!"},"content":{"rendered":"<p><strong>Szukasz pracy? Potrzebujesz dodatkowego \u017ar\u00f3d\u0142a dochodu? A mo\u017ce <\/strong><strong>poszukujesz zmian w swoim zawodowym \u017cyciu?\u00a0<\/strong><strong>Z pomoc\u0105 przychodz\u0105 Targi Pracy! Dost\u0119p do kilkuset ofert pracy z Polski i z zagranicy, obecno\u015b\u0107 kilkudziesi\u0119ciu pracodawc\u00f3w z r\u00f3\u017cnych bran\u017c, mo\u017cliwo\u015b\u0107 bezpo\u015bredniej rozmowy z rekruterami \u2013 to wszystko w jednym miejscu ju\u017c 16 marca 2018 roku w Targach Lublin (ul. Dworcowa 11).<\/strong><\/p>\n<p><!--more--><br \/>\n&nbsp;<br \/>\nTargi Pracy, organizowane przez Targi Lublin i Wojew\u00f3dzki Urz\u0105d Pracy, umo\u017cliwiaj\u0105 bezpo\u015brednie spotkanie firm rekrutacyjnych z osobami poszukuj\u0105cymi pracy. W jednym miejscu i czasie mo\u017cna przejrze\u0107 wiele r\u00f3\u017cnych ofert. To r\u00f3wnie\u017c doskona\u0142a okazja, aby pozna\u0107 zar\u00f3wno wymagania stawiane potencjalnym pracownikom, jak i warunki zatrudnienia oferowane przez pracodawc\u00f3w.<br \/>\n&nbsp;<br \/>\n&#8211; <em>Oferty pracy s\u0105 bardzo zr\u00f3\u017cnicowane. Zapraszamy wszystkich zainteresowanych prac\u0105 m.in. w bran\u017cy finansowej, logistycznej, produkcyjnej, hotelarskiej, technicznej, w gastronomii, przy obs\u0142udze klienta, w biurach call center, czy w sieciach handlowych <\/em>\u2013 m\u00f3wi Kateryna Pidgaietska, kierownik projektu.<br \/>\n&nbsp;<br \/>\nPodczas Targ\u00f3w Pracy pracownik\u00f3w b\u0119d\u0105 poszukiwa\u0142y m.in. takie firmy, jak: Poczta Polska, \u017babka, MPK Lublin, Pol-Skone czy Colian \u2013 wiod\u0105cy polski producent s\u0142odyczy.<br \/>\n&nbsp;<br \/>\n<strong>A mo\u017ce praca za granic\u0105?<\/strong><br \/>\n&nbsp;<br \/>\nOpr\u00f3cz ofert z naszego rodzimego rynku pracy, na targach pojawi\u0105 si\u0119 tak\u017ce po\u015brednicy, agencje zatrudnienia i agencje pracy tymczasowej oferuj\u0105ce prac\u0119 m.in. w Niemczech, Norwegii, Belgii i Holandii. Poszukiwani b\u0119d\u0105 zar\u00f3wno in\u017cynierowie, hydraulicy, elektrycy, kontrolerzy jako\u015bci, team leaderzy, specjali\u015bci ds. obs\u0142ugi klienta, jak i kierowcy, kucharze, operatorzy w\u00f3zk\u00f3w wid\u0142owych, czy opiekunowie os\u00f3b starszych. Pojawi\u0105 si\u0119 tak\u017ce oferty wakacyjnych wyjazd\u00f3w zarobkowych dla uczni\u00f3w i student\u00f3w.<br \/>\n&nbsp;<br \/>\nOsoby planuj\u0105ce podj\u0119cie pracy w innym kraju zapraszamy na <strong>wyk\u0142ad \u201eBezpieczne wyjazdy za granic\u0119\u201d (godz. 11:30)<\/strong>, podczas kt\u00f3rego specjali\u015bci z Wojew\u00f3dzkiego Urz\u0119du Pracy podziel\u0105 si\u0119 praktycznymi radami, kt\u00f3re pomog\u0105 unikn\u0105\u0107 ewentualnych b\u0142\u0119d\u00f3w, rozczarowa\u0144, czy wr\u0119cz k\u0142opot\u00f3w zwi\u0105zanych z zagranicznym wyjazdem.<br \/>\n&nbsp;<br \/>\n<strong>Czas na zmiany!<\/strong><br \/>\n&nbsp;<br \/>\nDla os\u00f3b, kt\u00f3re szukaj\u0105 zmian, chc\u0105 si\u0119 wyzwoli\u0107 z ograniczaj\u0105cych schemat\u00f3w my\u015blenia<br \/>\ni zobaczy\u0107 swoj\u0105 zawodow\u0105 przysz\u0142o\u015b\u0107 z zupe\u0142nie innej perspektywy WUP przygotowa\u0142 <strong>wyk\u0142ad \u201eSfera Kariery\u201d (godz. 12:30).<\/strong><br \/>\n&nbsp;<br \/>\nNa targach b\u0119d\u0105 r\u00f3wnie\u017c obecni doradcy zawodowi, kt\u00f3rzy pomog\u0105 zaplanowa\u0107 dalsze etapy \u015bcie\u017cki kariery zawodowej czy przygotowa\u0107 dokumenty aplikacyjne.<br \/>\n&nbsp;<br \/>\n<strong>Targi Pracy w Lublinie. WST\u0118P BEZP\u0141ATNY!<\/strong><br \/>\n&nbsp;<br \/>\n<strong>16 marca (pi\u0105tek) 2018 r. w godz. 9:00-15:00 <\/strong><br \/>\n&nbsp;<br \/>\n<strong>Hala A Targ\u00f3w Lublin (ul. Dworcowa 11)<\/strong>.<br \/>\n&nbsp;<br \/>\nSzczeg\u00f3\u0142y: <a href=\"http:\/\/www.praca.targi.lublin.pl\">www.praca.targi.lublin.pl<\/a><br \/>\n&nbsp;<br \/>\nDo\u0142\u0105cz do wydarzenia na FB: <a href=\"https:\/\/www.facebook.com\/events\/195347627872302\/\">https:\/\/www.facebook.com\/events\/195347627872302\/<\/a><br \/>\n&nbsp;<br \/>\n<img loading=\"lazy\" decoding=\"async\" class=\"size-full wp-image-7869 aligncenter\" src=\"https:\/\/www.labunie.com.pl\/wp-content\/uploads\/2018\/02\/praca18_plakat.jpg\" alt=\"\" width=\"630\" height=\"897\" srcset=\"https:\/\/www.labunie.com.pl\/wp-content\/uploads\/2018\/02\/praca18_plakat.jpg 630w, https:\/\/www.labunie.com.pl\/wp-content\/uploads\/2018\/02\/praca18_plakat-211x300.jpg 211w\" sizes=\"auto, (max-width: 630px) 100vw, 630px\" \/><\/p>\n","protected":false},"excerpt":{"rendered":"<p>Szukasz pracy? Potrzebujesz dodatkowego \u017ar\u00f3d\u0142a dochodu? A mo\u017ce poszukujesz zmian w swoim zawodowym \u017cyciu?\u00a0Z pomoc\u0105 przychodz\u0105 Targi Pracy! Dost\u0119p do kilkuset ofert pracy z Polski i z zagranicy, obecno\u015b\u0107 kilkudziesi\u0119ciu pracodawc\u00f3w z r\u00f3\u017cnych bran\u017c, mo\u017cliwo\u015b\u0107 bezpo\u015bredniej rozmowy z rekruterami \u2013 to wszystko w jednym miejscu ju\u017c 16 marca 2018 roku w Targach Lublin (ul. Dworcowa [&hellip;]<\/p>\n","protected":false},"author":7,"featured_media":7868,"comment_status":"closed","ping_status":"closed","sticky":false,"template":"","format":"standard","meta":{"footnotes":""},"categories":[1],"tags":[],"class_list":["post-7867","post","type-post","status-publish","format-standard","has-post-thumbnail","hentry","category-wpisy","clearfix"],"_links":{"self":[{"href":"https:\/\/www.labunie.com.pl\/index.php?rest_route=\/wp\/v2\/posts\/7867","targetHints":{"allow":["GET"]}}],"collection":[{"href":"https:\/\/www.labunie.com.pl\/index.php?rest_route=\/wp\/v2\/posts"}],"about":[{"href":"https:\/\/www.labunie.com.pl\/index.php?rest_route=\/wp\/v2\/types\/post"}],"author":[{"embeddable":true,"href":"https:\/\/www.labunie.com.pl\/index.php?rest_route=\/wp\/v2\/users\/7"}],"replies":[{"embeddable":true,"href":"https:\/\/www.labunie.com.pl\/index.php?rest_route=%2Fwp%2Fv2%2Fcomments&post=7867"}],"version-history":[{"count":1,"href":"https:\/\/www.labunie.com.pl\/index.php?rest_route=\/wp\/v2\/posts\/7867\/revisions"}],"predecessor-version":[{"id":7870,"href":"https:\/\/www.labunie.com.pl\/index.php?rest_route=\/wp\/v2\/posts\/7867\/revisions\/7870"}],"wp:featuredmedia":[{"embeddable":true,"href":"https:\/\/www.labunie.com.pl\/index.php?rest_route=\/wp\/v2\/media\/7868"}],"wp:attachment":[{"href":"https:\/\/www.labunie.com.pl\/index.php?rest_route=%2Fwp%2Fv2%2Fmedia&parent=7867"}],"wp:term":[{"taxonomy":"category","embeddable":true,"href":"https:\/\/www.labunie.com.pl\/index.php?rest_route=%2Fwp%2Fv2%2Fcategories&post=7867"},{"taxonomy":"post_tag","embeddable":true,"href":"https:\/\/www.labunie.com.pl\/index.php?rest_route=%2Fwp%2Fv2%2Ftags&post=7867"}],"curies":[{"name":"wp","href":"https:\/\/api.w.org\/{rel}","templated":true}]}}