{"id":7819,"date":"2018-03-09T09:30:45","date_gmt":"2018-03-09T08:30:45","guid":{"rendered":"https:\/\/www.labunie.com.pl\/?p=7819"},"modified":"2018-03-09T12:42:09","modified_gmt":"2018-03-09T11:42:09","slug":"xi-gminny-konkurs-interdyscyplinarny-pod-patronatem-wojta-gminy-labunie-i-proboszcza-parafii-labunie","status":"publish","type":"post","link":"https:\/\/www.labunie.com.pl\/?p=7819","title":{"rendered":"&#8220;W Roku&#8230;&#8221; &#8211; gminny konkurs interdyscyplinarny"},"content":{"rendered":"<p><strong>Referat Promocji i Rozwoju Gminy \u0141abunie i Biblioteka Publiczna Gminy \u0141abunie og\u0142aszaj\u0105 w roku Zbigniewa Herberta i Ireny Sendlerowej XI Konkurs dla Mieszka\u0144c\u00f3w Gminy \u0141abunie w kategorii literackiej, plastycznej i fotograficznej &#8211; ANIO\u0141OWO. Patronat nad interdyscyplinarnym konkursem obj\u0119li W\u00f3jt Gminy \u0141abunie i Proboszcz Parafii \u0141abunie.<\/strong><\/p>\n<p><!--more--><br \/>\n&nbsp;<\/p>\n<p style=\"text-align: right;\"><span style=\"font-size: 12pt;\"><strong><em><span style=\"color: #000080; font-family: book antiqua,palatino,serif;\">&#8230; B\u00f3g zsy\u0142a nam Anio\u0142y<\/span><\/em><\/strong><\/span><br \/>\n<span style=\"font-size: 12pt;\"> <strong><em><span style=\"color: #000080; font-family: book antiqua,palatino,serif;\"> Cho\u0107 nigdy nie wiemy pod jak\u0105 postaci\u0105<\/span><\/em><\/strong><\/span><br \/>\n<span style=\"font-size: 12pt;\"> <strong><em><span style=\"color: #000080; font-family: book antiqua,palatino,serif;\"> Codziennie przygl\u0105damy si\u0119 ludziom, widzimy i dostrzegamy Anio\u0142y w\u00a0oczach matki, <\/span><\/em><\/strong><\/span><br \/>\n<span style=\"font-size: 12pt;\"> <strong><em><span style=\"color: #000080; font-family: book antiqua,palatino,serif;\"> u\u015bmiechu ojca, u\u015bcisku d\u0142oni przyjaciela, <\/span><\/em><\/strong><\/span><br \/>\n<span style=\"font-size: 12pt;\"> <strong><em><span style=\"color: #000080; font-family: book antiqua,palatino,serif;\"> a jednak tak cz\u0119sto zdarza nam si\u0119 w\u0105tpi\u0107 w ludzi i w Anio\u0142y&#8230;<\/span><\/em><\/strong><\/span><\/p>\n<p>&nbsp;<br \/>\n<img loading=\"lazy\" decoding=\"async\" class=\"size-full wp-image-7828 aligncenter\" src=\"https:\/\/www.labunie.com.pl\/wp-content\/uploads\/2018\/02\/aniolowo_list.png\" alt=\"\" width=\"630\" height=\"912\" srcset=\"https:\/\/www.labunie.com.pl\/wp-content\/uploads\/2018\/02\/aniolowo_list.png 630w, https:\/\/www.labunie.com.pl\/wp-content\/uploads\/2018\/02\/aniolowo_list-207x300.png 207w\" sizes=\"auto, (max-width: 630px) 100vw, 630px\" \/><br \/>\n&nbsp;<\/p>\n<p style=\"text-align: center;\"><strong><u>Regulamin Konkursu Literackiego<\/u><\/strong><\/p>\n<p>Konkurs skierowany do mieszka\u0144c\u00f3w gminy \u0141abunie (bez wzgl\u0119du na wiek). Uczestnicy konkursu prezentuj\u0105 &#8211; w formie wydruku komputerowego i elektronicznie na adres <em>a.piela@labunie.com.pl<\/em> (czcionka Times New Roman, rozmiar 12, odst\u0119py 1,5) &#8211; wiersz lub proz\u0119 zgodne z tematem konkursu. (max. 3 strony A4). Podpisane god\u0142em. W osobnym pliku nale\u017cy umie\u015bci\u0107 rozwi\u0105zanie god\u0142a i swoje dane osobowe:<strong> imi\u0119 i nazwisko autora, wiek. <\/strong><br \/>\n&nbsp;<br \/>\nUczestnicy powinni do\u0142\u0105czy\u0107<strong> <u>o\u015bwiadczenie o samodzielnym napisaniu utwor\u00f3w, zgod\u0119 na przetwarzanie danych osobowych, wykorzystanie wizerunku w celach zw. z promocj\u0105, organizacj\u0105 i przebiegiem konkursu<\/u> <\/strong>(za\u0142\u0105cznik nr 1 do Regulaminu; www.labunie.com.pl)<br \/>\n&nbsp;<br \/>\n<strong>\u00a0<\/strong><\/p>\n<p style=\"text-align: center;\"><strong><u>Regulamin Konkursu Plastycznego<\/u><\/strong><\/p>\n<p>Konkurs skierowany jest do przedszkolak\u00f3w, uczni\u00f3w i doros\u0142ych mieszka\u0144c\u00f3w gminy \u0141abunie. Uczestnicy wykonuj\u0105 zgodne z tematem konkursu prace plastyczne <u>dowolnymi technikami (haft, rze\u017aba, rysunek) w formacie minimum A3.<\/u><br \/>\n&nbsp;<br \/>\nPrace zbiorowe nie b\u0119d\u0105 oceniane. Na odwrocie pracy nale\u017cy poda\u0107: <strong>imi\u0119 i nazwisko<\/strong> <strong>autora, wiek. <\/strong><br \/>\n&nbsp;<br \/>\nUczestnicy powinni do\u0142\u0105czy\u0107 <strong><u>zgod\u0119 na przetwarzanie danych osobowych, wykorzystanie wizerunku w celach zw. z promocj\u0105, organizacj\u0105 i przebiegiem konkursu<\/u> <\/strong>(za\u0142\u0105cznik nr 1 do Regulaminu; www.labunie.com.pl)<br \/>\n&nbsp;<\/p>\n<p style=\"text-align: center;\"><strong><u>Regulamin Konkursu Fotograficznego<\/u><\/strong><\/p>\n<p>Konkurs skierowany jest do uczni\u00f3w klas VI, VII, gimnazjalnych i ponadgimnazjalnych oraz doros\u0142ych mieszka\u0144c\u00f3w gminy \u0141abunie. Uczestnicy prezentuj\u0105 elektronicznie do 3 zdj\u0119\u0107 zgodnie z tematem konkursu. Prace w formacie .jpg; .png lub .tiff o wymiarach minimum 1200&#215;1600 pikseli i max w plikach nie przekraczaj\u0105cych 3 MB nale\u017cy nadsy\u0142a\u0107 na adres a.piela@labunie.com.pl w formie za\u0142\u0105cznik\u00f3w do listu elektronicznego. W osobnym pliku nale\u017cy umie\u015bci\u0107 swoje dane osobowe: <strong>imi\u0119 i nazwisko<\/strong> <strong>autora, klas\u0119, szko\u0142\u0119 i wiek. <\/strong><br \/>\n&nbsp;<br \/>\nUczestnicy powinni do\u0142\u0105czy\u0107 <strong><u>zgod\u0119 na przetwarzanie danych osobowych, wykorzystanie wizerunku w celach zw. z promocj\u0105, organizacj\u0105 i przebiegiem konkursu<\/u> (<\/strong>za\u0142\u0105cznik nr 1 do Regulaminu; www.labunie.com.pl)<br \/>\n&nbsp;<br \/>\n<img loading=\"lazy\" decoding=\"async\" class=\"size-full wp-image-7831 aligncenter\" src=\"https:\/\/www.labunie.com.pl\/wp-content\/uploads\/2018\/02\/herbert-sendlerowa.gif\" alt=\"\" width=\"630\" height=\"309\" \/><br \/>\n&nbsp;<br \/>\nPoza konkursem, m.in.: anielskie kino, wystawy, warsztaty anielskie, anielski prze\u0142aj, parada anio\u0142\u00f3w i festiwal anielskich uczynk\u00f3w!<br \/>\n&nbsp;<\/p>\n<table>\n<tbody>\n<tr>\n<td><a href=\"https:\/\/www.labunie.com.pl\/wp-content\/uploads\/2018\/02\/anio\u0142owo.pdf\"><img loading=\"lazy\" decoding=\"async\" class=\"alignright size-full wp-image-1477\" src=\"https:\/\/www.labunie.com.pl\/wp-content\/uploads\/2015\/07\/pdf.png\" alt=\"\" width=\"50\" height=\"50\" \/><\/a><\/td>\n<td><a href=\"https:\/\/www.labunie.com.pl\/wp-content\/uploads\/2018\/02\/anio\u0142owo.pdf\"><em>Anio\u0142owo<\/em><\/a><\/td>\n<\/tr>\n<\/tbody>\n<\/table>\n<p>&nbsp;<\/p>\n<p style=\"text-align: center;\"><span style=\"font-size: 18pt; color: #000080;\"><em><span style=\"font-family: book antiqua,palatino,serif;\"><b>Serdecznie zapraszamy!!!<\/b><\/span><\/em><\/span><\/p>\n<p>&nbsp;<\/p>\n","protected":false},"excerpt":{"rendered":"<p>Referat Promocji i Rozwoju Gminy \u0141abunie i Biblioteka Publiczna Gminy \u0141abunie og\u0142aszaj\u0105 w roku Zbigniewa Herberta i Ireny Sendlerowej XI Konkurs dla Mieszka\u0144c\u00f3w Gminy \u0141abunie w kategorii literackiej, plastycznej i fotograficznej &#8211; ANIO\u0141OWO. Patronat nad interdyscyplinarnym konkursem obj\u0119li W\u00f3jt Gminy \u0141abunie i Proboszcz Parafii \u0141abunie.<\/p>\n","protected":false},"author":7,"featured_media":7834,"comment_status":"closed","ping_status":"closed","sticky":false,"template":"","format":"standard","meta":{"footnotes":""},"categories":[1],"tags":[],"class_list":["post-7819","post","type-post","status-publish","format-standard","has-post-thumbnail","hentry","category-wpisy","clearfix"],"_links":{"self":[{"href":"https:\/\/www.labunie.com.pl\/index.php?rest_route=\/wp\/v2\/posts\/7819","targetHints":{"allow":["GET"]}}],"collection":[{"href":"https:\/\/www.labunie.com.pl\/index.php?rest_route=\/wp\/v2\/posts"}],"about":[{"href":"https:\/\/www.labunie.com.pl\/index.php?rest_route=\/wp\/v2\/types\/post"}],"author":[{"embeddable":true,"href":"https:\/\/www.labunie.com.pl\/index.php?rest_route=\/wp\/v2\/users\/7"}],"replies":[{"embeddable":true,"href":"https:\/\/www.labunie.com.pl\/index.php?rest_route=%2Fwp%2Fv2%2Fcomments&post=7819"}],"version-history":[{"count":5,"href":"https:\/\/www.labunie.com.pl\/index.php?rest_route=\/wp\/v2\/posts\/7819\/revisions"}],"predecessor-version":[{"id":7966,"href":"https:\/\/www.labunie.com.pl\/index.php?rest_route=\/wp\/v2\/posts\/7819\/revisions\/7966"}],"wp:featuredmedia":[{"embeddable":true,"href":"https:\/\/www.labunie.com.pl\/index.php?rest_route=\/wp\/v2\/media\/7834"}],"wp:attachment":[{"href":"https:\/\/www.labunie.com.pl\/index.php?rest_route=%2Fwp%2Fv2%2Fmedia&parent=7819"}],"wp:term":[{"taxonomy":"category","embeddable":true,"href":"https:\/\/www.labunie.com.pl\/index.php?rest_route=%2Fwp%2Fv2%2Fcategories&post=7819"},{"taxonomy":"post_tag","embeddable":true,"href":"https:\/\/www.labunie.com.pl\/index.php?rest_route=%2Fwp%2Fv2%2Ftags&post=7819"}],"curies":[{"name":"wp","href":"https:\/\/api.w.org\/{rel}","templated":true}]}}