{"id":7804,"date":"2018-03-09T10:00:06","date_gmt":"2018-03-09T09:00:06","guid":{"rendered":"https:\/\/www.labunie.com.pl\/?p=7804"},"modified":"2018-03-09T12:38:48","modified_gmt":"2018-03-09T11:38:48","slug":"przed-wielkanoca-ix-edycja-konkursu","status":"publish","type":"post","link":"https:\/\/www.labunie.com.pl\/?p=7804","title":{"rendered":"\u201ePrzed Wielkanoc\u0105\u201d \u2013 IX edycja konkursu"},"content":{"rendered":"<p><strong>Referat Promocji i Rozwoju Gminy zaprasza Uczni\u00f3w szk\u00f3\u0142 podstawowych i Mieszka\u0144c\u00f3w do udzia\u0142u w IX Gminnym Konkursie Plastycznym PRZED WIELKANOC\u0104 pod patronatem W\u00f3jta Gminy \u0141abunie Antoniego Wojciecha Turczyna.<\/strong><\/p>\n<p><!--more--><br \/>\n&nbsp;<br \/>\n&nbsp;<br \/>\n&nbsp;<br \/>\n<span style=\"color: #004f00;\">\u00a0<\/span><br \/>\n<span style=\"color: #004f00;\"> <em>Przed nami wiosna i najwa\u017cniejsze w kalendarzu liturgicznym \u015bwi\u0119to \u2013 Wielkanoc.<\/em><\/span><br \/>\n<span style=\"color: #004f00;\"> <em>Nieod\u0142\u0105cznym symbolem tego okresu s\u0105 pisanki, do tradycji nale\u017cy te\u017c wysy\u0142anie kartek do bliskich i znajomych.<\/em><\/span><br \/>\n<span style=\"color: #004f00;\"> <em>Maj\u0105c na uwadze potrzeb\u0119 kultywowania tradycji po raz dziewi\u0105ty og\u0142aszamy konkurs plastyczny na najpi\u0119kniejsz\u0105 pisank\u0119 wielkanocn\u0105, stroik i kartk\u0119 \u015bwi\u0105teczn\u0105.<\/em><\/span><br \/>\n<span style=\"color: #004f00;\"> <em>Mamy nadziej\u0119, \u017ce konkurs spotka si\u0119 z wielkim zainteresowaniem i przyczyni si\u0119 do rozwoju m\u0142odych talent\u00f3w.<\/em><\/span><\/p>\n<p>&nbsp;<\/p>\n<p style=\"text-align: center;\"><strong>Adresaci Konkursu<\/strong><\/p>\n<p style=\"text-align: left;\">Konkurs jest skierowany do Uczni\u00f3w szk\u00f3\u0142 podstawowych i Mieszka\u0144c\u00f3w Gminy \u0141abunie.<br \/>\nNagrody i wyr\u00f3\u017cnienia przyznane zostan\u0105 w kategoriach:<\/p>\n<ul>\n<li>Kartka,<\/li>\n<li>Pisanka,<\/li>\n<li>Stroik<\/li>\n<\/ul>\n<p>&nbsp;<\/p>\n<p style=\"text-align: center;\"><strong>Regulamin<\/strong><\/p>\n<p>Uczestnicy wykonuj\u0105 zgodnie z tematem konkursu w dowolnej technice. Prace zbiorowe nie b\u0119d\u0105 oceniane. Prace nale\u017cy opisa\u0107 wed\u0142ug wzoru: imi\u0119 i nazwisko autora, klasa, nazwa szko\u0142y.<br \/>\nOrganizator powo\u0142a komisj\u0119, kt\u00f3ra oceni: samodzielno\u015b\u0107, pomys\u0142owo\u015b\u0107, estetyk\u0119 wykonania i zastosowane rozwi\u0105zania plastyczne. Komisja wy\u0142oni w ka\u017cdej kategorii zwyci\u0119zc\u00f3w. Dodatkowo przyzna wyr\u00f3\u017cnienia.<br \/>\n&nbsp;<br \/>\nPrace nale\u017cy dostarczy\u0107 do Urz\u0119du Gminy w \u0141abuniach, pok\u00f3j nr 10<strong><span style=\"text-decoration: underline;\"> do 20 marca 2018 roku<\/span><\/strong>. Laureaci konkursu zostan\u0105 poinformowani o wynikach konkursu<strong> 23 marca 2018 roku<\/strong>.<br \/>\n&nbsp;<br \/>\nOrganizator konkursu nie zwraca prac i zastrzega sobie prawo do ich publikowania.<br \/>\n&nbsp;<br \/>\nPodczas fina\u0142owej wystawy odb\u0119dzie si\u0119 kiermasz wszystkich prac zg\u0142oszonych do Konkursu. Zebrane fundusze zostan\u0105 przekazane Hospicjum dla Dzieci im. Ma\u0142ego Ksi\u0119cia w Lublinie.<br \/>\nWr\u0119czenie nagr\u00f3d: <strong>25 marca 2018 r. (niedziela), godz. 14.00<\/strong> w Domu Kultury w \u0141abuniach, ul. Parkowa 9.<br \/>\n&nbsp;<\/p>\n<p style=\"text-align: center;\"><em><strong>Serdecznie zapraszamy!!!<\/strong><\/em><\/p>\n<p>&nbsp;<br \/>\n&nbsp;<br \/>\n<embed src=\"https:\/\/www.labunie.com.pl\/wp-content\/uploads\/2018\/02\/IX-Przed-Wielkanoc\u0105-2018.pdf\" width=\"630\" height=\"450\"><\/embed><\/p>\n","protected":false},"excerpt":{"rendered":"<p>Referat Promocji i Rozwoju Gminy zaprasza Uczni\u00f3w szk\u00f3\u0142 podstawowych i Mieszka\u0144c\u00f3w do udzia\u0142u w IX Gminnym Konkursie Plastycznym PRZED WIELKANOC\u0104 pod patronatem W\u00f3jta Gminy \u0141abunie Antoniego Wojciecha Turczyna.<\/p>\n","protected":false},"author":7,"featured_media":7805,"comment_status":"closed","ping_status":"closed","sticky":false,"template":"","format":"standard","meta":{"footnotes":""},"categories":[1],"tags":[],"class_list":["post-7804","post","type-post","status-publish","format-standard","has-post-thumbnail","hentry","category-wpisy","clearfix"],"_links":{"self":[{"href":"https:\/\/www.labunie.com.pl\/index.php?rest_route=\/wp\/v2\/posts\/7804","targetHints":{"allow":["GET"]}}],"collection":[{"href":"https:\/\/www.labunie.com.pl\/index.php?rest_route=\/wp\/v2\/posts"}],"about":[{"href":"https:\/\/www.labunie.com.pl\/index.php?rest_route=\/wp\/v2\/types\/post"}],"author":[{"embeddable":true,"href":"https:\/\/www.labunie.com.pl\/index.php?rest_route=\/wp\/v2\/users\/7"}],"replies":[{"embeddable":true,"href":"https:\/\/www.labunie.com.pl\/index.php?rest_route=%2Fwp%2Fv2%2Fcomments&post=7804"}],"version-history":[{"count":5,"href":"https:\/\/www.labunie.com.pl\/index.php?rest_route=\/wp\/v2\/posts\/7804\/revisions"}],"predecessor-version":[{"id":7964,"href":"https:\/\/www.labunie.com.pl\/index.php?rest_route=\/wp\/v2\/posts\/7804\/revisions\/7964"}],"wp:featuredmedia":[{"embeddable":true,"href":"https:\/\/www.labunie.com.pl\/index.php?rest_route=\/wp\/v2\/media\/7805"}],"wp:attachment":[{"href":"https:\/\/www.labunie.com.pl\/index.php?rest_route=%2Fwp%2Fv2%2Fmedia&parent=7804"}],"wp:term":[{"taxonomy":"category","embeddable":true,"href":"https:\/\/www.labunie.com.pl\/index.php?rest_route=%2Fwp%2Fv2%2Fcategories&post=7804"},{"taxonomy":"post_tag","embeddable":true,"href":"https:\/\/www.labunie.com.pl\/index.php?rest_route=%2Fwp%2Fv2%2Ftags&post=7804"}],"curies":[{"name":"wp","href":"https:\/\/api.w.org\/{rel}","templated":true}]}}